{"id":343681,"date":"2025-08-25T20:58:12","date_gmt":"2025-08-25T20:58:12","guid":{"rendered":"https:\/\/www.europesays.com\/fr\/343681\/"},"modified":"2025-08-25T20:58:12","modified_gmt":"2025-08-25T20:58:12","slug":"pau-simpose-face-a-reims-et-se-place-en-tant-que-dauphin-de-saint-etienne-ligue-2-j3-pau-reims-2-0","status":"publish","type":"post","link":"https:\/\/www.europesays.com\/fr\/343681\/","title":{"rendered":"Pau s&rsquo;impose face \u00e0 Reims et se place en tant que dauphin de Saint-\u00c9tienne &#8211; Ligue 2 &#8211; J3 &#8211; Pau-Reims (2-0)"},"content":{"rendered":"<p>\t\t\t<img decoding=\"async\" loading=\"lazy\" class=\"blason blason-grand\" src=\"https:\/\/www.europesays.com\/fr\/wp-content\/uploads\/2025\/04\/1745712671_738_grande.jpg\"\/> Pau 2-0 Reims<img decoding=\"async\" loading=\"lazy\" class=\"blason blason-grand\" src=\"https:\/\/www.europesays.com\/fr\/wp-content\/uploads\/2025\/04\/1745798060_389_grande.jpg\"\/><\/p>\n<p>Buts : Ruiz (18e) et Sissoko (26e) pour les Palois\u00a0<\/p>\n<p>D\u00e9j\u00e0 du suspense au sommet de la Ligue 2 !<\/p>\n<p>\u00c0 la maison, Pau a confirm\u00e9 son tr\u00e8s bon d\u00e9but de saison, ce lundi soir, en ma\u00eetrisant une triste \u00e9quipe de Reims, priv\u00e9e de Teddy Teuma au dernier moment (2-0). Les locaux ont ouvert la marque sur corner, bien bott\u00e9 par Antonin Bobichon et merveilleusement coup\u00e9 au premier poteau par le d\u00e9fenseur central Jean Ruiz, qui a propuls\u00e9 son coup de casque au fond des filets <strong>(1-0, 18e)<\/strong>. Une \u00e9quipe paloise clinique, puisqu\u2019elle ne s\u2019\u00e9tait pas procur\u00e9e d\u2019occasions jusque-l\u00e0, et va m\u00eame cr\u00e9er le break rapidement : bien trop impr\u00e9cise sur une relance, la d\u00e9fense r\u00e9moise laisse Pau s\u2019ins\u00e9rer dans la surface, et Omar Sissoko range une tentative dans la cage d\u2019Ewen Jaouen <strong>(2-0, 26e)<\/strong>.<\/p>\n<p>Les gars de Nicolas Usa\u00ef auraient m\u00eame pu cr\u00e9er un \u00e9cart plus important sur une frappe de Rayan Touzghar, voire plus tard sur un lob de Giovani Versini. Avant de calmer le jeu dans une seconde p\u00e9riode plus \u00e0 l\u2019avantage des R\u00e9mois, qui n\u2019ont n\u00e9anmoins jamais pu revenir dans le match. Tr\u00e8s belle op\u00e9ration, donc, pour les Palois, qui comptabilisent sept points en trois matchs et rejoignent Saint-\u00c9tienne, Nancy et Troyes avec ce total, en se pla\u00e7ant \u00e0 la deuxi\u00e8me position, au goal average.<\/p>\n<p>Premier revers de la saison pour Reims, en revanche, qui d\u00e9marre la semaine onzi\u00e8me au classement.<\/p>\n<p>\u00a0<\/p>\n<p>\t\t\t\t\t\t\t\t\t\t<a class=\"lien-connexe\" href=\"https:\/\/www.sofoot.com\/breves\/carlo-ancelotti-acte-le-retour-de-lucas-paqueta-en-selection-bresilienne\" rel=\"nofollow noopener\" target=\"_blank\">Carlo Ancelotti acte le retour de Lucas Paquet\u00e1 en s\u00e9lection br\u00e9silienne<\/a>\t\t\t\t\t<\/p>\n","protected":false},"excerpt":{"rendered":"Pau 2-0 Reims Buts : Ruiz (18e) et Sissoko (26e) pour les Palois\u00a0 D\u00e9j\u00e0 du suspense au sommet&hellip;\n","protected":false},"author":2,"featured_media":343682,"comment_status":"","ping_status":"","sticky":false,"template":"","format":"standard","meta":{"footnotes":""},"categories":[9653],"tags":[1111,47,11,61,2430,69,65,64,1777,674,63,1011,27,68,66,12,62,70,25,4001,67],"class_list":{"0":"post-343681","1":"post","2":"type-post","3":"status-publish","4":"format-standard","5":"has-post-thumbnail","7":"category-saint-etienne","8":"tag-actu","9":"tag-actualite","10":"tag-actualites","11":"tag-actus-football","12":"tag-auvergne-rhone-alpes","13":"tag-bundesliga","14":"tag-championnats-europeens","15":"tag-equipe-de-france","16":"tag-eu","17":"tag-europe","18":"tag-football","19":"tag-fr","20":"tag-france","21":"tag-ligua","22":"tag-ligue-1","23":"tag-news","24":"tag-news-foot","25":"tag-premier-league","26":"tag-republique-francaise","27":"tag-saint-etienne","28":"tag-serie-a"},"share_on_mastodon":{"url":"https:\/\/pubeurope.com\/@fr\/115091414376153769","error":""},"_links":{"self":[{"href":"https:\/\/www.europesays.com\/fr\/wp-json\/wp\/v2\/posts\/343681","targetHints":{"allow":["GET"]}}],"collection":[{"href":"https:\/\/www.europesays.com\/fr\/wp-json\/wp\/v2\/posts"}],"about":[{"href":"https:\/\/www.europesays.com\/fr\/wp-json\/wp\/v2\/types\/post"}],"author":[{"embeddable":true,"href":"https:\/\/www.europesays.com\/fr\/wp-json\/wp\/v2\/users\/2"}],"replies":[{"embeddable":true,"href":"https:\/\/www.europesays.com\/fr\/wp-json\/wp\/v2\/comments?post=343681"}],"version-history":[{"count":0,"href":"https:\/\/www.europesays.com\/fr\/wp-json\/wp\/v2\/posts\/343681\/revisions"}],"wp:featuredmedia":[{"embeddable":true,"href":"https:\/\/www.europesays.com\/fr\/wp-json\/wp\/v2\/media\/343682"}],"wp:attachment":[{"href":"https:\/\/www.europesays.com\/fr\/wp-json\/wp\/v2\/media?parent=343681"}],"wp:term":[{"taxonomy":"category","embeddable":true,"href":"https:\/\/www.europesays.com\/fr\/wp-json\/wp\/v2\/categories?post=343681"},{"taxonomy":"post_tag","embeddable":true,"href":"https:\/\/www.europesays.com\/fr\/wp-json\/wp\/v2\/tags?post=343681"}],"curies":[{"name":"wp","href":"https:\/\/api.w.org\/{rel}","templated":true}]}}