{"id":343685,"date":"2025-08-25T21:00:40","date_gmt":"2025-08-25T21:00:40","guid":{"rendered":"https:\/\/www.europesays.com\/fr\/343685\/"},"modified":"2025-08-25T21:00:40","modified_gmt":"2025-08-25T21:00:40","slug":"pas-de-supporters-a-marcel-picot-avant-le-20-octobre","status":"publish","type":"post","link":"https:\/\/www.europesays.com\/fr\/343685\/","title":{"rendered":"pas de supporters \u00e0 Marcel-Picot avant le 20 octobre"},"content":{"rendered":"<p>Si l\u2019ASNL avait r\u00e9ussi \u00e0 faire r\u00e9duire la sanction lors de son passage en appel devant la FFF, avec une r\u00e9duction de peine de six \u00e0 quatre rencontres \u00e0 huis clos (suite aux diff\u00e9rents incidents ou allumage d\u2019engins pyrotechniques lors des matchs de la saison pr\u00e9c\u00e9dente), elle n\u2019a pas eu la m\u00eame r\u00e9ussite devant le CNOSF.<\/p>\n<p>Le club nanc\u00e9ien avait sollicit\u00e9 le conciliateur de l\u2019instance olympique et vu son audience se d\u00e9rouler le lundi 18 ao\u00fbt dernier, afin de faire baisser la note de cette tr\u00e8s lourde sanction. Celle-ci n\u2019a donc pas \u00e9t\u00e9 concluante, selon le communiqu\u00e9 publi\u00e9 ce lundi matin, qui indique que \u00ab l\u2019appel du club a \u00e9t\u00e9 rejet\u00e9 et les trois prochains matchs se joueront \u00e0 huis clos \u00bb. Soient ceux face \u00e0 Pau ce vendredi 29 ao\u00fbt, le Red Star le vendredi 19 septembre et Reims le vendredi 26 septembre, qui feront suite \u00e0 celui d\u00e9j\u00e0 jou\u00e9 sans spectateurs le vendredi 15 ao\u00fbt contre Boulogne.<\/p>\n<p>Ce contenu est bloqu\u00e9 car vous n&rsquo;avez pas accept\u00e9 les cookies et autres traceurs.<\/p>\n<p>En cliquant sur \u00ab J\u2019accepte \u00bb, les cookies et autres traceurs seront d\u00e9pos\u00e9s et vous pourrez visualiser les contenus  (<a href=\"\" class=\"consentModule_policy\" target=\"_blank\" title=\"Consulter la politique de protection des donn\u00e9es du fournisseur\">plus d&rsquo;informations<\/a>).<\/p>\n<p>En cliquant sur \u00ab J\u2019accepte tous les cookies \u00bb, vous autorisez des d\u00e9p\u00f4ts de cookies et autres traceurs pour le stockage de vos donn\u00e9es sur nos sites et applications \u00e0 des fins de personnalisation et de ciblage publicitaire.<\/p>\n<p class=\"consentModule_secondaryText\">Vous gardez la possibilit\u00e9 de retirer votre consentement \u00e0 tout moment en consultant notre <a href=\"https:\/\/www.republicain-lorrain.fr\/protection-des-donnees\" target=\"_blank\" title=\"Consulter notre politique de protection des donn\u00e9es\" rel=\"noopener\">politique de protection des donn\u00e9es<\/a>. <br \/>&#13;<br \/>\n            <a href=\"https:\/\/www.republicain-lorrain.fr\/sport\/2025\/08\/25\/javascript:Didomi.notice.show()\" class=\"consentModule_cmp\" target=\"_blank\" rel=\"noopener\">G\u00e9rer mes choix<\/a>&#13;\n        <\/p>\n<p>&#13;<br \/>\n                        J&rsquo;accepte&#13;<br \/>\n            J&rsquo;accepte tous les cookies&#13;\n        <\/p>\n<p>Par ailleurs, l\u2019ASNL a \u00e9cop\u00e9 d\u2019une amende de 54 000 \u20ac. Les dirigeants lorrains ont donc r\u00e9p\u00e9t\u00e9 leur volont\u00e9 de durcir la chasse aux fumig\u00e8nes ou autres engins pyrotechniques avec de nouvelles cam\u00e9ras de surveillance \u00ab plus performantes \u00bb et un \u00ab renforcement des contr\u00f4les \u00bb.<\/p>\n<p>En attendant, les fans des Rouge et Blanc devront patienter jusqu\u2019au lundi 20 octobre et la r\u00e9ception d\u2019Amiens pour pouvoir retrouver le stade Marcel-Picot.<\/p>\n","protected":false},"excerpt":{"rendered":"Si l\u2019ASNL avait r\u00e9ussi \u00e0 faire r\u00e9duire la sanction lors de son passage en appel devant la FFF,&hellip;\n","protected":false},"author":2,"featured_media":343686,"comment_status":"","ping_status":"","sticky":false,"template":"","format":"standard","meta":{"footnotes":""},"categories":[9635],"tags":[1111,11,3703,1777,674,107,1701,63,1011,27,775,1702,12,25,517,1700],"class_list":{"0":"post-343685","1":"post","2":"type-post","3":"status-publish","4":"format-standard","5":"has-post-thumbnail","7":"category-nancy","8":"tag-actu","9":"tag-actualites","10":"tag-asnl","11":"tag-eu","12":"tag-europe","13":"tag-fil-info","14":"tag-fil-info-sport","15":"tag-football","16":"tag-fr","17":"tag-france","18":"tag-grand-est","19":"tag-nancy","20":"tag-news","21":"tag-republique-francaise","22":"tag-sport","23":"tag-sport-lorrain"},"share_on_mastodon":{"url":"https:\/\/pubeurope.com\/@fr\/115091421467435856","error":""},"_links":{"self":[{"href":"https:\/\/www.europesays.com\/fr\/wp-json\/wp\/v2\/posts\/343685","targetHints":{"allow":["GET"]}}],"collection":[{"href":"https:\/\/www.europesays.com\/fr\/wp-json\/wp\/v2\/posts"}],"about":[{"href":"https:\/\/www.europesays.com\/fr\/wp-json\/wp\/v2\/types\/post"}],"author":[{"embeddable":true,"href":"https:\/\/www.europesays.com\/fr\/wp-json\/wp\/v2\/users\/2"}],"replies":[{"embeddable":true,"href":"https:\/\/www.europesays.com\/fr\/wp-json\/wp\/v2\/comments?post=343685"}],"version-history":[{"count":0,"href":"https:\/\/www.europesays.com\/fr\/wp-json\/wp\/v2\/posts\/343685\/revisions"}],"wp:featuredmedia":[{"embeddable":true,"href":"https:\/\/www.europesays.com\/fr\/wp-json\/wp\/v2\/media\/343686"}],"wp:attachment":[{"href":"https:\/\/www.europesays.com\/fr\/wp-json\/wp\/v2\/media?parent=343685"}],"wp:term":[{"taxonomy":"category","embeddable":true,"href":"https:\/\/www.europesays.com\/fr\/wp-json\/wp\/v2\/categories?post=343685"},{"taxonomy":"post_tag","embeddable":true,"href":"https:\/\/www.europesays.com\/fr\/wp-json\/wp\/v2\/tags?post=343685"}],"curies":[{"name":"wp","href":"https:\/\/api.w.org\/{rel}","templated":true}]}}