{"id":343687,"date":"2025-08-25T21:02:12","date_gmt":"2025-08-25T21:02:12","guid":{"rendered":"https:\/\/www.europesays.com\/fr\/343687\/"},"modified":"2025-08-25T21:02:12","modified_gmt":"2025-08-25T21:02:12","slug":"toulon-operation-securite-mer-sur-le-littoral-est-du-var-secteur-iles-de-porquerolles-giens","status":"publish","type":"post","link":"https:\/\/www.europesays.com\/fr\/343687\/","title":{"rendered":"TOULON : Op\u00e9ration \u00ab S\u00e9curit\u00e9 Mer \u00bb sur le littoral Est du Var (secteur Iles de Porquerolles &#8211; Giens)"},"content":{"rendered":"<p align=\"LEFT\"><strong>Le mercredi 27 ao\u00fbt 2025, une op\u00e9ration \u00ab S\u00e9curit\u00e9 Mer \u00bb est organis\u00e9e sur le littoral Est du Var (secteur Iles de Porquerolles \u2013 Giens) par la Direction d\u00e9partementale des territoires et de la mer (DDTM) du Var sous l\u2019autorit\u00e9 du Pr\u00e9fet maritime de la M\u00e9diterran\u00e9e.\u00a0<\/strong><\/p>\n<p align=\"LEFT\">Cette op\u00e9ration de contr\u00f4le a pour objectif de sensibiliser tous les usagers de la mer (navires de plaisance, navires \u00e0 passagers, v\u00e9hicules nautiques \u00e0 moteur, pratiquants de plong\u00e9e sous-marine, kite-surf, etc.) au respect de la r\u00e9glementation maritime g\u00e9n\u00e9rale et locale.<\/p>\n<p align=\"LEFT\">Port des gilets de sauvetage et entretien des \u00e9quipements de s\u00e9curit\u00e9, vitesse autoris\u00e9e sur le plan d\u2019eau et respect des zones de navigation, mouillage respectueux de l\u2019environnement : la r\u00e9glementation existante vise avant tout \u00e0 prot\u00e9ger les usagers et \u00e0 assurer leur s\u00e9curit\u00e9.<\/p>\n<p align=\"LEFT\">Trois grands principes s\u2019appliquent. <\/p>\n<p align=\"LEFT\"><strong>Pour se les rappeler, il faut retenir le sigle suivant \u00ab PEA, l\u2019assurance vie en mer \u00bb :<\/strong><\/p>\n<ul type=\"DISC\">\n<li>\n<p align=\"LEFT\"><strong>Pr\u00e9parer <\/strong>: conna\u00eetre la m\u00e9t\u00e9o, les particularit\u00e9s de la zone, avoir conscience de son \u00e9tat de sant\u00e9 et de celui de ses passagers, pr\u00e9venir un proche de ses intentions et de l\u2019heure de retour pr\u00e9vue ;<\/p>\n<\/li>\n<li>\n<p align=\"LEFT\"><strong>\u00c9quiper<\/strong> : v\u00e9rifier son mat\u00e9riel, porter une brassi\u00e8re et une tenue adapt\u00e9e \u00e0 la pratique, avoir un moyen de communication en \u00e9tat de marche, \u00eatre en mesure de se signaler visuellement aupr\u00e8s des moyens de secours ;<\/p>\n<\/li>\n<li>\n<p align=\"LEFT\"><strong>Alerter <\/strong>: en cas de difficult\u00e9 =&gt; <strong>VHF 16<\/strong> et le num\u00e9ro d\u2019urgence <strong>196<\/strong> depuis n\u2019importe quel t\u00e9l\u00e9phone pour joindre les secours (num\u00e9ro valable partout en France).<\/p>\n<\/li>\n<\/ul>\n<p align=\"LEFT\">Le respect de ces consignes permet de responsabiliser chaque usager de la mer et vise \u00e0 pr\u00e9venir un grand nombre d\u2019accidents. Le retour d\u2019exp\u00e9rience montre qu\u2019une bonne application des r\u00e8gles de s\u00e9curit\u00e9 aurait pu \u00e9viter de nombreux accidents survenus en 2024, o\u00f9 pr\u00e8s de 70 personnes ont perdu la vie en M\u00e9diterran\u00e9e.<\/p>\n<p align=\"LEFT\">La pr\u00e9fecture maritime de la M\u00e9diterran\u00e9e organise cette op\u00e9ration en mer qui consistera \u00e0 d\u00e9ployer les unit\u00e9s de contr\u00f4le en une action coordonn\u00e9e interservices de surveillance, regroupant l\u2019unit\u00e9 littorale des Affaires maritimes du Var, la brigade de surveillance du littoral de Toulon de la Gendarmerie maritime, la Police nationale du Var. Cette op\u00e9ration sera notamment l\u2019occasion d\u2019inviter les pratiquants \u00e0 la plus grande vigilance sur les plans d\u2019eau et au respect de la r\u00e9glementation g\u00e9n\u00e9rale et locale.<\/p>\n<p align=\"LEFT\"><b>Une attention particuli\u00e8re sera port\u00e9e\u00a0:<\/b><\/p>\n<ul type=\"DISC\">\n<li>\n<p align=\"LEFT\">aux activit\u00e9s de loisirs nautiques potentiellement \u00e0 risque (jet-skis, engins tract\u00e9s, glisse a\u00e9rotract\u00e9e, etc.) \u00e9voluant \u00e0 proximit\u00e9 des c\u00f4tes\u00a0et \u00e0 la vitesse excessive dans la bande des 300 m\u00e8tres\u00a0; <\/p>\n<\/li>\n<li>\n<p align=\"LEFT\">\u00e0 la cohabitation des usages et \u00e0 la pr\u00e9servation de l\u2019environnement marin\u00a0au sein de cet espace naturel tr\u00e8s fr\u00e9quent\u00e9 et particuli\u00e8rement sensible\u00a0; <\/p>\n<\/li>\n<li>\n<p align=\"LEFT\">pour les navires de plaisance\u00a0: au respect des obligations en mati\u00e8re de dotation d\u2019armement et de s\u00e9curit\u00e9 et \u00e0 la d\u00e9tention des titres de conduite et de navigation ; <\/p>\n<\/li>\n<li>\n<p align=\"LEFT\">\u00e0 la sensibilisation sur les risques li\u00e9s aux conditions m\u00e9t\u00e9orologiques et \u00e0 la pr\u00e9paration \u00ab\u00a0physique\u00a0\u00bb n\u00e9cessaire \u00e0 certaines pratiques\u00a0; <\/p>\n<\/li>\n<li>\n<p align=\"LEFT\">\u00e0 la consommation d\u2019alcool et de stup\u00e9fiants en mer. <\/p>\n<\/li>\n<\/ul>\n","protected":false},"excerpt":{"rendered":"Le mercredi 27 ao\u00fbt 2025, une op\u00e9ration \u00ab S\u00e9curit\u00e9 Mer \u00bb est organis\u00e9e sur le littoral Est du&hellip;\n","protected":false},"author":2,"featured_media":343688,"comment_status":"","ping_status":"","sticky":false,"template":"","format":"standard","meta":{"footnotes":""},"categories":[9619],"tags":[1111,11,1777,674,1011,27,12,882,25,2310],"class_list":{"0":"post-343687","1":"post","2":"type-post","3":"status-publish","4":"format-standard","5":"has-post-thumbnail","7":"category-toulon","8":"tag-actu","9":"tag-actualites","10":"tag-eu","11":"tag-europe","12":"tag-fr","13":"tag-france","14":"tag-news","15":"tag-provence-alpes-cote-dazur","16":"tag-republique-francaise","17":"tag-toulon"},"share_on_mastodon":{"url":"https:\/\/pubeurope.com\/@fr\/115091429468532974","error":""},"_links":{"self":[{"href":"https:\/\/www.europesays.com\/fr\/wp-json\/wp\/v2\/posts\/343687","targetHints":{"allow":["GET"]}}],"collection":[{"href":"https:\/\/www.europesays.com\/fr\/wp-json\/wp\/v2\/posts"}],"about":[{"href":"https:\/\/www.europesays.com\/fr\/wp-json\/wp\/v2\/types\/post"}],"author":[{"embeddable":true,"href":"https:\/\/www.europesays.com\/fr\/wp-json\/wp\/v2\/users\/2"}],"replies":[{"embeddable":true,"href":"https:\/\/www.europesays.com\/fr\/wp-json\/wp\/v2\/comments?post=343687"}],"version-history":[{"count":0,"href":"https:\/\/www.europesays.com\/fr\/wp-json\/wp\/v2\/posts\/343687\/revisions"}],"wp:featuredmedia":[{"embeddable":true,"href":"https:\/\/www.europesays.com\/fr\/wp-json\/wp\/v2\/media\/343688"}],"wp:attachment":[{"href":"https:\/\/www.europesays.com\/fr\/wp-json\/wp\/v2\/media?parent=343687"}],"wp:term":[{"taxonomy":"category","embeddable":true,"href":"https:\/\/www.europesays.com\/fr\/wp-json\/wp\/v2\/categories?post=343687"},{"taxonomy":"post_tag","embeddable":true,"href":"https:\/\/www.europesays.com\/fr\/wp-json\/wp\/v2\/tags?post=343687"}],"curies":[{"name":"wp","href":"https:\/\/api.w.org\/{rel}","templated":true}]}}