{"id":343689,"date":"2025-08-25T21:03:14","date_gmt":"2025-08-25T21:03:14","guid":{"rendered":"https:\/\/www.europesays.com\/fr\/343689\/"},"modified":"2025-08-25T21:03:14","modified_gmt":"2025-08-25T21:03:14","slug":"solidart-montpellier-un-pont-entre-lart-et-laction-sociale","status":"publish","type":"post","link":"https:\/\/www.europesays.com\/fr\/343689\/","title":{"rendered":"Solid&rsquo;Art Montpellier : un pont entre l&rsquo;art et l&rsquo;action sociale"},"content":{"rendered":"<p>Le salon d\u2019art contemporain solidaire du Secours populaire de l\u2019H\u00e9rault revient du 19 au 21 septembre au Z\u00e9nith Sud de Montpellier. Pour cette 8\u1d49 \u00e9dition, Maye, street artiste montpelli\u00e9rain de renomm\u00e9e internationale, parraine l\u2019\u00e9v\u00e9nement dont l\u2019objectif est inchang\u00e9 : lever des fonds pour permettre aux enfants accompagn\u00e9s par l\u2019association de partir en vacances, acc\u00e9der \u00e0 la culture et aux loisirs. \u00ab\u00a0Une \u0153uvre achet\u00e9e, c\u2019est un sourire pour un enfant\u00a0\u00bb, tel est le slogan du salon. Cet \u00e9v\u00e9nement se veut un v\u00e9ritable trait d\u2019union entre la cr\u00e9ation artistique et l\u2019action sociale, \u00e0 l\u2019heure o\u00f9 le Secours populaire c\u00e9l\u00e8bre son 80\u1d49 anniversaire.<\/p>\n<p><strong>Un artiste montpelli\u00e9rain \u00e0 l\u2019honneur : Maye, parrain 2025<\/strong><\/p>\n<p>Apr\u00e8s Herv\u00e9 Di Rosa, Nasty, Franck Noto, M. CHAT, JonOne\u2026 c\u2019est Maye, jeune prodige montpelli\u00e9rain du graffiti, qui devient le parrain de cette 8\u1d49 \u00e9dition. Connu pour son univers futuriste m\u00ealant nature et vestiges urbains, il porte un message engag\u00e9 face aux enjeux sociaux et climatiques : \u00ab\u202fLe monde que je d\u00e9peins est celui de 2080 si rien ne change.\u202f\u00bb Il affirme \u00e9galement son soutien au r\u00f4le du Secours populaire aupr\u00e8s des jeunes g\u00e9n\u00e9rations.<\/p>\n<p><strong>Une collecte de dons au profit du Secours populaire de l\u2019H\u00e9rault<\/strong><\/p>\n<p>Toujours dans le cadre de la \u00ab\u00a0Campagne Sourire\u00a0\u00bb, 90 artistes, s\u00e9lectionn\u00e9s (\u00e9diteurs et galeries inclus) par un comit\u00e9 artistique, exposeront leurs \u0153uvres pour lever des fonds destin\u00e9s \u00e0 aider les familles accompagn\u00e9es par le Secours populaire de l\u2019H\u00e9rault. En 2024, pr\u00e8s de 120 000 \u20ac ont \u00e9t\u00e9 collect\u00e9s, un t\u00e9moignage fort de l\u2019\u00e9lan citoyen port\u00e9 par l\u2019\u00e9v\u00e9nement.<\/p>\n<p><strong>Des artistes de tous horizons mais essentiellement r\u00e9gionaux<\/strong><\/p>\n<p>Le salon met \u00e0 l\u2019honneur des talents r\u00e9gionaux aux c\u00f4t\u00e9s d\u2019invit\u00e9s nationaux et internationaux : Sunra, Oups, Prooz, Noon, Sodade, Bella Bah, Romain Thiery, G\u00e9rard Bru, etc. Des noms qui r\u00e9sonnent forc\u00e9ment aux oreilles des amateurs d\u2019art \u00e0 Montpellier. Bien qu\u2019\u00e9tant un salon d\u2019artistes, deux galeries d\u2019art sont fid\u00e8les au rendez-vous depuis plusieurs ann\u00e9es\u00a0: Brugier-Rigail (Paris) et At Down (Montpellier).<\/p>\n<p><strong>&gt;&gt; D\u00e9couvrir la liste compl\u00e8te des artistes de la promotion 2025, ici\u00a0: <a href=\"https:\/\/solidart.fr\/catalogue-montpellier-2025\/\" rel=\"nofollow noopener\" target=\"_blank\">https:\/\/solidart.fr\/catalogue-montpellier-2025\/<\/a><\/strong><\/p>\n<p><strong>Animations et performances artistiques<\/strong><\/p>\n<p>L\u2019\u00e9dition 2025 investit le hall d\u2019entr\u00e9e avec un espace cr\u00e9atif participatif, o\u00f9 le public pourra interagir avec des artistes avec pour la premi\u00e8re fois la pr\u00e9sence des dessinateurs Dadou et Gaston. Cet espace donne une dimension conviviale \u00e0 l\u2019\u00e9v\u00e8nement permettant, notamment aux enfants, de s\u2019adonner \u00e0 la cr\u00e9ativit\u00e9. En parall\u00e8le, des performances artistiques (live-painting, s\u00e9rigraphie, skate-art) sont propos\u00e9es par de nombreux artistes en fil rouge durant les 3 jours du salon (Maye, Sunra, Oups, SkunkDog, Djiango, Sandrot, &#8230;).<\/p>\n<p><strong>Solid\u2019Art en chiffres 2025<\/strong><\/p>\n<ul>\n<li>90 artistes exposants<\/li>\n<li>1 500 \u0153uvres (peintures, sculptures, estampes, street art\u2026)<\/li>\n<li>1 800 m\u00b2 d\u2019exposition au Z\u00e9nith Sud<\/li>\n<li>Entr\u00e9e gratuite toute la dur\u00e9e du salon<\/li>\n<li>5 000 visiteurs attendus<\/li>\n<\/ul>\n<p><strong>Informations pratiques<\/strong><\/p>\n<ul>\n<li>Vendredi 19 septembre : 14h\u201322h<\/li>\n<li>Samedi 20 septembre : 11h\u201320h<\/li>\n<li>Dimanche 21 septembre : 10h\u201319h<\/li>\n<\/ul>\n<p>Lieu : Z\u00e9nith Sud \u2013 Avenue Albert Einstein, Montpellier<\/p>\n<p>Entr\u00e9e gratuite, parking gratuit, restauration sur place<\/p>\n","protected":false},"excerpt":{"rendered":"Le salon d\u2019art contemporain solidaire du Secours populaire de l\u2019H\u00e9rault revient du 19 au 21 septembre au Z\u00e9nith&hellip;\n","protected":false},"author":2,"featured_media":343690,"comment_status":"","ping_status":"","sticky":false,"template":"","format":"standard","meta":{"footnotes":""},"categories":[9599],"tags":[1111,11,1777,674,1011,27,2208,12,2680,25],"class_list":{"0":"post-343689","1":"post","2":"type-post","3":"status-publish","4":"format-standard","5":"has-post-thumbnail","7":"category-montpellier","8":"tag-actu","9":"tag-actualites","10":"tag-eu","11":"tag-europe","12":"tag-fr","13":"tag-france","14":"tag-montpellier","15":"tag-news","16":"tag-occitanie","17":"tag-republique-francaise"},"share_on_mastodon":{"url":"https:\/\/pubeurope.com\/@fr\/115091433257511873","error":""},"_links":{"self":[{"href":"https:\/\/www.europesays.com\/fr\/wp-json\/wp\/v2\/posts\/343689","targetHints":{"allow":["GET"]}}],"collection":[{"href":"https:\/\/www.europesays.com\/fr\/wp-json\/wp\/v2\/posts"}],"about":[{"href":"https:\/\/www.europesays.com\/fr\/wp-json\/wp\/v2\/types\/post"}],"author":[{"embeddable":true,"href":"https:\/\/www.europesays.com\/fr\/wp-json\/wp\/v2\/users\/2"}],"replies":[{"embeddable":true,"href":"https:\/\/www.europesays.com\/fr\/wp-json\/wp\/v2\/comments?post=343689"}],"version-history":[{"count":0,"href":"https:\/\/www.europesays.com\/fr\/wp-json\/wp\/v2\/posts\/343689\/revisions"}],"wp:featuredmedia":[{"embeddable":true,"href":"https:\/\/www.europesays.com\/fr\/wp-json\/wp\/v2\/media\/343690"}],"wp:attachment":[{"href":"https:\/\/www.europesays.com\/fr\/wp-json\/wp\/v2\/media?parent=343689"}],"wp:term":[{"taxonomy":"category","embeddable":true,"href":"https:\/\/www.europesays.com\/fr\/wp-json\/wp\/v2\/categories?post=343689"},{"taxonomy":"post_tag","embeddable":true,"href":"https:\/\/www.europesays.com\/fr\/wp-json\/wp\/v2\/tags?post=343689"}],"curies":[{"name":"wp","href":"https:\/\/api.w.org\/{rel}","templated":true}]}}