{"id":343691,"date":"2025-08-25T21:04:11","date_gmt":"2025-08-25T21:04:11","guid":{"rendered":"https:\/\/www.europesays.com\/fr\/343691\/"},"modified":"2025-08-25T21:04:11","modified_gmt":"2025-08-25T21:04:11","slug":"une-voiture-volee-au-petit-bard-et-un-conducteur-sans-permis-depuis-15-ans","status":"publish","type":"post","link":"https:\/\/www.europesays.com\/fr\/343691\/","title":{"rendered":"une voiture vol\u00e9e au Petit Bard et un conducteur sans permis depuis 15 ans"},"content":{"rendered":"<p>            Par<br \/>\n        <strong><br \/>\n            <a href=\"https:\/\/actu.fr\/auteur\/lea-pippinato\" title=\"Consulter tous les articles de L\u00e9a Pippinato\" target=\"_blank\" rel=\"noopener\">L\u00e9a Pippinato<\/a><br \/>\n        <\/strong><\/p>\n<p>        Publi\u00e9 le<\/p>\n<p>            25 ao\u00fbt 2025 \u00e0 18h23        <\/p>\n<p>Deux affaires routi\u00e8res insolites \u00e0 <strong>Montpellier<\/strong> : des s\u0153urs au volant d\u2019une voiture vol\u00e9e et un conducteur sans permis depuis quinze ans, tous interpell\u00e9s par la police.<\/p>\n<p class=\" wall-content\"><strong>Ce vendredi 22 ao\u00fbt 2025<\/strong>, vers 17h, dans le secteur du Petit Bard, une patrouille de la Bac (brigade anti-criminalit\u00e9) croise un v\u00e9hicule lanc\u00e9 \u00e0 vive allure, rue de l\u2019Oasis. Au volant, une femme de 30 ans, sans permis de conduire. Elle n\u2019a obtenu que le code de la route. \u00c0 ses c\u00f4t\u00e9s, sa s\u0153ur de 27 ans.<\/p>\n<p>    <a href=\"https:\/\/www.google.com\/maps\/embed?pb=!1m18!1m12!1m3!1d23114.090373704526!2d3.8371328!3d43.6011008!2m3!1f0!2f0!3f0!3m2!1i1024!2i768!4f13.1!3m3!1m2!1s0x12b6ae8592ee4a97%3A0x2b877384be8d2c3!2sRue%20de%20l%27Oasis%2C%2034080%20Montpellier!5e0!3m2!1sfr!2sfr!4v1756137796512!5m2!1sfr!2sfr\" title=\"Ouvrie le lien\" target=\"_blank\" rel=\"noopener\">Cliquez ici pour visualiser le contenu<\/a><\/p>\n<p class=\" wall-content\">Les policiers nationaux d\u00e9couvrent vite que la voiture a \u00e9t\u00e9 d\u00e9clar\u00e9e vol\u00e9e dans le Gard<strong> le 13 ao\u00fbt<\/strong>. Les deux jeunes femmes, domicili\u00e9es \u00e0 Montpellier et b\u00e9n\u00e9ficiaires du RSA, sont interpell\u00e9es et plac\u00e9es en garde \u00e0 vue. L\u2019a\u00een\u00e9e affirme avoir achet\u00e9 le v\u00e9hicule sur Leboncoin pour 5 000 euros quelques jours plus t\u00f4t. Une version jug\u00e9e fragile, compte tenu de sa situation financi\u00e8re. La justice a fix\u00e9 une composition p\u00e9nale \u00e0 son encontre pour le 15 octobre. Sa s\u0153ur a b\u00e9n\u00e9fici\u00e9 d\u2019un classement sans suite.<\/p>\n<p>Quinze ans sans permis et toujours au volant<\/p>\n<p class=\" wall-content\">Autre contr\u00f4le, autre histoire. Un homme de 42 ans, lui aussi domicili\u00e9 \u00e0 Montpellier, a \u00e9t\u00e9 interpell\u00e9 le m\u00eame jour par la police municipale. Son tort d\u2019abord anodin : il ne portait pas sa ceinture de s\u00e9curit\u00e9. Mais la v\u00e9rification r\u00e9serve une surprise. Cela fait quinze ans que son permis est annul\u00e9. Le conducteur est conduit au commissariat et plac\u00e9 en garde \u00e0 vue.<br \/>Pr\u00e9sent\u00e9 au parquet, il a \u00e9t\u00e9 d\u00e9f\u00e9r\u00e9 au parquet ce samedi 23 ao\u00fbt \u00e0 14h pour une comparution imm\u00e9diate.<\/p>\n<p class=\" wall-content\">Personnalisez votre actualit\u00e9 en ajoutant vos villes et m\u00e9dias en favori avec <a href=\"https:\/\/moncompte.actu.fr\" title=\"D\u00e9couvez Mon Actu\" rel=\"nofollow noopener\" data-trk=\"{&quot;cta&quot;:{&quot;action&quot;:&quot;https:\\\/\\\/moncompte.actu.fr&quot;,&quot;category&quot;:&quot;mon compte&quot;,&quot;from&quot;:&quot;article footer&quot;,&quot;name&quot;:&quot;Mon actu&quot;,&quot;type&quot;:&quot;cta&quot;}}\" target=\"_blank\">Mon Actu<\/a>.<\/p>\n","protected":false},"excerpt":{"rendered":"Par L\u00e9a Pippinato Publi\u00e9 le 25 ao\u00fbt 2025 \u00e0 18h23 Deux affaires routi\u00e8res insolites \u00e0 Montpellier : des&hellip;\n","protected":false},"author":2,"featured_media":343692,"comment_status":"","ping_status":"","sticky":false,"template":"","format":"standard","meta":{"footnotes":""},"categories":[9599],"tags":[1111,11,3542,1777,674,118,1011,27,2208,12,2680,1072,25,5009],"class_list":{"0":"post-343691","1":"post","2":"type-post","3":"status-publish","4":"format-standard","5":"has-post-thumbnail","7":"category-montpellier","8":"tag-actu","9":"tag-actualites","10":"tag-circulation","11":"tag-eu","12":"tag-europe","13":"tag-faits-divers","14":"tag-fr","15":"tag-france","16":"tag-montpellier","17":"tag-news","18":"tag-occitanie","19":"tag-police","20":"tag-republique-francaise","21":"tag-securite-routiere"},"share_on_mastodon":{"url":"https:\/\/pubeurope.com\/@fr\/115091437320251881","error":""},"_links":{"self":[{"href":"https:\/\/www.europesays.com\/fr\/wp-json\/wp\/v2\/posts\/343691","targetHints":{"allow":["GET"]}}],"collection":[{"href":"https:\/\/www.europesays.com\/fr\/wp-json\/wp\/v2\/posts"}],"about":[{"href":"https:\/\/www.europesays.com\/fr\/wp-json\/wp\/v2\/types\/post"}],"author":[{"embeddable":true,"href":"https:\/\/www.europesays.com\/fr\/wp-json\/wp\/v2\/users\/2"}],"replies":[{"embeddable":true,"href":"https:\/\/www.europesays.com\/fr\/wp-json\/wp\/v2\/comments?post=343691"}],"version-history":[{"count":0,"href":"https:\/\/www.europesays.com\/fr\/wp-json\/wp\/v2\/posts\/343691\/revisions"}],"wp:featuredmedia":[{"embeddable":true,"href":"https:\/\/www.europesays.com\/fr\/wp-json\/wp\/v2\/media\/343692"}],"wp:attachment":[{"href":"https:\/\/www.europesays.com\/fr\/wp-json\/wp\/v2\/media?parent=343691"}],"wp:term":[{"taxonomy":"category","embeddable":true,"href":"https:\/\/www.europesays.com\/fr\/wp-json\/wp\/v2\/categories?post=343691"},{"taxonomy":"post_tag","embeddable":true,"href":"https:\/\/www.europesays.com\/fr\/wp-json\/wp\/v2\/tags?post=343691"}],"curies":[{"name":"wp","href":"https:\/\/api.w.org\/{rel}","templated":true}]}}