{"id":343697,"date":"2025-08-25T21:09:17","date_gmt":"2025-08-25T21:09:17","guid":{"rendered":"https:\/\/www.europesays.com\/fr\/343697\/"},"modified":"2025-08-25T21:09:17","modified_gmt":"2025-08-25T21:09:17","slug":"12-mois-de-prison-avec-sursis-pour-le-conducteur-de-19-ans","status":"publish","type":"post","link":"https:\/\/www.europesays.com\/fr\/343697\/","title":{"rendered":"12 mois de prison avec sursis pour le conducteur de 19 ans"},"content":{"rendered":"<p class=\"article__intro\">Le jeune homme de 19 ans qui a fauch\u00e9 quatre membres d&rsquo;une m\u00eame famille alors qu&rsquo;il roulait sur une voie de tram \u00e0 Grenoble, en marge de la victoire du PSG en Ligue des champions en mai dernier, a \u00e9t\u00e9 condamn\u00e9 ce lundi 25 ao\u00fbt. Il \u00e9cope de 12 mois de prison avec sursis.<\/p>\n<p>\n      L\u2019actu des r\u00e9gions\n    <\/p>\n<p>\n      Chaque jour, un tour d\u2019horizon des principales infos de toutes les r\u00e9gions.\n    <\/p>\n<p>    France T\u00e9l\u00e9visions utilise votre adresse e-mail afin de vous envoyer la newsletter \u00ab\u00a0L\u2019actu des r\u00e9gions\u00a0\u00bb. Vous pouvez vous d\u00e9sinscrire \u00e0 tout moment via le lien en bas de cette newsletter. <a target=\"_blank\" href=\"https:\/\/www.francetelevisions.fr\/groupe\/confidentialite\/politique-de-confidentialite\/politique-de-confidentialite-de-france-televisions-6503\" rel=\"noopener\">Notre politique de confidentialit\u00e9<\/a><\/p>\n<p>Ce lundi 25 ao\u00fbt, un jeune homme de 19 ans comparaissait devant le tribunal correctionnel de Grenoble. Le conducteur mis en cause \u00e9tait jug\u00e9 pour de nombreux chefs d&rsquo;accusation : \u00ab\u00a0blessures involontaires\u00a0\u00bb, \u00ab\u00a0violation manifestement d\u00e9lib\u00e9r\u00e9e d\u2019une obligation de s\u00e9curit\u00e9 ou de prudence\u00a0\u00bb, \u00ab\u00a0destruction du bien d\u2019un charg\u00e9 de mission de service public\u00a0\u00bb, \u00ab\u00a0d\u00e9gradation ou d\u00e9t\u00e9rioration d\u2019un bien appartenant \u00e0 autrui\u00a0\u00bb, et \u00ab\u00a0circulation d\u2019un v\u00e9hicule non autoris\u00e9 sur une voie r\u00e9serv\u00e9e aux v\u00e9hicules de transport en commun\u00a0\u00bb.\u00a0Il a \u00e9t\u00e9 condamn\u00e9 \u00e0 12 mois de prison avec sursis.<\/p>\n<p>Un proc\u00e8s faisant suite \u00e0 un accident survenu dans le centre-ville de Grenoble, <a href=\"https:\/\/france3-regions.franceinfo.fr\/auvergne-rhone-alpes\/isere\/grenoble\/une-voiture-percute-des-pietons-qui-celebraient-la-victoire-du-psg-a-grenoble-au-moins-trois-blesses-dont-un-grave-3163458.html\" target=\"_blank\" rel=\"noopener\">le samedi 31 mai, soir de la victoire du PSG en Ligue des champions<\/a>. Alors que de nombreux supporters c\u00e9l\u00e8brent la victoire du club parisien, une voiture fauche quatre membres d&rsquo;une m\u00eame famille \u00e0 l&rsquo;angle du cours Jean Jaur\u00e8s et de l&rsquo;avenue Alsace-Lorraine : une femme de 46 ans, ses deux fils jumeaux de 17 ans ainsi que sa ni\u00e8ce de 18 ans. Deux d&rsquo;entre eux sont gri\u00e8vement bless\u00e9s puis rapidement pris en charge par les secours.<\/p>\n<p>Au volant du v\u00e9hicule &#8211; une BMW s\u00e9rie 1 qui roulait sur une voie de tram &#8211; un jeune homme de 19 ans qui a d&rsquo;abord pris la fuite avant de se rendre aux forces de l&rsquo;ordre. Il \u00e9tait inconnu de la justice jusqu&rsquo;alors et avait \u00e9t\u00e9 test\u00e9 \u00ab\u00a0n\u00e9gatif\u00a0\u00bb au d\u00e9pistage d&rsquo;alcool\u00e9mie et de stup\u00e9fiants.<\/p>\n<\/p>\n<p>Durant ce proc\u00e8s, le pr\u00e9venu s\u2019est d\u2019abord excus\u00e9 et a dit \u00ab\u00a0assumer les faits\u00a0\u00bb. Il affirme avoir \u00e9t\u00e9 pris de panique alors que des jeunes lan\u00e7aient des tirs de mortiers et montaient dans les voitures.\u00a0<\/p>\n<p>Selon le rapport d\u2019accidentologie d\u00e9taill\u00e9 en audience, le v\u00e9hicule roulait sur une voie de tram. La voiture, une BMW s\u00e9rie 1, roulait entre 34 et 42km\/h au moment du premier impact contre un panneau de signalisation. \u00ab\u00a0La derni\u00e8re man\u0153uvre n\u2019est pas uniquement dict\u00e9e par la volont\u00e9 de faire demi-tour, mais il y avait une potentielle volont\u00e9 de faire un d\u00e9rapage\u00a0\u00bb, indique l&rsquo;expert qui \u00e9voque notamment l\u2019usure des pneus, prouvant une sollicitation ant\u00e9rieure \u00ab\u00a0de type drift\u00a0\u00bb.<\/p>\n<p>Ce que le pr\u00e9venu a ni\u00e9 : \u00ab\u00a0J&rsquo;ai \u00e9t\u00e9 pris de panique, je voulais faire demi-tour, je suis pass\u00e9 sur la voie de tram. Le v\u00e9hicule partait \u00e0 droite, \u00e0 gauche. La voiture ne revenait plus \u00e0 sa place, les roues ne m&rsquo;\u00e9coutaient plus. J&rsquo;appuie sur le frein mais la voiture est partie en t\u00eate \u00e0 queue\u00a0\u00bb.<\/p>\n<p>L&rsquo;avocat et la famille d\u00e9noncent eux le comportement du conducteur impliqu\u00e9 qui, selon eux, voulait \u00ab\u00a0se donner des sensations en ex\u00e9cutant un d\u00e9rapage [&#8230;] sur une partie herbeuse, \u00e0 un endroit o\u00f9 il n&rsquo;est pas cens\u00e9 se trouver\u00a0\u00bb, affirme Me Arnaud Levy-Soussan, avocat des parties civiles.\u00a0\u00bbIl y a au d\u00e9part de la sid\u00e9ration. On ne con\u00e7oit pas qu&rsquo;en rentrant chez soi, m\u00eame un soir de liesses, on puisse \u00eatre percut\u00e9 de la sorte\u00a0\u00bb.<\/p>\n<p>Les parties civiles contestent les explications donn\u00e9es par le pr\u00e9venu rappelant ainsi \u00ab\u00a0qu&rsquo;aucune trace ne d\u00e9montre que le v\u00e9hicule a \u00e9t\u00e9 pris \u00e0 partie\u00a0\u00bb : \u00ab\u00a0Ce n\u2019est pas un jeune homme qui panique mais qui prend la d\u00e9cision d\u2019un d\u00e9rapage\u00a0\u00bb. <a href=\"https:\/\/france3-regions.franceinfo.fr\/auvergne-rhone-alpes\/isere\/grenoble\/famille-fauchee-a-grenoble-apres-la-victoire-du-psg-l-incomprehension-de-la-famille-des-victimes-face-au-recit-du-suspect-3164589.html\" target=\"_blank\" rel=\"noopener\">Le p\u00e8re des jumeaux renvers\u00e9s<\/a> a quant \u00e0 lui demand\u00e9 \u00ab\u00a0justice\u00a0\u00bb m\u00eame s&rsquo;il s&rsquo;agit selon lui \u00ab\u00a0d&rsquo;une erreur de jeunesse\u00a0\u00bb.<\/p>\n<blockquote class=\"ftvi_content_quote\">\n<p class=\"ftvi_citation_quote\">J\u2019avais envie de croire \u00e0 la th\u00e8se de la panique mais il y a une accumulation de preuves.<\/p>\n<\/blockquote>\n<p>\u00ab\u00a0Les vid\u00e9os et cam\u00e9ras ne corroborent pas la th\u00e8se du conducteur\u00a0\u00bb, a affirm\u00e9 le procureur lors de sa r\u00e9quisition, indiquant que le trafic reprenait cour Jean Jaur\u00e8s au moment de l&rsquo;accident. \u00ab\u00a0J\u2019avais envie de croire \u00e0 la th\u00e8se de la panique mais il y a une accumulation de preuves\u00a0\u00bb, a poursuivi le procureur, indiquant que lors du premier appel au 17, un t\u00e9moin indique imm\u00e9diatement qu&rsquo;une personne a fait un drift sur une voie de tram. Le minist\u00e8re public avait requis 12 mois de prison dont 8 avec sursis.<\/p>\n","protected":false},"excerpt":{"rendered":"Le jeune homme de 19 ans qui a fauch\u00e9 quatre membres d&rsquo;une m\u00eame famille alors qu&rsquo;il roulait sur&hellip;\n","protected":false},"author":2,"featured_media":343698,"comment_status":"","ping_status":"","sticky":false,"template":"","format":"standard","meta":{"footnotes":""},"categories":[9566],"tags":[1111,11,2430,1777,674,1011,27,2731,12,25],"class_list":{"0":"post-343697","1":"post","2":"type-post","3":"status-publish","4":"format-standard","5":"has-post-thumbnail","7":"category-grenoble","8":"tag-actu","9":"tag-actualites","10":"tag-auvergne-rhone-alpes","11":"tag-eu","12":"tag-europe","13":"tag-fr","14":"tag-france","15":"tag-grenoble","16":"tag-news","17":"tag-republique-francaise"},"share_on_mastodon":{"url":"https:\/\/pubeurope.com\/@fr\/115091456851212421","error":""},"_links":{"self":[{"href":"https:\/\/www.europesays.com\/fr\/wp-json\/wp\/v2\/posts\/343697","targetHints":{"allow":["GET"]}}],"collection":[{"href":"https:\/\/www.europesays.com\/fr\/wp-json\/wp\/v2\/posts"}],"about":[{"href":"https:\/\/www.europesays.com\/fr\/wp-json\/wp\/v2\/types\/post"}],"author":[{"embeddable":true,"href":"https:\/\/www.europesays.com\/fr\/wp-json\/wp\/v2\/users\/2"}],"replies":[{"embeddable":true,"href":"https:\/\/www.europesays.com\/fr\/wp-json\/wp\/v2\/comments?post=343697"}],"version-history":[{"count":0,"href":"https:\/\/www.europesays.com\/fr\/wp-json\/wp\/v2\/posts\/343697\/revisions"}],"wp:featuredmedia":[{"embeddable":true,"href":"https:\/\/www.europesays.com\/fr\/wp-json\/wp\/v2\/media\/343698"}],"wp:attachment":[{"href":"https:\/\/www.europesays.com\/fr\/wp-json\/wp\/v2\/media?parent=343697"}],"wp:term":[{"taxonomy":"category","embeddable":true,"href":"https:\/\/www.europesays.com\/fr\/wp-json\/wp\/v2\/categories?post=343697"},{"taxonomy":"post_tag","embeddable":true,"href":"https:\/\/www.europesays.com\/fr\/wp-json\/wp\/v2\/tags?post=343697"}],"curies":[{"name":"wp","href":"https:\/\/api.w.org\/{rel}","templated":true}]}}