{"id":343699,"date":"2025-08-25T21:12:23","date_gmt":"2025-08-25T21:12:23","guid":{"rendered":"https:\/\/www.europesays.com\/fr\/343699\/"},"modified":"2025-08-25T21:12:23","modified_gmt":"2025-08-25T21:12:23","slug":"rapprochement-en-vue-rennes-angers-pour-esteban-lepaul","status":"publish","type":"post","link":"https:\/\/www.europesays.com\/fr\/343699\/","title":{"rendered":"Rapprochement en vue Rennes &#8211; Angers pour Esteban Lepaul"},"content":{"rendered":"<p><strong>Refroidi par la volont\u00e9 du Milan AC de recruter Conrad Harder, Rennes s\u2019est rapproch\u00e9 d\u2019Angers qui a baiss\u00e9 le prix de Lepaul. M\u00eame si on reste loin du compte. <\/strong><\/p>\n<p>Alors que la piste menant au Danois Conrad Harder s\u2019est consid\u00e9rablement refroidie depuis l\u2019\u00e9chec du transfert de Victor Boniface dans le club lombard (VOIR ICI), le Stade Rennais a relanc\u00e9 les n\u00e9gociations avec Angers pour Esteban Lepaul. A l\u2019heure o\u00f9 nous \u00e9crivons ces lignes, le SCO a accept\u00e9 de revoir \u00e0 la baisse le prix demand\u00e9 pour son buteur. Apr\u00e8s avoir exig\u00e9 25 millions pour laisser partir son avant-centre, les Angevins ont ramen\u00e9 la barre \u00e0 18 millions.<\/p>\n<p>On reste toutefois largement au dessus de la somme propos\u00e9 par les Bretons : 12,5 M\u20ac. Selon nos informations, l\u2019\u00e9cart pourrait \u00eatre r\u00e9duit, en partie, avec des bonus facilement atteignable. La solution d\u2019un pr\u00eat payant avec option d\u2019achat obligatoire est \u00e9galement envisag\u00e9.\u00a0<\/p>\n","protected":false},"excerpt":{"rendered":"Refroidi par la volont\u00e9 du Milan AC de recruter Conrad Harder, Rennes s\u2019est rapproch\u00e9 d\u2019Angers qui a baiss\u00e9&hellip;\n","protected":false},"author":2,"featured_media":312691,"comment_status":"","ping_status":"","sticky":false,"template":"","format":"standard","meta":{"footnotes":""},"categories":[2821],"tags":[1111,11,829,1777,674,1011,27,12,584,25],"class_list":{"0":"post-343699","1":"post","2":"type-post","3":"status-publish","4":"format-standard","5":"has-post-thumbnail","7":"category-rennes","8":"tag-actu","9":"tag-actualites","10":"tag-bretagne","11":"tag-eu","12":"tag-europe","13":"tag-fr","14":"tag-france","15":"tag-news","16":"tag-rennes","17":"tag-republique-francaise"},"share_on_mastodon":{"url":"https:\/\/pubeurope.com\/@fr\/115091468955171689","error":""},"_links":{"self":[{"href":"https:\/\/www.europesays.com\/fr\/wp-json\/wp\/v2\/posts\/343699","targetHints":{"allow":["GET"]}}],"collection":[{"href":"https:\/\/www.europesays.com\/fr\/wp-json\/wp\/v2\/posts"}],"about":[{"href":"https:\/\/www.europesays.com\/fr\/wp-json\/wp\/v2\/types\/post"}],"author":[{"embeddable":true,"href":"https:\/\/www.europesays.com\/fr\/wp-json\/wp\/v2\/users\/2"}],"replies":[{"embeddable":true,"href":"https:\/\/www.europesays.com\/fr\/wp-json\/wp\/v2\/comments?post=343699"}],"version-history":[{"count":0,"href":"https:\/\/www.europesays.com\/fr\/wp-json\/wp\/v2\/posts\/343699\/revisions"}],"wp:featuredmedia":[{"embeddable":true,"href":"https:\/\/www.europesays.com\/fr\/wp-json\/wp\/v2\/media\/312691"}],"wp:attachment":[{"href":"https:\/\/www.europesays.com\/fr\/wp-json\/wp\/v2\/media?parent=343699"}],"wp:term":[{"taxonomy":"category","embeddable":true,"href":"https:\/\/www.europesays.com\/fr\/wp-json\/wp\/v2\/categories?post=343699"},{"taxonomy":"post_tag","embeddable":true,"href":"https:\/\/www.europesays.com\/fr\/wp-json\/wp\/v2\/tags?post=343699"}],"curies":[{"name":"wp","href":"https:\/\/api.w.org\/{rel}","templated":true}]}}