{"id":343700,"date":"2025-08-25T21:13:20","date_gmt":"2025-08-25T21:13:20","guid":{"rendered":"https:\/\/www.europesays.com\/fr\/343700\/"},"modified":"2025-08-25T21:13:20","modified_gmt":"2025-08-25T21:13:20","slug":"12-infos-et-astuces-dun-pro-pour-bien-dormir","status":"publish","type":"post","link":"https:\/\/www.europesays.com\/fr\/343700\/","title":{"rendered":"12 infos et astuces d\u2019un pro pour bien dormir"},"content":{"rendered":"<p><strong>Entre la fin des vacances d\u2019\u00e9t\u00e9 et la rentr\u00e9e qui approche, garder un bon rythme de sommeil peut devenir un vrai casse-t\u00eate. On s\u2019est donc dit que c\u2019\u00e9tait le bon moment pour se pencher sur le sujet ! Et pour \u00e7a, on est all\u00e9 demander des conseils et astuces au docteur Saadi, m\u00e9decin psychiatre et assistant sp\u00e9cialiste au sein du Centre des troubles du sommeil (CIRCSom) des H\u00f4pitaux universitaires de Strasbourg.\u00a0<\/strong><\/p>\n<p>M\u00eame s\u2019il n\u2019y a pas de donn\u00e9es pr\u00e9cises sur la qualit\u00e9 de sommeil des Strasbourgeois(es),<strong> de fa\u00e7on g\u00e9n\u00e9rale, en ville, le sommeil est influenc\u00e9 par l\u2019environnement urbain.<\/strong> L\u2019\u00e9clairage artificiel, souvent plus intense, peut perturber notre sommeil, tout comme le bruit et la chaleur.\u00a0<\/p>\n<p>                <img width=\"375\" height=\"500\" src=\"https:\/\/www.europesays.com\/fr\/wp-content\/uploads\/2025\/04\/img-4051-375x500.jpeg\" class=\"attachment-gallery size-gallery\" alt=\"cath\u00e9drale\" data-full-url=\"https:\/\/pokaa.fr\/wp-content\/uploads\/2025\/03\/06\/img-4051.jpeg\" decoding=\"async\" loading=\"lazy\"  \/>            <\/p>\n<p>                <img width=\"375\" height=\"500\" src=\"https:\/\/www.europesays.com\/fr\/wp-content\/uploads\/2025\/08\/img-20250819-wa0010-375x500.jpg\" class=\"attachment-gallery size-gallery\" alt=\"Dr Saadi\" data-full-url=\"https:\/\/pokaa.fr\/wp-content\/uploads\/2025\/08\/19\/img-20250819-wa0010-e1755625041917.jpg\" decoding=\"async\" loading=\"lazy\"  \/>            <\/p>\n<p>                    1. \u00a9 Anthony Jilli \/ Pokaa ; 2. Le docteur Saadi. \u00a9 Perrine Jost \/ Pokaa<\/p>\n<p>D\u2019ailleurs, <strong>le docteur Saadi, que nous avons rencontr\u00e9 et qui est notamment assistant sp\u00e9cialiste au sein du Centre des troubles du sommeil (CIRCSom), <\/strong>pr\u00e9cise qu\u2019une temp\u00e9rature ambiante id\u00e9ale dans une chambre \u00ab se situe entre 18 et 20\u00b0C \u00bb. En ville ou \u00e0 la campagne.<\/p>\n<p>Mais<strong> il y a d\u2019autres facteurs auxquels on ne pense pas forc\u00e9ment <\/strong>et qui peuvent avoir des cons\u00e9quences sur nos nuits.\u00a0<\/p>\n<p>    <img width=\"800\" height=\"600\" src=\"https:\/\/www.europesays.com\/fr\/wp-content\/uploads\/2025\/08\/img-20250819-wa0015-800x600.jpg\" class=\"attachment-image-size-L size-image-size-L\" alt=\"entr\u00e9e CIRCSom NHC\" decoding=\"async\" loading=\"lazy\"  \/>         Le CIRCSom. \u00a9 Perrine Jost \/ Pokaa <\/p>\n<p>Avant toute chose : 3 choses \u00e0 savoir<\/p>\n<p>Pour commencer, \u00ab <strong>certaines personnes dorment moins bien \u00e0 deux \u00bb. <\/strong>Un retour r\u00e9current chez les patient(e)s du docteur Saadi. <strong>Nos amis les animaux perturbent aussi notre sommeil<\/strong> lorsqu\u2019ils nous sollicitent la nuit. Mais c\u2019est sans rancune puisqu\u2019\u00ab ils peuvent aussi faciliter notre endormissement \u00bb en nous apaisant \u2013 \u00e0 condition de ne pas y \u00eatre allergique\u2026<\/p>\n<p>De plus, le lit devrait \u00eatre r\u00e9serv\u00e9 au sommeil : <strong>\u00ab C\u2019est ce qu\u2019on appelle la notion de conditionnement, on conditionne le sommeil au lit. \u00bb<\/strong> Un r\u00e9el d\u00e9fi quand on a un petit studio ou une chambre \u00e9tudiante.\u00a0<\/p>\n<p>                <img width=\"875\" height=\"500\" src=\"https:\/\/www.europesays.com\/fr\/wp-content\/uploads\/2025\/08\/3-875x500.png\" class=\"attachment-gallery size-gallery\" alt=\"chien couv f\u00e9vrier 2025\" data-full-url=\"https:\/\/pokaa.fr\/wp-content\/uploads\/2025\/02\/13\/3-1500x857.png\" decoding=\"async\" loading=\"lazy\"  \/>            <\/p>\n<p>                <img width=\"333\" height=\"500\" src=\"https:\/\/www.europesays.com\/fr\/wp-content\/uploads\/2025\/08\/pexels-cottonbro-4045539-333x500.jpg\" class=\"attachment-gallery size-gallery\" alt=\"lit sommeil\" data-full-url=\"https:\/\/pokaa.fr\/wp-content\/uploads\/2025\/08\/25\/pexels-cottonbro-4045539.jpg\" decoding=\"async\" loading=\"lazy\"  \/>            <\/p>\n<p>                    1. \u00a9 Auteur inconnu &#8211; Pexels \/ Photo d&rsquo;illustration ; 2. \u00a9 Cottonbro studio &#8211; Pexels \/ Photo d&rsquo;illustration<\/p>\n<p>Conna\u00eetre ses besoins<\/p>\n<p>Les besoins en sommeil sont g\u00e9n\u00e9tiquement d\u00e9finis et varient d\u2019une personne \u00e0 une autre. <strong>En moyenne, on recommande 7 \u00e0 9 heures par nuit, mais certain(e)s ont besoin de dormir plus ou moins et c\u2019est tout \u00e0 fait normal.<\/strong> N\u00e9anmoins, on parle de \u00ab trouble \u00bb si cela empi\u00e8te trop sur la journ\u00e9e et le quotidien.<\/p>\n<p>    <img width=\"800\" height=\"534\" src=\"https:\/\/www.europesays.com\/fr\/wp-content\/uploads\/2025\/08\/IMG_09231.jpg\" class=\"attachment-image-size-L size-image-size-L\" alt=\"reveil heure temps pass\u00e9\" decoding=\"async\" loading=\"lazy\"  \/>         \u00a9 Maria Fernandes \/ Pokaa <\/p>\n<p>\u00ab Selon des \u00e9tudes, le besoin de sommeil n\u2019a pas baiss\u00e9 en tant que tel avec le temps, mais le temps total de sommeil de la population aurait lui baiss\u00e9. \u00bb <strong>Aujourd\u2019hui, <a href=\"https:\/\/beh.santepubliquefrance.fr\/beh\/2019\/8-9\/2019_8-9_1.html\" target=\"_blank\" rel=\"noopener nofollow\">les Fran\u00e7ais(es) dorment en moyenne 6h42 par nuit en semaine,<\/a> donc moins que ce qui est recommand\u00e9<\/strong>. <\/p>\n<p>\u00ab On peut notamment expliquer cette baisse par la multiplication des possibilit\u00e9s d\u2019occupation qui n\u2019existaient pas \u00e0 l\u2019\u00e9poque \u00bb, comme les \u00e9crans. <strong>Cela n\u2019a pas forc\u00e9ment de cons\u00e9quences sur la qualit\u00e9 du sommeil mais va plut\u00f4t d\u00e9caler l\u2019heure du coucher, et donc engendrer une \u00ab dette de sommeil \u00bb.<\/strong><\/p>\n<p>    <img width=\"800\" height=\"532\" src=\"https:\/\/pokaa.fr\/wp-content\/uploads\/2015\/12\/Capture-d\u2019\u00e9cran-2015-12-02-\u00e0-13.05.27.png\" class=\"attachment-image-size-L size-image-size-L\" alt=\"t\u00e9l\u00e9phone\" decoding=\"async\" loading=\"lazy\"  \/>         \u00a9 C\u00e9cilia Fagon \/ Pokaa <\/p>\n<p>Le manque de sommeil<\/p>\n<p>Avoir une \u00ab dette de sommeil \u00bb, <strong>c\u2019est le fait de dormir au moins une heure de moins que ce dont on a besoin<\/strong>. Durant la journ\u00e9e, cela nous rend moins vigilant(e), moins attentif\/ve, plus irritable, somnolent(e) et alt\u00e8re notre m\u00e9moire. \u00ab C\u2019est autant de facteurs qui peuvent nuire \u00e0 la qualit\u00e9 de vie au quotidien. \u00bb<\/p>\n<p>                <img width=\"375\" height=\"500\" src=\"https:\/\/www.europesays.com\/fr\/wp-content\/uploads\/2025\/08\/img-20250819-wa0016-375x500.jpg\" class=\"attachment-gallery size-gallery\" alt=\"Chambre patient CIRCSom\" data-full-url=\"https:\/\/pokaa.fr\/wp-content\/uploads\/2025\/08\/19\/img-20250819-wa0016-e1755625103228.jpg\" decoding=\"async\" loading=\"lazy\"  \/>            <\/p>\n<p>                <img width=\"375\" height=\"500\" src=\"https:\/\/www.europesays.com\/fr\/wp-content\/uploads\/2025\/08\/whatsapp-image-2025-08-22-a-133609-fc224613-375x500.jpg\" class=\"attachment-gallery size-gallery\" alt=\"Consultation Dr Saadi\" data-full-url=\"https:\/\/pokaa.fr\/wp-content\/uploads\/2025\/08\/22\/whatsapp-image-2025-08-22-a-133609-fc224613.jpg\" decoding=\"async\" loading=\"lazy\"  \/>            <\/p>\n<p>                    Le docteur Saadi accueille des patient(e)s pour des consultations et des tests depuis 2023. \u00a9 Perrine Jost \/ Pokaa<\/p>\n<p>On parle souvent de la possibilit\u00e9 de rattraper le manque de sommeil, notamment en dormant davantage le week-end. Pour autant, cette dette n\u2019est pas r\u00e9cup\u00e9rable de mani\u00e8re optimale. Au contraire :<strong> \u00ab L\u2019objectif c\u2019est de r\u00e9gulariser la diff\u00e9rence entre la semaine et le week-end, surtout au niveau de l\u2019heure du lever. L\u2019heure du coucher va s\u2019ajuster automatiquement. \u00bb <\/strong><\/p>\n<p>C\u2019est pourquoi apr\u00e8s un week-end \u00e0 se lever beaucoup plus tard, il sera difficile d\u2019\u00e9merger plus t\u00f4t le lundi matin.<\/p>\n<p>    <img width=\"800\" height=\"532\" src=\"https:\/\/www.europesays.com\/fr\/wp-content\/uploads\/2025\/08\/220924-pka-ososphere-26-800x532.jpg\" class=\"attachment-image-size-L size-image-size-L\" alt=\"Ososph\u00e8re 2022 Nuit \u00e9lectronique Laiterie\" decoding=\"async\" loading=\"lazy\"  \/>         \u00a9 Adrien Labit \/ Pokaa <\/p>\n<p>La d\u00e9finition d&rsquo;un \u00ab vrai \u00bb bon sommeil<\/p>\n<p><strong>Un \u00ab bon sommeil \u00bb permet de commencer la journ\u00e9e dans les meilleures conditions, en \u00e9tant alerte, de bonne humeur et sans probl\u00e8me d\u2019attention.<\/strong> Id\u00e9alement, il est sans interruptions prolong\u00e9es durant la nuit et respecte les besoins individuels en termes de dur\u00e9e. <\/p>\n<p>Aujourd\u2019hui, le sommeil est souvent rel\u00e9gu\u00e9 au second plan, mais il reste essentiel pour la m\u00e9moire, la vigilance, et m\u00eame pour la r\u00e9paration du corps. Pour autant, le docteur Saadi pr\u00e9cise qu\u2019il n\u2019est pas n\u00e9cessaire de surveiller strictement son sommeil en l\u2019absence de probl\u00e9matique majeure. <strong>\u00ab Il suffit d\u2019\u00eatre vigilant sur le fait qu\u2019on dorme assez, qu\u2019on ne soit pas somnolent en journ\u00e9e et qu\u2019on n\u2019ait pas de probl\u00e8me d\u2019humeur. \u00bb<\/strong><\/p>\n<p>                <img width=\"375\" height=\"500\" src=\"https:\/\/www.europesays.com\/fr\/wp-content\/uploads\/2025\/08\/img-20250819-wa0012-375x500.jpg\" class=\"attachment-gallery size-gallery\" alt=\"Itw Dr Saadi feuilles emploi du temps de sommeil\" data-full-url=\"https:\/\/pokaa.fr\/wp-content\/uploads\/2025\/08\/19\/img-20250819-wa0012-e1755625022385.jpg\" decoding=\"async\" loading=\"lazy\"  \/>            <\/p>\n<p>                <img width=\"375\" height=\"500\" src=\"https:\/\/www.europesays.com\/fr\/wp-content\/uploads\/2025\/08\/780da069-0aae-4b28-a119-758af681b828-375x500.jpg\" class=\"attachment-gallery size-gallery\" alt=\"\u00e9crans de surveillance du sommeil\" data-full-url=\"https:\/\/pokaa.fr\/wp-content\/uploads\/2025\/08\/22\/780da069-0aae-4b28-a119-758af681b828.jpg\" decoding=\"async\" loading=\"lazy\"  \/>            <\/p>\n<p>                    Au CIRCSom, des \u00e9crans permettent de surveiller le sommeil des patient(e)s. \u00a9 Perrine Jost \/ Pokaa<\/p>\n<p>5 conseils pratiques du docteur Saadi pour faciliter l&rsquo;endormissement<\/p>\n<ul>\n<li>Essayer de<strong> se lever \u00e0 une heure assez r\u00e9guli\u00e8re<\/strong>, m\u00eame pendant le week-end.<\/li>\n<li style=\"font-weight: 400;\"><strong>Limiter les stimulants<\/strong> comme le caf\u00e9 apr\u00e8s 16h et les \u00e9crans environ 2h avant le coucher.<\/li>\n<li style=\"font-weight: 400;\"><strong>\u00c9viter les siestes trop longues<\/strong> (&gt; 20-30 minutes) qui peuvent interf\u00e9rer avec le sommeil nocturne.<\/li>\n<li style=\"font-weight: 400;\"><strong>Pratiquer une activit\u00e9<\/strong> physique en journ\u00e9e.<\/li>\n<li style=\"font-weight: 400;\">\u00catre attentif\/ve aux signaux de fatigue comme le fait de bailler et d\u2019avoir un peu plus froid.<\/li>\n<\/ul>\n<p>En appliquant ces conseils, on peut am\u00e9liorer son rythme de sommeil et r\u00e9duire son temps d\u2019endormissement. <strong>Mais en cas de difficult\u00e9s persistantes, n\u2019h\u00e9sitez pas \u00e0 consulter un(e) professionnel(le) pour un avis adapt\u00e9. <\/strong><\/p>\n<p><strong>Et surtout, bon dodo !\u00a0<\/strong><\/p>\n","protected":false},"excerpt":{"rendered":"Entre la fin des vacances d\u2019\u00e9t\u00e9 et la rentr\u00e9e qui approche, garder un bon rythme de sommeil peut&hellip;\n","protected":false},"author":2,"featured_media":343701,"comment_status":"","ping_status":"","sticky":false,"template":"","format":"standard","meta":{"footnotes":""},"categories":[2820],"tags":[1111,11,47961,1777,674,1011,27,775,14481,12,25,279,640],"class_list":{"0":"post-343700","1":"post","2":"type-post","3":"status-publish","4":"format-standard","5":"has-post-thumbnail","7":"category-strasbourg","8":"tag-actu","9":"tag-actualites","10":"tag-bien-dormir","11":"tag-eu","12":"tag-europe","13":"tag-fr","14":"tag-france","15":"tag-grand-est","16":"tag-hopitaux-universitaires-de-strasbourg","17":"tag-news","18":"tag-republique-francaise","19":"tag-sommeil","20":"tag-strasbourg"},"share_on_mastodon":{"url":"https:\/\/pubeurope.com\/@fr\/115091474206417614","error":""},"_links":{"self":[{"href":"https:\/\/www.europesays.com\/fr\/wp-json\/wp\/v2\/posts\/343700","targetHints":{"allow":["GET"]}}],"collection":[{"href":"https:\/\/www.europesays.com\/fr\/wp-json\/wp\/v2\/posts"}],"about":[{"href":"https:\/\/www.europesays.com\/fr\/wp-json\/wp\/v2\/types\/post"}],"author":[{"embeddable":true,"href":"https:\/\/www.europesays.com\/fr\/wp-json\/wp\/v2\/users\/2"}],"replies":[{"embeddable":true,"href":"https:\/\/www.europesays.com\/fr\/wp-json\/wp\/v2\/comments?post=343700"}],"version-history":[{"count":0,"href":"https:\/\/www.europesays.com\/fr\/wp-json\/wp\/v2\/posts\/343700\/revisions"}],"wp:featuredmedia":[{"embeddable":true,"href":"https:\/\/www.europesays.com\/fr\/wp-json\/wp\/v2\/media\/343701"}],"wp:attachment":[{"href":"https:\/\/www.europesays.com\/fr\/wp-json\/wp\/v2\/media?parent=343700"}],"wp:term":[{"taxonomy":"category","embeddable":true,"href":"https:\/\/www.europesays.com\/fr\/wp-json\/wp\/v2\/categories?post=343700"},{"taxonomy":"post_tag","embeddable":true,"href":"https:\/\/www.europesays.com\/fr\/wp-json\/wp\/v2\/tags?post=343700"}],"curies":[{"name":"wp","href":"https:\/\/api.w.org\/{rel}","templated":true}]}}