{"id":343704,"date":"2025-08-25T21:15:21","date_gmt":"2025-08-25T21:15:21","guid":{"rendered":"https:\/\/www.europesays.com\/fr\/343704\/"},"modified":"2025-08-25T21:15:21","modified_gmt":"2025-08-25T21:15:21","slug":"ce-qui-surprend-toujours-cest-son-entree-par-le-toit-pourquoi-pres-de-nice-cette-eglise-pas-comme-les-autres-vaut-vraiment-le-detour","status":"publish","type":"post","link":"https:\/\/www.europesays.com\/fr\/343704\/","title":{"rendered":"\u00ab\u00a0Ce qui surprend toujours, c\u2019est son entr\u00e9e\u2026 par le toit !\u00a0\u00bb pourquoi pr\u00e8s de Nice cette \u00e9glise pas comme les autres vaut vraiment le d\u00e9tour"},"content":{"rendered":"<p><a href=\"https:\/\/ville.cagnes.fr\/musee-renoir\/infos-pratiques-musee-renoir\/\" target=\"_blank\" rel=\" noreferrer noopener nofollow\"><img loading=\"lazy\" decoding=\"async\" width=\"630\" height=\"630\" src=\"https:\/\/www.europesays.com\/fr\/wp-content\/uploads\/2025\/07\/NM-2025-300x300px--630x630.jpg\" alt=\"\" class=\"wp-image-245695\" style=\"width:300px\"\/><\/a><\/p>\n<p><strong>Face au Ch\u00e2teau Grimaldi, sur la place du Haut-de-Cagnes, se dresse une \u00e9glise pas tout \u00e0 fait comme les autres. Saint-Pierre-et-Saint-Paul, \u00e9difi\u00e9e au XIII\u1d49 si\u00e8cle, intrigue : on y entre en effet\u2026 par le toit.<\/strong><\/p>\n<p>\u00ab Ce qui surprend toujours, c\u2019est son entr\u00e9e \u00bb explique Jessica Garcia, guide-conf\u00e9renci\u00e8re \u00e0 l\u2019Office de tourisme m\u00e9tropolitain Nice-C\u00f4te d\u2019Azur (OTM).\u00a0\u00ab En sortant du ch\u00e2teau, on arrive directement sur la tribune, comme si on marchait sur le toit de l\u2019\u00e9glise. \u00c0 l\u2019origine, c\u2019\u00e9tait une entr\u00e9e priv\u00e9e r\u00e9serv\u00e9e au seigneur, tandis que les habitants du village descendaient par un escalier en colima\u00e7on pour rejoindre les rangs inf\u00e9rieurs.\u00bb<\/p>\n<p><img loading=\"lazy\" decoding=\"async\" width=\"1120\" height=\"630\" src=\"data:image\/svg+xml,%3Csvg%20xmlns=\" http:=\"\" alt=\"11 2\" class=\"wp-image-247580\" title=\"&quot;Ce qui surprend toujours, c\u2019est son entr\u00e9e\u2026 par le toit !&quot; pourquoi pr\u00e8s de Nice cette \u00e9glise pas comme les autres vaut vraiment le d\u00e9tour 1\" data-lazy- data-lazy- data-lazy-src=\"https:\/\/www.europesays.com\/fr\/wp-content\/uploads\/2025\/08\/1756156518_948_11-2-1120x630.jpg\"\/>[\u00a9 Romain Boisaubert \/ Nice-Presse]<\/p>\n<p>Un \u00e9difice fa\u00e7onn\u00e9 par les si\u00e8cles<\/p>\n<p>L\u2019\u00e9glise n\u2019a cess\u00e9 d\u2019\u00e9voluer au fil du temps. Construite au XIII\u1d49 si\u00e8cle, elle est agrandie une premi\u00e8re fois au XVI\u1d49 si\u00e8cle, puis de nouveau au XVIII\u1d49 pour accueillir une population en pleine croissance. \u00ab On distingue clairement ces diff\u00e9rentes \u00e9poques dans l\u2019\u00e9difice, avec des styles de construction qui se juxtaposent \u00bb souligne la guide.<\/p>\n<p><img loading=\"lazy\" decoding=\"async\" width=\"1120\" height=\"630\" src=\"data:image\/svg+xml,%3Csvg%20xmlns=\" http:=\"\" alt=\"10 2\" class=\"wp-image-247581\" title=\"&quot;Ce qui surprend toujours, c\u2019est son entr\u00e9e\u2026 par le toit !&quot; pourquoi pr\u00e8s de Nice cette \u00e9glise pas comme les autres vaut vraiment le d\u00e9tour 2\" data-lazy- data-lazy- data-lazy-src=\"https:\/\/www.europesays.com\/fr\/wp-content\/uploads\/2025\/08\/10-2-1120x630.jpg\"\/>[\u00a9 Romain Boisaubert \/ Nice-Presse]<\/p>\n<p>La nef primitive, de style gothique, abrite encore aujourd\u2019hui les tombeaux des Grimaldi, seigneurs de Cagnes. L\u2019int\u00e9rieur, restaur\u00e9 en 2017, d\u00e9ploie un riche d\u00e9cor peint.\u00a0<\/p>\n<p>Le ma\u00eetre-autel pr\u00e9sente une sc\u00e8ne de la remise des cl\u00e9s \u00e0 Saint-Pierre, entour\u00e9 des ap\u00f4tres, tandis que d\u2019autres tableaux repr\u00e9sentent Saint-S\u00e9bastien, Saint-Roch ou encore Saint-V\u00e9ran, moine des \u00eeles de L\u00e9rins et fondateur d\u2019un monast\u00e8re, \u00e0 Cagnes au Ve si\u00e8cle.<\/p>\n<p>Patrimoine artistique et populaire<\/p>\n<p>Parmi les tr\u00e9sors de l\u2019\u00e9glise, une collection remarquable de trente-sept santons attire l\u2019attention. R\u00e9alis\u00e9s entre 1820 et 1850 selon la technique dite du \u00ab Carton Romain \u00bb, ils m\u00ealent pl\u00e2tre, toile de jute et armature m\u00e9tallique.\u00a0<\/p>\n<p><img loading=\"lazy\" decoding=\"async\" width=\"1120\" height=\"630\" src=\"data:image\/svg+xml,%3Csvg%20xmlns=\" http:=\"\" alt=\"14 1\" class=\"wp-image-247578\" title=\"&quot;Ce qui surprend toujours, c\u2019est son entr\u00e9e\u2026 par le toit !&quot; pourquoi pr\u00e8s de Nice cette \u00e9glise pas comme les autres vaut vraiment le d\u00e9tour 3\" data-lazy- data-lazy- data-lazy-src=\"https:\/\/www.europesays.com\/fr\/wp-content\/uploads\/2025\/08\/14-1-1120x630.jpg\"\/>[\u00a9 Romain Boisaubert \/ Nice-Presse]<\/p>\n<p>Le chemin de croix, quant \u00e0 lui, est con\u00e7u en 2000 \u00e0 l\u2019occasion du Jubil\u00e9. \u00ab Des Cagnois ont accept\u00e9 de poser pour incarner les personnages de la Passion du Christ. C\u2019est une \u0153uvre tr\u00e8s touchante, car elle m\u00eale l\u2019histoire sacr\u00e9e \u00e0 la vie du village \u00bb ajoute Jessica Garcia.<\/p>\n<p>Enfin, le clocher, \u00e9rig\u00e9 au XIX\u1d49 si\u00e8cle, conserve une horloge de 1880 et trois cloches qui rythment encore la vie du centre-ancien.<\/p>\n<p><a href=\"https:\/\/anneedelamer.nice.fr\/\" rel=\"nofollow noopener\" target=\"_blank\"><img loading=\"lazy\" decoding=\"async\" width=\"300\" height=\"300\" src=\"data:image\/svg+xml,%3Csvg%20xmlns=\" http:=\"\" alt=\"\" class=\"wp-image-235449\" data-lazy-src=\"https:\/\/www.europesays.com\/fr\/wp-content\/uploads\/2025\/04\/IMG_1416-2.png\"\/><\/a><\/p>\n","protected":false},"excerpt":{"rendered":"Face au Ch\u00e2teau Grimaldi, sur la place du Haut-de-Cagnes, se dresse une \u00e9glise pas tout \u00e0 fait comme&hellip;\n","protected":false},"author":2,"featured_media":343705,"comment_status":"","ping_status":"","sticky":false,"template":"","format":"standard","meta":{"footnotes":""},"categories":[2819],"tags":[1111,11,1777,674,1011,27,12,2401,882,25],"class_list":{"0":"post-343704","1":"post","2":"type-post","3":"status-publish","4":"format-standard","5":"has-post-thumbnail","7":"category-nice","8":"tag-actu","9":"tag-actualites","10":"tag-eu","11":"tag-europe","12":"tag-fr","13":"tag-france","14":"tag-news","15":"tag-nice","16":"tag-provence-alpes-cote-dazur","17":"tag-republique-francaise"},"share_on_mastodon":{"url":"https:\/\/pubeurope.com\/@fr\/115091480563798784","error":""},"_links":{"self":[{"href":"https:\/\/www.europesays.com\/fr\/wp-json\/wp\/v2\/posts\/343704","targetHints":{"allow":["GET"]}}],"collection":[{"href":"https:\/\/www.europesays.com\/fr\/wp-json\/wp\/v2\/posts"}],"about":[{"href":"https:\/\/www.europesays.com\/fr\/wp-json\/wp\/v2\/types\/post"}],"author":[{"embeddable":true,"href":"https:\/\/www.europesays.com\/fr\/wp-json\/wp\/v2\/users\/2"}],"replies":[{"embeddable":true,"href":"https:\/\/www.europesays.com\/fr\/wp-json\/wp\/v2\/comments?post=343704"}],"version-history":[{"count":0,"href":"https:\/\/www.europesays.com\/fr\/wp-json\/wp\/v2\/posts\/343704\/revisions"}],"wp:featuredmedia":[{"embeddable":true,"href":"https:\/\/www.europesays.com\/fr\/wp-json\/wp\/v2\/media\/343705"}],"wp:attachment":[{"href":"https:\/\/www.europesays.com\/fr\/wp-json\/wp\/v2\/media?parent=343704"}],"wp:term":[{"taxonomy":"category","embeddable":true,"href":"https:\/\/www.europesays.com\/fr\/wp-json\/wp\/v2\/categories?post=343704"},{"taxonomy":"post_tag","embeddable":true,"href":"https:\/\/www.europesays.com\/fr\/wp-json\/wp\/v2\/tags?post=343704"}],"curies":[{"name":"wp","href":"https:\/\/api.w.org\/{rel}","templated":true}]}}