{"id":343706,"date":"2025-08-25T21:16:11","date_gmt":"2025-08-25T21:16:11","guid":{"rendered":"https:\/\/www.europesays.com\/fr\/343706\/"},"modified":"2025-08-25T21:16:11","modified_gmt":"2025-08-25T21:16:11","slug":"fin-des-negociations-entre-logc-nice-et-leverkusen-pour-le-transfert-de-jonathan-clauss","status":"publish","type":"post","link":"https:\/\/www.europesays.com\/fr\/343706\/","title":{"rendered":"Fin des n\u00e9gociations entre l&rsquo;OGC Nice et Leverkusen pour le transfert de Jonathan Clauss"},"content":{"rendered":"<p>Trop \u00e9loign\u00e9es d\u00e8s le d\u00e9part, les positions des deux clubs ne se sont jamais rapproch\u00e9es car le Bayer n&rsquo;\u00e9tait pas enclin \u00e0 mettre plus que la moiti\u00e9 du prix fix\u00e9 par le Gym pour s&rsquo;attacher les services de l&rsquo;international fran\u00e7ais de 32 ans.<\/p>\n<p>Infructueuses, les n\u00e9gociations sont aujourd\u2019hui rompues, comme le rapporte Kicker ce lundi soir, et Leverkusen se serait mis sur d\u2019autres pistes pour animer son couloir droit.<\/p>\n<p>Reste \u00e0 savoir comment Clauss, li\u00e9 \u00e0 l&rsquo;OGC Nice jusqu&rsquo;en juin 2026 (avec une ann\u00e9e en option), dig\u00e9rera ce non-transfert.\u00a0<\/p>\n<p>Pour rappel, le d\u00e9fenseur \u00e9tait absent du groupe contre Auxerre samedi, officiellement en raison d&rsquo;un probl\u00e8me \u00e0 la cheville.\u00a0<\/p>\n","protected":false},"excerpt":{"rendered":"Trop \u00e9loign\u00e9es d\u00e8s le d\u00e9part, les positions des deux clubs ne se sont jamais rapproch\u00e9es car le Bayer&hellip;\n","protected":false},"author":2,"featured_media":343707,"comment_status":"","ping_status":"","sticky":false,"template":"","format":"standard","meta":{"footnotes":""},"categories":[2819],"tags":[1111,11,1777,674,1011,27,12,2401,882,25,60],"class_list":{"0":"post-343706","1":"post","2":"type-post","3":"status-publish","4":"format-standard","5":"has-post-thumbnail","7":"category-nice","8":"tag-actu","9":"tag-actualites","10":"tag-eu","11":"tag-europe","12":"tag-fr","13":"tag-france","14":"tag-news","15":"tag-nice","16":"tag-provence-alpes-cote-dazur","17":"tag-republique-francaise","18":"tag-sports"},"share_on_mastodon":{"url":"https:\/\/pubeurope.com\/@fr\/115091484359254474","error":""},"_links":{"self":[{"href":"https:\/\/www.europesays.com\/fr\/wp-json\/wp\/v2\/posts\/343706","targetHints":{"allow":["GET"]}}],"collection":[{"href":"https:\/\/www.europesays.com\/fr\/wp-json\/wp\/v2\/posts"}],"about":[{"href":"https:\/\/www.europesays.com\/fr\/wp-json\/wp\/v2\/types\/post"}],"author":[{"embeddable":true,"href":"https:\/\/www.europesays.com\/fr\/wp-json\/wp\/v2\/users\/2"}],"replies":[{"embeddable":true,"href":"https:\/\/www.europesays.com\/fr\/wp-json\/wp\/v2\/comments?post=343706"}],"version-history":[{"count":0,"href":"https:\/\/www.europesays.com\/fr\/wp-json\/wp\/v2\/posts\/343706\/revisions"}],"wp:featuredmedia":[{"embeddable":true,"href":"https:\/\/www.europesays.com\/fr\/wp-json\/wp\/v2\/media\/343707"}],"wp:attachment":[{"href":"https:\/\/www.europesays.com\/fr\/wp-json\/wp\/v2\/media?parent=343706"}],"wp:term":[{"taxonomy":"category","embeddable":true,"href":"https:\/\/www.europesays.com\/fr\/wp-json\/wp\/v2\/categories?post=343706"},{"taxonomy":"post_tag","embeddable":true,"href":"https:\/\/www.europesays.com\/fr\/wp-json\/wp\/v2\/tags?post=343706"}],"curies":[{"name":"wp","href":"https:\/\/api.w.org\/{rel}","templated":true}]}}