{"id":343708,"date":"2025-08-25T21:17:35","date_gmt":"2025-08-25T21:17:35","guid":{"rendered":"https:\/\/www.europesays.com\/fr\/343708\/"},"modified":"2025-08-25T21:17:35","modified_gmt":"2025-08-25T21:17:35","slug":"se-deplacer-a-nantes-7-nouvelles-raisons-de-laisser-sa-voiture-au-garage-cette-annee","status":"publish","type":"post","link":"https:\/\/www.europesays.com\/fr\/343708\/","title":{"rendered":"Se d\u00e9placer \u00e0 Nantes : 7 nouvelles raisons de laisser sa voiture au garage cette ann\u00e9e"},"content":{"rendered":"<p>C\u2019est l\u2019un des grands chantiers du mandat\u00a0: la r\u00e9alisation d\u2019un r\u00e9seau cyclable m\u00e9tropolitain, reliant les 24 communes. Il s\u2019appuie notamment sur l\u2019am\u00e9nagement de grands axes magistraux lisibles et s\u00e9curis\u00e9s. Trois sont en passe d\u2019\u00eatre achev\u00e9s dans leur totalit\u00e9\u00a0: l\u2019axe Gare SNCF  Botti\u00e8re-Ch\u00e9naie (3,5 km), l\u2019axe des Pas-Enchant\u00e9s, de Basse-Goulaine \u00e0 Nantes centre via Saint-S\u00e9bastien-sur-Loire, l\u2019axe Nantes  Indre via Saint-Herblain (7,5 km). C\u00f4t\u00e9 pi\u00e9tons, leurs d\u00e9placements sont facilit\u00e9s avec l\u2019extension, enti\u00e8rement achev\u00e9e cet \u00e9t\u00e9, des aires pi\u00e9tonnes dans quatre secteurs du centre de Nantes\u00a0: quai de Versailles, H\u00f4tel de ville, Cath\u00e9drale sud et Joffre.<\/p>\n","protected":false},"excerpt":{"rendered":"C\u2019est l\u2019un des grands chantiers du mandat\u00a0: la r\u00e9alisation d\u2019un r\u00e9seau cyclable m\u00e9tropolitain, reliant les 24 communes. Il&hellip;\n","protected":false},"author":2,"featured_media":343709,"comment_status":"","ping_status":"","sticky":false,"template":"","format":"standard","meta":{"footnotes":""},"categories":[2818],"tags":[1111,11,1777,674,1011,27,766,12,2636,25],"class_list":{"0":"post-343708","1":"post","2":"type-post","3":"status-publish","4":"format-standard","5":"has-post-thumbnail","7":"category-nantes","8":"tag-actu","9":"tag-actualites","10":"tag-eu","11":"tag-europe","12":"tag-fr","13":"tag-france","14":"tag-nantes","15":"tag-news","16":"tag-pays-de-la-loire","17":"tag-republique-francaise"},"share_on_mastodon":{"url":"https:\/\/pubeurope.com\/@fr\/115091488461351827","error":""},"_links":{"self":[{"href":"https:\/\/www.europesays.com\/fr\/wp-json\/wp\/v2\/posts\/343708","targetHints":{"allow":["GET"]}}],"collection":[{"href":"https:\/\/www.europesays.com\/fr\/wp-json\/wp\/v2\/posts"}],"about":[{"href":"https:\/\/www.europesays.com\/fr\/wp-json\/wp\/v2\/types\/post"}],"author":[{"embeddable":true,"href":"https:\/\/www.europesays.com\/fr\/wp-json\/wp\/v2\/users\/2"}],"replies":[{"embeddable":true,"href":"https:\/\/www.europesays.com\/fr\/wp-json\/wp\/v2\/comments?post=343708"}],"version-history":[{"count":0,"href":"https:\/\/www.europesays.com\/fr\/wp-json\/wp\/v2\/posts\/343708\/revisions"}],"wp:featuredmedia":[{"embeddable":true,"href":"https:\/\/www.europesays.com\/fr\/wp-json\/wp\/v2\/media\/343709"}],"wp:attachment":[{"href":"https:\/\/www.europesays.com\/fr\/wp-json\/wp\/v2\/media?parent=343708"}],"wp:term":[{"taxonomy":"category","embeddable":true,"href":"https:\/\/www.europesays.com\/fr\/wp-json\/wp\/v2\/categories?post=343708"},{"taxonomy":"post_tag","embeddable":true,"href":"https:\/\/www.europesays.com\/fr\/wp-json\/wp\/v2\/tags?post=343708"}],"curies":[{"name":"wp","href":"https:\/\/api.w.org\/{rel}","templated":true}]}}