{"id":343722,"date":"2025-08-25T21:25:12","date_gmt":"2025-08-25T21:25:12","guid":{"rendered":"https:\/\/www.europesays.com\/fr\/343722\/"},"modified":"2025-08-25T21:25:12","modified_gmt":"2025-08-25T21:25:12","slug":"cabaret-ouverture-03-10-2025-marseille","status":"publish","type":"post","link":"https:\/\/www.europesays.com\/fr\/343722\/","title":{"rendered":"Cabaret Ouverture &#8211; 03\/10\/2025 &#8211; Marseille"},"content":{"rendered":"<p>Comme chaque ann\u00e9e, le th\u00e9\u00e2tre Marie-Jeanne et tous les artistes pr\u00e9sents cette saison vous invitent \u00e0 d\u00e9couvrir le programme sous la forme d\u2019un spectacle de cabaret.<\/p>\n<p>En plus cette ann\u00e9e, le th\u00e9\u00e2tre Marie-Jeanne a chang\u00e9 de d\u00e9cor et profite de cette occasion pour l&rsquo;inaugurer avec vous !<\/p>\n<p>Spectacle suivi d\u2019un buffet d\u00eenatoire.<\/p>\n<p>Gratuit. Entr\u00e9e libre. R\u00e9servations fortement conseill\u00e9es.<\/p>\n","protected":false},"excerpt":{"rendered":"Comme chaque ann\u00e9e, le th\u00e9\u00e2tre Marie-Jeanne et tous les artistes pr\u00e9sents cette saison vous invitent \u00e0 d\u00e9couvrir le&hellip;\n","protected":false},"author":2,"featured_media":343723,"comment_status":"","ping_status":"","sticky":false,"template":"","format":"standard","meta":{"footnotes":""},"categories":[2814],"tags":[1111,11,1777,674,1011,27,884,12,882,25],"class_list":{"0":"post-343722","1":"post","2":"type-post","3":"status-publish","4":"format-standard","5":"has-post-thumbnail","7":"category-marseille","8":"tag-actu","9":"tag-actualites","10":"tag-eu","11":"tag-europe","12":"tag-fr","13":"tag-france","14":"tag-marseille","15":"tag-news","16":"tag-provence-alpes-cote-dazur","17":"tag-republique-francaise"},"share_on_mastodon":{"url":"https:\/\/pubeurope.com\/@fr\/115091519901597948","error":""},"_links":{"self":[{"href":"https:\/\/www.europesays.com\/fr\/wp-json\/wp\/v2\/posts\/343722","targetHints":{"allow":["GET"]}}],"collection":[{"href":"https:\/\/www.europesays.com\/fr\/wp-json\/wp\/v2\/posts"}],"about":[{"href":"https:\/\/www.europesays.com\/fr\/wp-json\/wp\/v2\/types\/post"}],"author":[{"embeddable":true,"href":"https:\/\/www.europesays.com\/fr\/wp-json\/wp\/v2\/users\/2"}],"replies":[{"embeddable":true,"href":"https:\/\/www.europesays.com\/fr\/wp-json\/wp\/v2\/comments?post=343722"}],"version-history":[{"count":0,"href":"https:\/\/www.europesays.com\/fr\/wp-json\/wp\/v2\/posts\/343722\/revisions"}],"wp:featuredmedia":[{"embeddable":true,"href":"https:\/\/www.europesays.com\/fr\/wp-json\/wp\/v2\/media\/343723"}],"wp:attachment":[{"href":"https:\/\/www.europesays.com\/fr\/wp-json\/wp\/v2\/media?parent=343722"}],"wp:term":[{"taxonomy":"category","embeddable":true,"href":"https:\/\/www.europesays.com\/fr\/wp-json\/wp\/v2\/categories?post=343722"},{"taxonomy":"post_tag","embeddable":true,"href":"https:\/\/www.europesays.com\/fr\/wp-json\/wp\/v2\/tags?post=343722"}],"curies":[{"name":"wp","href":"https:\/\/api.w.org\/{rel}","templated":true}]}}