{"id":343724,"date":"2025-08-25T21:26:12","date_gmt":"2025-08-25T21:26:12","guid":{"rendered":"https:\/\/www.europesays.com\/fr\/343724\/"},"modified":"2025-08-25T21:26:12","modified_gmt":"2025-08-25T21:26:12","slug":"om-emerson-arrive-librement-a-marseille","status":"publish","type":"post","link":"https:\/\/www.europesays.com\/fr\/343724\/","title":{"rendered":"OM : Emerson arrive librement \u00e0 Marseille"},"content":{"rendered":"<p>              <img decoding=\"async\" src=\"https:\/\/www.europesays.com\/fr\/wp-content\/uploads\/2025\/08\/om-emerson-arrive-librement-a-marseille-iconsport_252377_0012-397825.jpg\" alt=\"OM : Emerson arrive librement \u00e0 Marseille\"\/> <\/p>\n<p class=\"credit\">Icon Sport<\/p>\n<p class=\"the_post_info\">\n            Publi\u00e9 Lundi 25 Ao\u00fbt 2025 \u00e0 22:57  Dans\u00a0: <a href=\"https:\/\/www.foot01.com\/equipe\/marseille\/\" rel=\"nofollow noopener\" target=\"_blank\">OM<\/a>.<br \/>Par <a href=\"https:\/\/www.foot01.com\/author\/2\/\" rel=\"nofollow noopener\" target=\"_blank\">Claude Dautel<\/a>\n          <\/p>\n<p><strong>L&rsquo;Olympique de Marseille devrait rapidement officialiser la signature d&rsquo;Emerson en provenance de West Ham. Roberto De Zerbi va avoir un choix d\u00e9fensif suppl\u00e9mentaire.\u00a0<\/strong><\/p>\n<p>L&rsquo;OM cherchait un lat\u00e9ral gauche et sauf retournement improbable de situation, Pablo Longoria et Medhi Benatia ont trouv\u00e9 le joueur qui convenait pour leur entra\u00eeneur. Et en plus l&rsquo;op\u00e9ration sera neutre pour le club phoc\u00e9en, ce qui permettra d&rsquo;investir sur d&rsquo;autres joueurs d&rsquo;ici la fin du mercato le 1er septembre prochain \u00e0 20 heures. L&rsquo;Equipe\u00a0confirme qu&rsquo;<a href=\"https:\/\/www.foot01.com\/equipe\/marseille\/l-om-a-son-lateral-emerson-palmieri-arrive-459086\" target=\"_blank\" rel=\"noopener nofollow\" title=\"Emerson OM\">Emerson, qui a pass\u00e9 une saison en Ligue 1 \u00e0 l&rsquo;OL, mais \u00e9volue d\u00e9sormais \u00e0 West Ham s&rsquo;appr\u00eate \u00e0 s&rsquo;engager jusqu&rsquo;en 2027<\/a> dans des conditions favorables pour Marseille.<\/p>\n<blockquote class=\"twitter-tweet\"><p>&#13;<\/p>\n<p lang=\"fr\" dir=\"ltr\">L&rsquo;OM a son lat\u00e9ral, Emerson Palmieri arrive ! <a href=\"https:\/\/t.co\/cgY3kuqJHq\" rel=\"nofollow\">https:\/\/t.co\/cgY3kuqJHq<\/a><\/p>\n<p>&#13;<br \/>\n\u2014 Foot01.com (@Foot01_com) <a href=\"https:\/\/twitter.com\/Foot01_com\/status\/1959964133752770961?ref_src=twsrc%5Etfw\" rel=\"nofollow noopener\" target=\"_blank\">August 25, 2025<\/a><\/p><\/blockquote>\n<p>Le quotidien sportif pr\u00e9cise en effet que le d\u00e9fenseur de 31 ans, qui s&rsquo;\u00e9tait fait conna\u00eetre sous le maillot du FC Santos avant de passer par quelques gros clubs europ\u00e9ens, va arriver gratuitement en provenance du club londonien. West Ham aurait en effet accept\u00e9 de lib\u00e9rer son joueur \u00e0 un an de la fin de son contrat et c&rsquo;est donc l&rsquo;Olympique de Marseille qui va en profiter. Emerson pourrait signer son nouveau contrat avec l&rsquo;<a href=\"https:\/\/www.foot01.com\/equipe\/marseille\/\" target=\"_blank\" rel=\"noopener nofollow\" title=\"OM\">OM<\/a> dans les prochaines 48 heures.\u00a0<\/p>\n<p>\u00a0<\/p>\n<p>      <script async src=\"https:\/\/platform.twitter.com\/widgets.js\" charset=\"utf-8\"><\/script><\/p>\n","protected":false},"excerpt":{"rendered":"Icon Sport Publi\u00e9 Lundi 25 Ao\u00fbt 2025 \u00e0 22:57 Dans\u00a0: OM.Par Claude Dautel L&rsquo;Olympique de Marseille devrait rapidement&hellip;\n","protected":false},"author":2,"featured_media":343725,"comment_status":"","ping_status":"","sticky":false,"template":"","format":"standard","meta":{"footnotes":""},"categories":[2814],"tags":[1111,11,1777,674,1011,27,884,12,882,25],"class_list":{"0":"post-343724","1":"post","2":"type-post","3":"status-publish","4":"format-standard","5":"has-post-thumbnail","7":"category-marseille","8":"tag-actu","9":"tag-actualites","10":"tag-eu","11":"tag-europe","12":"tag-fr","13":"tag-france","14":"tag-marseille","15":"tag-news","16":"tag-provence-alpes-cote-dazur","17":"tag-republique-francaise"},"share_on_mastodon":{"url":"https:\/\/pubeurope.com\/@fr\/115091523759772120","error":""},"_links":{"self":[{"href":"https:\/\/www.europesays.com\/fr\/wp-json\/wp\/v2\/posts\/343724","targetHints":{"allow":["GET"]}}],"collection":[{"href":"https:\/\/www.europesays.com\/fr\/wp-json\/wp\/v2\/posts"}],"about":[{"href":"https:\/\/www.europesays.com\/fr\/wp-json\/wp\/v2\/types\/post"}],"author":[{"embeddable":true,"href":"https:\/\/www.europesays.com\/fr\/wp-json\/wp\/v2\/users\/2"}],"replies":[{"embeddable":true,"href":"https:\/\/www.europesays.com\/fr\/wp-json\/wp\/v2\/comments?post=343724"}],"version-history":[{"count":0,"href":"https:\/\/www.europesays.com\/fr\/wp-json\/wp\/v2\/posts\/343724\/revisions"}],"wp:featuredmedia":[{"embeddable":true,"href":"https:\/\/www.europesays.com\/fr\/wp-json\/wp\/v2\/media\/343725"}],"wp:attachment":[{"href":"https:\/\/www.europesays.com\/fr\/wp-json\/wp\/v2\/media?parent=343724"}],"wp:term":[{"taxonomy":"category","embeddable":true,"href":"https:\/\/www.europesays.com\/fr\/wp-json\/wp\/v2\/categories?post=343724"},{"taxonomy":"post_tag","embeddable":true,"href":"https:\/\/www.europesays.com\/fr\/wp-json\/wp\/v2\/tags?post=343724"}],"curies":[{"name":"wp","href":"https:\/\/api.w.org\/{rel}","templated":true}]}}