{"id":343728,"date":"2025-08-25T21:28:15","date_gmt":"2025-08-25T21:28:15","guid":{"rendered":"https:\/\/www.europesays.com\/fr\/343728\/"},"modified":"2025-08-25T21:28:15","modified_gmt":"2025-08-25T21:28:15","slug":"malgre-la-defaite-du-fc-metz-a-lyon-des-raisons-desperer","status":"publish","type":"post","link":"https:\/\/www.europesays.com\/fr\/343728\/","title":{"rendered":"Malgr\u00e9 la d\u00e9faite du FC Metz \u00e0 Lyon, des raisons d&rsquo;esp\u00e9rer\u00a0?"},"content":{"rendered":"<p class=\"PopSlotParagraph qg-tx2 qg-xtra-lh svelte-1r0pyek\">Une d\u00e9faite peut-elle \u00eatre encourageante\u00a0? Oui, si l&rsquo;on consid\u00e8re\u00a0<a href=\"https:\/\/www.francebleu.fr\/sports\/football\/direct-ligue-1-suivez-le-deplacement-du-fc-metz-sur-la-pelouse-de-l-olympique-lyonnais-1010220\" target=\"_blank\" rel=\"noopener nofollow\" class=\"\" data-testid=\"link\">qu&rsquo;\u00e0 Lyon<\/a>, le FC Metz fut bien meilleur dans l&rsquo;utilisation du ballon qu&rsquo;il ne l&rsquo;avait \u00e9t\u00e9 une semaine plus t\u00f4t\u00a0<a href=\"https:\/\/www.francebleu.fr\/sports\/football\/direct-ligue-1-vivez-la-rencontre-entre-le-fc-metz-et-le-racing-club-de-strasbourg-4127371\" target=\"_blank\" rel=\"noopener nofollow\" class=\"\" data-testid=\"link\">contre Strasbourg<\/a>. Non, car en football, tout n&rsquo;est finalement question que d&rsquo;efficacit\u00e9 et, aux deux extr\u00e9mit\u00e9s du terrain, les Grenats n&rsquo;ont guerre brill\u00e9 tant ils \u00e9taient trop l\u00e9gers devant, et trop d\u00e9munis derri\u00e8re d\u00e8s que l&rsquo;OL acc\u00e9l\u00e9rait.<\/p>\n<p> Le programme de Lundi c&rsquo;est Graoully<\/p>\n<ul>\n<li>Des raisons d&rsquo;y croire, malgr\u00e9 tout, apr\u00e8s Lyon\u00a0?<\/li>\n<li>Comment sanctionner Cheick Sabaly, qui a s\u00e9ch\u00e9 entra\u00eenements et rencontre \u00e0 Lyon<\/li>\n<li>Premi\u00e8re priorit\u00e9 du FC Metz durant cette\u00a0<a href=\"https:\/\/www.francebleu.fr\/sports\/football\/fc-metz-le-point-sur-l-effectif-en-vue-de-la-ligue-1-1079630\" target=\"_blank\" rel=\"noopener nofollow\" class=\"\" data-testid=\"link\">derni\u00e8re semaine de mercato<\/a>\u00a0: vendre. Et la seconde\u00a0: recruter en attaque ou en d\u00e9fense\u00a0?<\/li>\n<\/ul>\n","protected":false},"excerpt":{"rendered":"Une d\u00e9faite peut-elle \u00eatre encourageante\u00a0? Oui, si l&rsquo;on consid\u00e8re\u00a0qu&rsquo;\u00e0 Lyon, le FC Metz fut bien meilleur dans l&rsquo;utilisation&hellip;\n","protected":false},"author":2,"featured_media":343729,"comment_status":"","ping_status":"","sticky":false,"template":"","format":"standard","meta":{"footnotes":""},"categories":[1889],"tags":[1111,11,2430,1777,674,1011,27,2428,12,25],"class_list":{"0":"post-343728","1":"post","2":"type-post","3":"status-publish","4":"format-standard","5":"has-post-thumbnail","7":"category-lyon","8":"tag-actu","9":"tag-actualites","10":"tag-auvergne-rhone-alpes","11":"tag-eu","12":"tag-europe","13":"tag-fr","14":"tag-france","15":"tag-lyon","16":"tag-news","17":"tag-republique-francaise"},"share_on_mastodon":{"url":"https:\/\/pubeurope.com\/@fr\/115091531552601604","error":""},"_links":{"self":[{"href":"https:\/\/www.europesays.com\/fr\/wp-json\/wp\/v2\/posts\/343728","targetHints":{"allow":["GET"]}}],"collection":[{"href":"https:\/\/www.europesays.com\/fr\/wp-json\/wp\/v2\/posts"}],"about":[{"href":"https:\/\/www.europesays.com\/fr\/wp-json\/wp\/v2\/types\/post"}],"author":[{"embeddable":true,"href":"https:\/\/www.europesays.com\/fr\/wp-json\/wp\/v2\/users\/2"}],"replies":[{"embeddable":true,"href":"https:\/\/www.europesays.com\/fr\/wp-json\/wp\/v2\/comments?post=343728"}],"version-history":[{"count":0,"href":"https:\/\/www.europesays.com\/fr\/wp-json\/wp\/v2\/posts\/343728\/revisions"}],"wp:featuredmedia":[{"embeddable":true,"href":"https:\/\/www.europesays.com\/fr\/wp-json\/wp\/v2\/media\/343729"}],"wp:attachment":[{"href":"https:\/\/www.europesays.com\/fr\/wp-json\/wp\/v2\/media?parent=343728"}],"wp:term":[{"taxonomy":"category","embeddable":true,"href":"https:\/\/www.europesays.com\/fr\/wp-json\/wp\/v2\/categories?post=343728"},{"taxonomy":"post_tag","embeddable":true,"href":"https:\/\/www.europesays.com\/fr\/wp-json\/wp\/v2\/tags?post=343728"}],"curies":[{"name":"wp","href":"https:\/\/api.w.org\/{rel}","templated":true}]}}