{"id":343736,"date":"2025-08-25T21:33:13","date_gmt":"2025-08-25T21:33:13","guid":{"rendered":"https:\/\/www.europesays.com\/fr\/343736\/"},"modified":"2025-08-25T21:33:13","modified_gmt":"2025-08-25T21:33:13","slug":"courbevoie-ils-escaladent-la-facade-pour-un-cambriolage-estime-a-250-000-euros","status":"publish","type":"post","link":"https:\/\/www.europesays.com\/fr\/343736\/","title":{"rendered":"Courbevoie\u00a0: ils escaladent la fa\u00e7ade pour un cambriolage estim\u00e9 \u00e0 250\u00a0000\u00a0euros"},"content":{"rendered":"<p class=\"paragraph text_align_left lp-f-body-02\">Pour entrer dans l\u2019appartement cibl\u00e9, le ou les cambrioleur(s) n\u2019ont pas h\u00e9sit\u00e9 \u00e0 faire de l\u2019escalade. Sans que l\u2019on ne sache exactement comment ils s\u2019y sont pris, ils auraient atteint le neuvi\u00e8me \u00e9tage en progressant d\u2019\u00e9tage en \u00e9tage par le mur de la fa\u00e7ade de ce b\u00e2timent de la rue Sainte-Marie, \u00e0 Courbevoie.<\/p>\n<p class=\"paragraph text_align_left lp-f-body-02\">Une fois sur le balcon de l\u2019appartement cambriol\u00e9, les malfaiteurs ont forc\u00e9 une porte-fen\u00eatre pour entrer dans les lieux. \u00c0 l\u2019int\u00e9rieur, ils sont parvenus \u00e0 <a href=\"https:\/\/www.leparisien.fr\/hauts-de-seine-92\/deguises-en-facteurs-ils-volent-une-montre-estimee-a-115-000-euros-a-chatenay-malabry-10-08-2025-KZV6E5N4R5GWBFPNMR6T3LJTMY.php\" target=\"_blank\" rel=\"noreferrer noopener\">mettre la main sur les bijoux<\/a> et la maroquinerie de luxe des occupants des lieux.<\/p>\n<p class=\"paragraph text_align_left lp-f-body-02\">Selon les premi\u00e8res estimations, le pr\u00e9judice s\u2019\u00e9l\u00e8verait \u00e0 quelque 250 000 euros. Les bijoux vol\u00e9s repr\u00e9sentent environ 200 000 euros et les sacs de luxe, une dizaine de pi\u00e8ces, environ 50 000 euros.<\/p>\n<p class=\"paragraph text_align_left lp-f-body-02\">Constat\u00e9 ce dimanche soir vers 20 heures, le cambriolage aurait \u00e9t\u00e9 commis au cours de la nuit pr\u00e9c\u00e9dente. Pour identifier et arr\u00eater le ou les auteur(s) de ce vol avec effraction, le parquet de Nanterre a saisi le service d\u00e9partemental de police judiciaire. Des pr\u00e9l\u00e8vements de traces ont \u00e9t\u00e9 r\u00e9alis\u00e9s afin d\u2019isoler \u00e9ventuellement des empreintes digitales ou des profils g\u00e9n\u00e9tiques.<\/p>\n<p class=\"paragraph text_align_left lp-f-body-02\">Ce lundi, aucun suspect n\u2019avait \u00e9t\u00e9 interpell\u00e9.<\/p>\n","protected":false},"excerpt":{"rendered":"Pour entrer dans l\u2019appartement cibl\u00e9, le ou les cambrioleur(s) n\u2019ont pas h\u00e9sit\u00e9 \u00e0 faire de l\u2019escalade. Sans que&hellip;\n","protected":false},"author":2,"featured_media":343737,"comment_status":"","ping_status":"","sticky":false,"template":"","format":"standard","meta":{"footnotes":""},"categories":[1888],"tags":[11,1777,674,1011,27,3314,1944,12,626,25],"class_list":{"0":"post-343736","1":"post","2":"type-post","3":"status-publish","4":"format-standard","5":"has-post-thumbnail","7":"category-paris","8":"tag-actualites","9":"tag-eu","10":"tag-europe","11":"tag-fr","12":"tag-france","13":"tag-hauts-de-seine","14":"tag-ma-ville","15":"tag-news","16":"tag-paris","17":"tag-republique-francaise"},"share_on_mastodon":{"url":"https:\/\/pubeurope.com\/@fr\/115091551302893889","error":""},"_links":{"self":[{"href":"https:\/\/www.europesays.com\/fr\/wp-json\/wp\/v2\/posts\/343736","targetHints":{"allow":["GET"]}}],"collection":[{"href":"https:\/\/www.europesays.com\/fr\/wp-json\/wp\/v2\/posts"}],"about":[{"href":"https:\/\/www.europesays.com\/fr\/wp-json\/wp\/v2\/types\/post"}],"author":[{"embeddable":true,"href":"https:\/\/www.europesays.com\/fr\/wp-json\/wp\/v2\/users\/2"}],"replies":[{"embeddable":true,"href":"https:\/\/www.europesays.com\/fr\/wp-json\/wp\/v2\/comments?post=343736"}],"version-history":[{"count":0,"href":"https:\/\/www.europesays.com\/fr\/wp-json\/wp\/v2\/posts\/343736\/revisions"}],"wp:featuredmedia":[{"embeddable":true,"href":"https:\/\/www.europesays.com\/fr\/wp-json\/wp\/v2\/media\/343737"}],"wp:attachment":[{"href":"https:\/\/www.europesays.com\/fr\/wp-json\/wp\/v2\/media?parent=343736"}],"wp:term":[{"taxonomy":"category","embeddable":true,"href":"https:\/\/www.europesays.com\/fr\/wp-json\/wp\/v2\/categories?post=343736"},{"taxonomy":"post_tag","embeddable":true,"href":"https:\/\/www.europesays.com\/fr\/wp-json\/wp\/v2\/tags?post=343736"}],"curies":[{"name":"wp","href":"https:\/\/api.w.org\/{rel}","templated":true}]}}