{"id":343739,"date":"2025-08-25T21:35:16","date_gmt":"2025-08-25T21:35:16","guid":{"rendered":"https:\/\/www.europesays.com\/fr\/343739\/"},"modified":"2025-08-25T21:35:16","modified_gmt":"2025-08-25T21:35:16","slug":"guerre-en-ukraine-zelensky-discute-de-sanctions-contre-la-russie-avec-lemissaire-de-trump","status":"publish","type":"post","link":"https:\/\/www.europesays.com\/fr\/343739\/","title":{"rendered":"Guerre en Ukraine\u00a0: Zelensky discute de sanctions contre la Russie avec l\u2019\u00e9missaire de Trump"},"content":{"rendered":"<p>\u00ab\u00a0J\u2019ai eu une bonne r\u00e9union avec l\u2019Envoy\u00e9 sp\u00e9cial du pr\u00e9sident des Etats-Unis, le g\u00e9n\u00e9ral Keith Kellogg\u00a0\u00bb, a \u00e9crit Volodymyr Zelensky sur les r\u00e9seaux sociaux. \u00ab\u00a0Nous avons discut\u00e9 de la mani\u00e8re dont nous pouvons influencer les Russes, les contraindre \u00e0 prendre part \u00e0 de r\u00e9elles n\u00e9gociations et \u00e0 mettre fin \u00e0 la guerre. Sanctions, droits de douane \u2013 tout doit rester \u00e0 l\u2019ordre du jour\u00a0\u00bb, a-t-il ajout\u00e9. Il a par ailleurs affirm\u00e9 que Washington et Kiev \u00e9laboraient des garanties de s\u00e9curit\u00e9, r\u00e9clam\u00e9es par l\u2019Ukraine \u00e0 ses alli\u00e9s occidentaux pour se prot\u00e9ger de futures attaques russes en cas d\u2019accord de paix. Volodymyr Zelensky a dit s\u2019attendre \u00e0 ce que leurs principaux points soient esquiss\u00e9s \u00ab\u00a0sous peu\u00a0\u00bb. Mais trouver un accord sur les garanties de s\u00e9curit\u00e9 s\u2019annonce complexe.<\/p>\n<p>Europ\u00e9ens et Am\u00e9ricains ont \u00e9voqu\u00e9 diff\u00e9rentes possibilit\u00e9s allant d\u2019une clause de s\u00e9curit\u00e9 collective inspir\u00e9e de l\u2019article 5 de l\u2019Otan, au d\u00e9ploiement d\u2019un contingent militaire en Ukraine, ou encore \u00e0 un soutien en mati\u00e8re de formation et d\u2019armements. Moscou, qui consid\u00e8re l\u2019expansion de l\u2019Otan \u00e0 ses fronti\u00e8res comme l\u2019une des \u00ab\u00a0causes profondes\u00a0\u00bb ayant men\u00e9 au conflit, rejette de son c\u00f4t\u00e9 cat\u00e9goriquement la plupart de ces \u00e9ventualit\u00e9s et veut que ses exigences soient prises en compte.<\/p>\n<p>L\u2019\u00e9missaire am\u00e9ricain Keith Kellogg s\u2019est rendu en Ukraine pour participer le week-end dernier \u00e0 la c\u00e9l\u00e9bration de l\u2019ind\u00e9pendance de cette ancienne r\u00e9publique sovi\u00e9tique, envahie par la Russie depuis\u00a02022.<\/p>\n","protected":false},"excerpt":{"rendered":"\u00ab\u00a0J\u2019ai eu une bonne r\u00e9union avec l\u2019Envoy\u00e9 sp\u00e9cial du pr\u00e9sident des Etats-Unis, le g\u00e9n\u00e9ral Keith Kellogg\u00a0\u00bb, a \u00e9crit&hellip;\n","protected":false},"author":2,"featured_media":343740,"comment_status":"","ping_status":"","sticky":false,"template":"","format":"standard","meta":{"footnotes":""},"categories":[1591],"tags":[11,1887,12,1885,1886,132],"class_list":{"0":"post-343739","1":"post","2":"type-post","3":"status-publish","4":"format-standard","5":"has-post-thumbnail","7":"category-russie","8":"tag-actualites","9":"tag-federation-de-russie","10":"tag-news","11":"tag-russia","12":"tag-russian-federation","13":"tag-russie"},"share_on_mastodon":{"url":"https:\/\/pubeurope.com\/@fr\/115091559475510372","error":""},"_links":{"self":[{"href":"https:\/\/www.europesays.com\/fr\/wp-json\/wp\/v2\/posts\/343739","targetHints":{"allow":["GET"]}}],"collection":[{"href":"https:\/\/www.europesays.com\/fr\/wp-json\/wp\/v2\/posts"}],"about":[{"href":"https:\/\/www.europesays.com\/fr\/wp-json\/wp\/v2\/types\/post"}],"author":[{"embeddable":true,"href":"https:\/\/www.europesays.com\/fr\/wp-json\/wp\/v2\/users\/2"}],"replies":[{"embeddable":true,"href":"https:\/\/www.europesays.com\/fr\/wp-json\/wp\/v2\/comments?post=343739"}],"version-history":[{"count":0,"href":"https:\/\/www.europesays.com\/fr\/wp-json\/wp\/v2\/posts\/343739\/revisions"}],"wp:featuredmedia":[{"embeddable":true,"href":"https:\/\/www.europesays.com\/fr\/wp-json\/wp\/v2\/media\/343740"}],"wp:attachment":[{"href":"https:\/\/www.europesays.com\/fr\/wp-json\/wp\/v2\/media?parent=343739"}],"wp:term":[{"taxonomy":"category","embeddable":true,"href":"https:\/\/www.europesays.com\/fr\/wp-json\/wp\/v2\/categories?post=343739"},{"taxonomy":"post_tag","embeddable":true,"href":"https:\/\/www.europesays.com\/fr\/wp-json\/wp\/v2\/tags?post=343739"}],"curies":[{"name":"wp","href":"https:\/\/api.w.org\/{rel}","templated":true}]}}