{"id":343741,"date":"2025-08-25T21:36:19","date_gmt":"2025-08-25T21:36:19","guid":{"rendered":"https:\/\/www.europesays.com\/fr\/343741\/"},"modified":"2025-08-25T21:36:19","modified_gmt":"2025-08-25T21:36:19","slug":"la-presence-de-woody-allen-a-un-festival-de-cinema-russe-denoncee-par-kiev","status":"publish","type":"post","link":"https:\/\/www.europesays.com\/fr\/343741\/","title":{"rendered":"La pr\u00e9sence de Woody Allen \u00e0 un festival de cin\u00e9ma russe d\u00e9nonc\u00e9e par Kiev"},"content":{"rendered":"<p><strong>MALAISE &#8211; L\u2019Ukraine a d\u00e9nonc\u00e9 la participation de Woody Allen \u00e0 un festival de Moscou, qualifi\u00e9e \u00ab\u00a0d\u2019insulte\u00a0\u00bb aux victimes de la guerre. Le r\u00e9alisateur a affirm\u00e9 qu\u2019il pourrait tourner en Russie, jugeant le pays \u00ab\u00a0merveilleux\u00a0\u00bb<\/strong><\/p>\n<p>L\u2019<a href=\"https:\/\/www.20minutes.fr\/monde\/ukraine\/?at_medium=RSS%20feed&amp;at_campaign=ynews&amp;utm_source=yahoo&amp;utm_medium=rss&amp;utm_campaign=news_feed&amp;utm_content=in_article_link\" rel=\"nofollow noopener\" target=\"_blank\" data-ylk=\"slk:Ukraine;elm:context_link;itc:0;sec:content-canvas\" class=\"link \">Ukraine<\/a> a fustig\u00e9 l\u2019apparition en visioconf\u00e9rence de <a href=\"https:\/\/www.20minutes.fr\/dossier\/woody_allen?at_medium=RSS%20feed&amp;at_campaign=ynews&amp;utm_source=yahoo&amp;utm_medium=rss&amp;utm_campaign=news_feed&amp;utm_content=in_article_link\" rel=\"nofollow noopener\" target=\"_blank\" data-ylk=\"slk:Woody Allen;elm:context_link;itc:0;sec:content-canvas\" class=\"link \">Woody Allen<\/a> lors de la Semaine du film international de Moscou, estimant qu\u2019elle repr\u00e9sentait une offense aux victimes de la guerre men\u00e9e par la <a href=\"https:\/\/www.20minutes.fr\/monde\/russie\/?at_medium=RSS%20feed&amp;at_campaign=ynews&amp;utm_source=yahoo&amp;utm_medium=rss&amp;utm_campaign=news_feed&amp;utm_content=in_article_link\" rel=\"nofollow noopener\" target=\"_blank\" data-ylk=\"slk:Russie;elm:context_link;itc:0;sec:content-canvas\" class=\"link \">Russie<\/a>.<\/p>\n<p>Le <a href=\"https:\/\/www.20minutes.fr\/arts-stars\/cinema\/?at_medium=RSS%20feed&amp;at_campaign=ynews&amp;utm_source=yahoo&amp;utm_medium=rss&amp;utm_campaign=news_feed&amp;utm_content=in_article_link\" rel=\"nofollow noopener\" target=\"_blank\" data-ylk=\"slk:cin\u00e9aste;elm:context_link;itc:0;sec:content-canvas\" class=\"link \">cin\u00e9aste<\/a> am\u00e9ricain de 89 ans, marginalis\u00e9 \u00e0 Hollywood depuis les accusations d\u2019<a href=\"https:\/\/www.20minutes.fr\/dossier\/agression_sexuelle?at_medium=RSS%20feed&amp;at_campaign=ynews&amp;utm_source=yahoo&amp;utm_medium=rss&amp;utm_campaign=news_feed&amp;utm_content=in_article_link\" rel=\"nofollow noopener\" target=\"_blank\" data-ylk=\"slk:agression sexuelle;elm:context_link;itc:0;sec:content-canvas\" class=\"link \">agression sexuelle<\/a> formul\u00e9es par sa fille adoptive Dylan Farrow, est intervenu dimanche lors d\u2019un \u00e9change en ligne mod\u00e9r\u00e9 par le r\u00e9alisateur russe Fiodor Bondartchouk, soutien affich\u00e9 de Vladimir Poutine.<\/p>\n<p>\u00ab\u00a0Une honte et une insulte\u00a0\u00bb, selon Kiev<\/p>\n<p>Le minist\u00e8re ukrainien des <a href=\"https:\/\/www.20minutes.fr\/dossier\/affaires_etrangeres?at_medium=RSS%20feed&amp;at_campaign=ynews&amp;utm_source=yahoo&amp;utm_medium=rss&amp;utm_campaign=news_feed&amp;utm_content=in_article_link\" rel=\"nofollow noopener\" target=\"_blank\" data-ylk=\"slk:Affaires \u00e9trang\u00e8res;elm:context_link;itc:0;sec:content-canvas\" class=\"link \">Affaires \u00e9trang\u00e8res<\/a> a jug\u00e9 que sa participation constituait \u00ab\u00a0une honte et une insulte au sacrifice des <a href=\"https:\/\/www.20minutes.fr\/dossier\/acteur?at_medium=RSS%20feed&amp;at_campaign=ynews&amp;utm_source=yahoo&amp;utm_medium=rss&amp;utm_campaign=news_feed&amp;utm_content=in_article_link\" rel=\"nofollow noopener\" target=\"_blank\" data-ylk=\"slk:acteurs;elm:context_link;itc:0;sec:content-canvas\" class=\"link \">acteurs<\/a> et cin\u00e9astes ukrainiens qui ont \u00e9t\u00e9 tu\u00e9s ou bless\u00e9s par des criminels de guerre russes\u00a0\u00bb. <a href=\"https:\/\/www.20minutes.fr\/dossier\/kiev?at_medium=RSS%20feed&amp;at_campaign=ynews&amp;utm_source=yahoo&amp;utm_medium=rss&amp;utm_campaign=news_feed&amp;utm_content=in_article_link\" rel=\"nofollow noopener\" target=\"_blank\" data-ylk=\"slk:Kiev;elm:context_link;itc:0;sec:content-canvas\" class=\"link \">Kiev<\/a> a ajout\u00e9 que Woody Allen \u00ab\u00a0choisit de fermer les yeux sur les atrocit\u00e9s que la Russie commet en Ukraine\u00a0\u00bb, rappelant que \u00ab\u00a0la culture ne doit jamais \u00eatre utilis\u00e9e pour blanchir des crimes\u00a0\u00bb.<\/p>\n<p>Selon l\u2019agence Ria Novosti, le <a href=\"https:\/\/www.20minutes.fr\/dossier\/realisateur?at_medium=RSS%20feed&amp;at_campaign=ynews&amp;utm_source=yahoo&amp;utm_medium=rss&amp;utm_campaign=news_feed&amp;utm_content=in_article_link\" rel=\"nofollow noopener\" target=\"_blank\" data-ylk=\"slk:r\u00e9alisateur;elm:context_link;itc:0;sec:content-canvas\" class=\"link \">r\u00e9alisateur<\/a> a d\u00e9clar\u00e9 qu\u2019il envisagerait de tourner en Russie si une proposition lui \u00e9tait faite\u00a0: \u00ab\u00a0Si de telles propositions existaient, je m\u2019assi\u00e9rais et r\u00e9fl\u00e9chirais \u00e0 un sc\u00e9nario sur le bien-\u00eatre que l\u2019on peut ressentir \u00e0 <a href=\"https:\/\/www.20minutes.fr\/monde\/moscou\/?at_medium=RSS%20feed&amp;at_campaign=ynews&amp;utm_source=yahoo&amp;utm_medium=rss&amp;utm_campaign=news_feed&amp;utm_content=in_article_link\" rel=\"nofollow noopener\" target=\"_blank\" data-ylk=\"slk:Moscou;elm:context_link;itc:0;sec:content-canvas\" class=\"link \">Moscou<\/a> et \u00e0 Saint-P\u00e9tersbourg.\u00a0\u00bb Il a \u00e9galement confi\u00e9 que son passage en Union sovi\u00e9tique n\u2019avait \u00ab\u00a0pas \u00e9t\u00e9 tr\u00e8s agr\u00e9able\u00a0\u00bb, avant de pr\u00e9ciser que \u00ab\u00a0tout avait chang\u00e9, la Russie est devenue merveilleuse\u00a0\u00bb.<\/p>\n<p>L\u2019industrie du cin\u00e9ma contre Woody Allen<\/p>\n<p>Depuis le d\u00e9clenchement de la g(&#8230;)<\/p>\n<p><a href=\"https:\/\/www.20minutes.fr\/monde\/ukraine\/4169499-20250825-guerre-ukraine-presence-woody-allen-festival-cinema-russe-denoncee-kiev?at_medium=RSS%20feed&amp;at_campaign=ynews&amp;utm_source=yahoo&amp;utm_medium=rss&amp;utm_campaign=news_feed&amp;utm_content=read_more_link&quot;\" rel=\"nofollow noopener\" target=\"_blank\" data-ylk=\"slk:Lire la suite sur 20minutes;elm:context_link;itc:0;sec:content-canvas\" class=\"link \">Lire la suite sur 20minutes<\/a><\/p>\n<p>\u00c0 lire aussi :<br \/><a href=\"https:\/\/www.20minutes.fr\/arts-stars\/cinema\/2600511-20190915-woody-allen-six-questions-comprendre-soupcons-agression-sexuelle-pesent-realisateur?at_medium=RSS%20feed&amp;at_campaign=ynews&amp;utm_source=yahoo&amp;utm_medium=rss&amp;utm_campaign=news_feed&amp;utm_content=related_content_link\" rel=\"nofollow noopener\" target=\"_blank\" data-ylk=\"slk:Woody Allen: Six questions pour comprendre les soup\u00e7ons d&#039;agression sexuelle qui p\u00e8sent sur le r\u00e9alisateur;elm:context_link;itc:0;sec:content-canvas\" class=\"link \">Woody Allen: Six questions pour comprendre les soup\u00e7ons d&rsquo;agression sexuelle qui p\u00e8sent sur le r\u00e9alisateur<\/a><br \/><a href=\"https:\/\/www.20minutes.fr\/arts-stars\/people\/4122611-20241123-rebecca-hall-regrette-avoir-presente-excuses-avoir-travaille-woody-allen?at_medium=RSS%20feed&amp;at_campaign=ynews&amp;utm_source=yahoo&amp;utm_medium=rss&amp;utm_campaign=news_feed&amp;utm_content=related_content_link\" rel=\"nofollow noopener\" target=\"_blank\" data-ylk=\"slk:Rebecca Hall regrette d\u2019avoir pr\u00e9sent\u00e9 ses excuses pour avoir travaill\u00e9 avec Woody Allen;elm:context_link;itc:0;sec:content-canvas\" class=\"link \">Rebecca Hall regrette d\u2019avoir pr\u00e9sent\u00e9 ses excuses pour avoir travaill\u00e9 avec Woody Allen<\/a><\/p>\n","protected":false},"excerpt":{"rendered":"MALAISE &#8211; L\u2019Ukraine a d\u00e9nonc\u00e9 la participation de Woody Allen \u00e0 un festival de Moscou, qualifi\u00e9e \u00ab\u00a0d\u2019insulte\u00a0\u00bb aux&hellip;\n","protected":false},"author":2,"featured_media":343742,"comment_status":"","ping_status":"","sticky":false,"template":"","format":"standard","meta":{"footnotes":""},"categories":[1590],"tags":[11,1777,674,2489,12,220,47962,47949],"class_list":{"0":"post-343741","1":"post","2":"type-post","3":"status-publish","4":"format-standard","5":"has-post-thumbnail","7":"category-ukraine","8":"tag-actualites","9":"tag-eu","10":"tag-europe","11":"tag-la-russie","12":"tag-news","13":"tag-ukraine","14":"tag-victimes-de-la-guerre","15":"tag-woody-allen"},"share_on_mastodon":{"url":"https:\/\/pubeurope.com\/@fr\/115091563699103828","error":""},"_links":{"self":[{"href":"https:\/\/www.europesays.com\/fr\/wp-json\/wp\/v2\/posts\/343741","targetHints":{"allow":["GET"]}}],"collection":[{"href":"https:\/\/www.europesays.com\/fr\/wp-json\/wp\/v2\/posts"}],"about":[{"href":"https:\/\/www.europesays.com\/fr\/wp-json\/wp\/v2\/types\/post"}],"author":[{"embeddable":true,"href":"https:\/\/www.europesays.com\/fr\/wp-json\/wp\/v2\/users\/2"}],"replies":[{"embeddable":true,"href":"https:\/\/www.europesays.com\/fr\/wp-json\/wp\/v2\/comments?post=343741"}],"version-history":[{"count":0,"href":"https:\/\/www.europesays.com\/fr\/wp-json\/wp\/v2\/posts\/343741\/revisions"}],"wp:featuredmedia":[{"embeddable":true,"href":"https:\/\/www.europesays.com\/fr\/wp-json\/wp\/v2\/media\/343742"}],"wp:attachment":[{"href":"https:\/\/www.europesays.com\/fr\/wp-json\/wp\/v2\/media?parent=343741"}],"wp:term":[{"taxonomy":"category","embeddable":true,"href":"https:\/\/www.europesays.com\/fr\/wp-json\/wp\/v2\/categories?post=343741"},{"taxonomy":"post_tag","embeddable":true,"href":"https:\/\/www.europesays.com\/fr\/wp-json\/wp\/v2\/tags?post=343741"}],"curies":[{"name":"wp","href":"https:\/\/api.w.org\/{rel}","templated":true}]}}