{"id":343743,"date":"2025-08-25T21:37:11","date_gmt":"2025-08-25T21:37:11","guid":{"rendered":"https:\/\/www.europesays.com\/fr\/343743\/"},"modified":"2025-08-25T21:37:11","modified_gmt":"2025-08-25T21:37:11","slug":"trump-affirme-quil-pourrait-rencontrer-prochainement-kim-jong-un","status":"publish","type":"post","link":"https:\/\/www.europesays.com\/fr\/343743\/","title":{"rendered":"Trump affirme qu\u2019il pourrait rencontrer prochainement Kim Jong-Un"},"content":{"rendered":"<p><a href=\"https:\/\/www.20minutes.fr\/dossier\/donald_trump\" target=\"_blank\" class=\"c-link c-link--is-underlined\" rel=\"nofollow noopener\">Donald Trump<\/a> a raviv\u00e9 lundi le dossier nord-cor\u00e9en en d\u00e9clarant souhaiter rencontrer \u00e0 nouveau <a href=\"https:\/\/www.20minutes.fr\/monde\/kim_jong_un\/\" target=\"_blank\" class=\"c-link c-link--is-underlined\" rel=\"nofollow noopener\">Kim Jong-Un<\/a>, peut-\u00eatre d\u00e8s cette ann\u00e9e. Cette annonce est intervenue lors de la visite \u00e0 la <a href=\"https:\/\/www.20minutes.fr\/dossier\/maison_blanche\" target=\"_blank\" class=\"c-link c-link--is-underlined\" rel=\"nofollow noopener\">Maison-Blanche<\/a> du pr\u00e9sident sud-cor\u00e9en Lee Jae-myung, un t\u00eate-\u00e0-t\u00eate qui avait d\u00e9but\u00e9 sous tension avant de tourner \u00e0 la r\u00e9conciliation.<\/p>\n<p>Quelques heures avant la rencontre, le pr\u00e9sident am\u00e9ricain avait d\u00e9nonc\u00e9 de mani\u00e8re inattendue \u00ab\u00a0une purge ou une r\u00e9volution\u00a0\u00bb en <a href=\"https:\/\/www.20minutes.fr\/dossier\/coree_du_sud\" target=\"_blank\" class=\"c-link c-link--is-underlined\" rel=\"nofollow noopener\">Cor\u00e9e du Sud<\/a>, en r\u00e9f\u00e9rence \u00e0 des op\u00e9rations polici\u00e8res contre des <a href=\"https:\/\/www.20minutes.fr\/dossier\/eglise\" target=\"_blank\" class=\"c-link c-link--is-underlined\" rel=\"nofollow noopener\">\u00e9glises<\/a>. Mais apr\u00e8s quarante minutes d\u2019entretien dans le Bureau ovale, le ton a radicalement chang\u00e9. \u00ab\u00a0Je suis s\u00fbr que c\u2019est un malentendu\u00a0\u00bb, a nuanc\u00e9 Donald Trump, ajoutant qu\u2019\u00ab\u00a0il y a une <a href=\"https:\/\/www.20minutes.fr\/dossier\/rumeur\" target=\"_blank\" class=\"c-link c-link--is-underlined\" rel=\"nofollow noopener\">rumeur<\/a> qui circule\u00a0\u00bb.<\/p>\n<p>Une relation affich\u00e9e avec Kim Jong Un<\/p>\n<p>Sur la <a href=\"https:\/\/www.20minutes.fr\/monde\/coree_du_nord\/\" target=\"_blank\" class=\"c-link c-link--is-underlined\" rel=\"nofollow noopener\">Cor\u00e9e du Nord<\/a>, les deux dirigeants se sont dits align\u00e9s, malgr\u00e9 des sensibilit\u00e9s politiques diff\u00e9rentes. Lee Jae-myung, chef d\u2019Etat class\u00e9 \u00e0 gauche, soutient le dialogue avec <a href=\"https:\/\/www.20minutes.fr\/monde\/pyongyang\/\" target=\"_blank\" class=\"c-link c-link--is-underlined\" rel=\"nofollow noopener\">Pyongyang<\/a>, une position \u00e0 laquelle Donald Trump a sembl\u00e9 souscrire. Le pr\u00e9sident am\u00e9ricain a rappel\u00e9 sa proximit\u00e9 personnelle avec Kim Jong-Un, rencontr\u00e9 \u00e0 trois reprises entre\u00a02018 et\u00a02019, assurant le conna\u00eetre \u00ab\u00a0presque mieux que quiconque, hormis sa s\u0153ur\u00a0\u00bb.<\/p>\n<\/p>\n<p>\u00ab\u00a0A un moment ou un autre, je le verrai. Je suis impatient de le voir\u00a0\u00bb, a affirm\u00e9 Donald Trump, esp\u00e9rant qu\u2019une rencontre puisse se tenir d\u00e8s cette ann\u00e9e. Il a aussi soulign\u00e9 que la Cor\u00e9e du Nord avait proc\u00e9d\u00e9 \u00e0 moins de tirs de missiles depuis son retour \u00e0 la Maison-Blanche.<\/p>\n<p>Un \u00e9change de flatteries inattendu<\/p>\n<p>Lors de son premier mandat, Donald Trump avait marqu\u00e9 l\u2019histoire en devenant le premier pr\u00e9sident am\u00e9ricain \u00e0 franchir symboliquement la ligne de d\u00e9marcation entre les deux Cor\u00e9es, en juin\u00a02019. Malgr\u00e9 cette <a href=\"https:\/\/www.20minutes.fr\/dossier\/diplomatie\" target=\"_blank\" class=\"c-link c-link--is-underlined\" rel=\"nofollow noopener\">diplomatie<\/a> spectaculaire, aucun progr\u00e8s concret n\u2019avait \u00e9t\u00e9 obtenu sur la d\u00e9nucl\u00e9arisation. Depuis, Pyongyang a renforc\u00e9 son rapprochement avec <a href=\"https:\/\/www.20minutes.fr\/monde\/moscou\/\" target=\"_blank\" class=\"c-link c-link--is-underlined\" rel=\"nofollow noopener\">Moscou<\/a>, envoyant soldats et armements pour soutenir la guerre russe en <a href=\"https:\/\/www.20minutes.fr\/monde\/ukraine\/\" target=\"_blank\" class=\"c-link c-link--is-underlined\" rel=\"nofollow noopener\">Ukraine<\/a>, tout en refusant toujours d\u2019aborder la question <a href=\"https:\/\/www.20minutes.fr\/dossier\/bombe_atomique\" target=\"_blank\" class=\"c-link c-link--is-underlined\" rel=\"nofollow noopener\">nucl\u00e9aire<\/a>.<\/p>\n<p><a href=\"https:\/\/www.20minutes.fr\/dossier\/donald_trump\" target=\"_blank\" class=\"c-link c-btn c-btn--primary\" rel=\"nofollow noopener\">Notre dossier sur Donald Trump<\/a><\/p>\n<p>De son c\u00f4t\u00e9, Lee Jae-myung, parfois critique de l\u2019<a href=\"https:\/\/www.20minutes.fr\/dossier\/armee_americaine\" target=\"_blank\" class=\"c-link c-link--is-underlined\" rel=\"nofollow noopener\">arm\u00e9e am\u00e9ricaine<\/a> dans le pass\u00e9, a multipli\u00e9 les compliments envers son h\u00f4te. Il a d\u00e9crit Donald Trump comme ayant fait des Etats-Unis \u00ab\u00a0non pas un garant de la paix, mais un faiseur de paix\u00a0\u00bb. Le pr\u00e9sident sud-cor\u00e9en est m\u00eame all\u00e9 plus loin, lan\u00e7ant avec humour\u00a0: \u00ab\u00a0Je suis impatient de vous voir rencontrer le pr\u00e9sident Kim Jong-Un et de voir construire une Trump Tower en Cor\u00e9e du Nord et d\u2019y jouer au golf.\u00a0\u00bb<\/p>\n","protected":false},"excerpt":{"rendered":"Donald Trump a raviv\u00e9 lundi le dossier nord-cor\u00e9en en d\u00e9clarant souhaiter rencontrer \u00e0 nouveau Kim Jong-Un, peut-\u00eatre d\u00e8s&hellip;\n","protected":false},"author":2,"featured_media":343744,"comment_status":"","ping_status":"","sticky":false,"template":"","format":"standard","meta":{"footnotes":""},"categories":[1589],"tags":[47,11,10735,13987,5640,75,73,1866,15404,74,12,32165,1864,1865,1863,308],"class_list":{"0":"post-343743","1":"post","2":"type-post","3":"status-publish","4":"format-standard","5":"has-post-thumbnail","7":"category-etats-unis","8":"tag-actualite","9":"tag-actualites","10":"tag-bombe-nucleaire","11":"tag-coree-du-nord","12":"tag-coree-du-sud","13":"tag-donald-trump","14":"tag-etats-unis","15":"tag-etats-unis-damerique","16":"tag-kim-jong-un","17":"tag-monde","18":"tag-news","19":"tag-pyongyang","20":"tag-united-states","21":"tag-united-states-of-america","22":"tag-us","23":"tag-usa"},"share_on_mastodon":{"url":"https:\/\/pubeurope.com\/@fr\/115091566988676391","error":""},"_links":{"self":[{"href":"https:\/\/www.europesays.com\/fr\/wp-json\/wp\/v2\/posts\/343743","targetHints":{"allow":["GET"]}}],"collection":[{"href":"https:\/\/www.europesays.com\/fr\/wp-json\/wp\/v2\/posts"}],"about":[{"href":"https:\/\/www.europesays.com\/fr\/wp-json\/wp\/v2\/types\/post"}],"author":[{"embeddable":true,"href":"https:\/\/www.europesays.com\/fr\/wp-json\/wp\/v2\/users\/2"}],"replies":[{"embeddable":true,"href":"https:\/\/www.europesays.com\/fr\/wp-json\/wp\/v2\/comments?post=343743"}],"version-history":[{"count":0,"href":"https:\/\/www.europesays.com\/fr\/wp-json\/wp\/v2\/posts\/343743\/revisions"}],"wp:featuredmedia":[{"embeddable":true,"href":"https:\/\/www.europesays.com\/fr\/wp-json\/wp\/v2\/media\/343744"}],"wp:attachment":[{"href":"https:\/\/www.europesays.com\/fr\/wp-json\/wp\/v2\/media?parent=343743"}],"wp:term":[{"taxonomy":"category","embeddable":true,"href":"https:\/\/www.europesays.com\/fr\/wp-json\/wp\/v2\/categories?post=343743"},{"taxonomy":"post_tag","embeddable":true,"href":"https:\/\/www.europesays.com\/fr\/wp-json\/wp\/v2\/tags?post=343743"}],"curies":[{"name":"wp","href":"https:\/\/api.w.org\/{rel}","templated":true}]}}