{"id":343745,"date":"2025-08-25T21:38:57","date_gmt":"2025-08-25T21:38:57","guid":{"rendered":"https:\/\/www.europesays.com\/fr\/343745\/"},"modified":"2025-08-25T21:38:57","modified_gmt":"2025-08-25T21:38:57","slug":"drame-au-royaume-uni-trois-morts-dans-un-accident-dhelicoptere","status":"publish","type":"post","link":"https:\/\/www.europesays.com\/fr\/343745\/","title":{"rendered":"Drame au Royaume-Uni : trois morts dans un accident d\u2019h\u00e9licopt\u00e8re"},"content":{"rendered":"<p>  \tSur l\u2019\u00cele de Wight, trois personnes ont perdu la vie dans un h\u00e9licopt\u00e8re lors d\u2019une formation au pilotage. Un quatri\u00e8me occupant a \u00e9t\u00e9 transport\u00e9 \u00e0 l\u2019h\u00f4pital dans un \u00e9tat grave, tandis que la police enqu\u00eate sur les circonstances exactes de l\u2019incident.<\/p>\n<p>&#13;<br \/>\n&#13;<\/p>\n<p>Trois personnes ont perdu la vie dans un accident d\u2019h\u00e9licopt\u00e8re sur l\u2019\u00cele de Wight, au Royaume-Uni. Un quatri\u00e8me occupant a \u00e9t\u00e9 transport\u00e9 \u00e0 l\u2019h\u00f4pital dans un \u00e9tat grave, selon la police locale, cit\u00e9e par Sky News.<\/p>\n<p>L\u2019incident s\u2019est produit lors d\u2019une formation au pilotage.<\/p>\n<p>Les circonstances exactes de l\u2019incident font encore l\u2019objet d\u2019une enqu\u00eate.<\/p>\n","protected":false},"excerpt":{"rendered":"Sur l\u2019\u00cele de Wight, trois personnes ont perdu la vie dans un h\u00e9licopt\u00e8re lors d\u2019une formation au pilotage.&hellip;\n","protected":false},"author":2,"featured_media":343746,"comment_status":"","ping_status":"","sticky":false,"template":"","format":"standard","meta":{"footnotes":""},"categories":[1588],"tags":[29950,11,1777,674,12,473,1853,1851,1850,1852],"class_list":{"0":"post-343745","1":"post","2":"type-post","3":"status-publish","4":"format-standard","5":"has-post-thumbnail","7":"category-royaume-uni","8":"tag-nodefield_freetags","9":"tag-actualites","10":"tag-eu","11":"tag-europe","12":"tag-news","13":"tag-royaume-uni","14":"tag-royaume-uni-de-grande-bretagne-et-dirlande-du-nord","15":"tag-uk","16":"tag-united-kingdom","17":"tag-united-kingdom-of-great-britain-and-northern-ireland"},"share_on_mastodon":{"url":"https:\/\/pubeurope.com\/@fr\/115091574884760448","error":""},"_links":{"self":[{"href":"https:\/\/www.europesays.com\/fr\/wp-json\/wp\/v2\/posts\/343745","targetHints":{"allow":["GET"]}}],"collection":[{"href":"https:\/\/www.europesays.com\/fr\/wp-json\/wp\/v2\/posts"}],"about":[{"href":"https:\/\/www.europesays.com\/fr\/wp-json\/wp\/v2\/types\/post"}],"author":[{"embeddable":true,"href":"https:\/\/www.europesays.com\/fr\/wp-json\/wp\/v2\/users\/2"}],"replies":[{"embeddable":true,"href":"https:\/\/www.europesays.com\/fr\/wp-json\/wp\/v2\/comments?post=343745"}],"version-history":[{"count":0,"href":"https:\/\/www.europesays.com\/fr\/wp-json\/wp\/v2\/posts\/343745\/revisions"}],"wp:featuredmedia":[{"embeddable":true,"href":"https:\/\/www.europesays.com\/fr\/wp-json\/wp\/v2\/media\/343746"}],"wp:attachment":[{"href":"https:\/\/www.europesays.com\/fr\/wp-json\/wp\/v2\/media?parent=343745"}],"wp:term":[{"taxonomy":"category","embeddable":true,"href":"https:\/\/www.europesays.com\/fr\/wp-json\/wp\/v2\/categories?post=343745"},{"taxonomy":"post_tag","embeddable":true,"href":"https:\/\/www.europesays.com\/fr\/wp-json\/wp\/v2\/tags?post=343745"}],"curies":[{"name":"wp","href":"https:\/\/api.w.org\/{rel}","templated":true}]}}