{"id":343750,"date":"2025-08-25T21:42:13","date_gmt":"2025-08-25T21:42:13","guid":{"rendered":"https:\/\/www.europesays.com\/fr\/343750\/"},"modified":"2025-08-25T21:42:13","modified_gmt":"2025-08-25T21:42:13","slug":"lafrique-force-le-passage-ce-tunnel-de-42-km-sous-gibraltar-menace-lequilibre-strategique-entre-le-maroc-et-lunion-europeenne","status":"publish","type":"post","link":"https:\/\/www.europesays.com\/fr\/343750\/","title":{"rendered":"\u00ab L\u2019Afrique force le passage \u00bb : ce tunnel de 42 km sous Gibraltar menace l\u2019\u00e9quilibre strat\u00e9gique entre le Maroc et l\u2019Union europ\u00e9enne"},"content":{"rendered":"<tr>\n<td><strong>EN BREF<\/strong><\/td>\n<\/tr>\n<tr>\n<td>\n<ul>\n<li>\ud83c\udf0d Le projet de tunnel sous le d\u00e9troit de Gibraltar vise \u00e0 renforcer les liens <strong>g\u00e9ostrat\u00e9giques<\/strong> entre l\u2019Afrique et l\u2019Europe.<\/li>\n<li>\ud83d\udee0\ufe0f Avec ses <strong>42 kilom\u00e8tres<\/strong> de long, le tunnel doit surmonter des d\u00e9fis techniques et environnementaux majeurs.<\/li>\n<li>\ud83e\udd1d Il symbolise une <strong>coop\u00e9ration<\/strong> transnationale et pourrait transformer les relations \u00e9conomiques entre le Maroc et l\u2019Union europ\u00e9enne.<\/li>\n<li>Le tunnel pourrait devenir un symbole de <strong>solidarit\u00e9<\/strong> euro-africaine au XXIe si\u00e8cle.<\/li>\n<\/ul>\n<\/td>\n<\/tr>\n<p>Le projet de tunnel sous le d\u00e9troit de Gibraltar, reliant le Maroc \u00e0 l\u2019Espagne, est bien plus qu\u2019une simple prouesse technique. Il s\u2019agit d\u2019une infrastructure ambitieuse qui vise \u00e0 \u00e9tablir une connexion durable entre l\u2019Afrique et l\u2019Europe. En rempla\u00e7ant progressivement les ferries existants, ce tunnel promet de transformer les relations \u00e9conomiques et culturelles entre les deux continents. Alors que le monde entier observe cette initiative avec int\u00e9r\u00eat, le projet pourrait marquer le d\u00e9but d\u2019une nouvelle \u00e8re de coop\u00e9ration transcontinentale et de renforcement des liens g\u00e9ostrat\u00e9giques.<\/p>\n<p>Un d\u00e9fi g\u00e9ostrat\u00e9gique de taille<\/p>\n<p>La construction du tunnel sous le d\u00e9troit de Gibraltar repr\u00e9sente un d\u00e9fi g\u00e9ostrat\u00e9gique majeur. Avec un budget de 1,6 million d\u2019euros pour la r\u00e9vision des \u00e9tudes de faisabilit\u00e9, l\u2019Espagne et le Maroc montrent leur engagement envers ce projet ambitieux. S\u2019\u00e9tendant sur 42 kilom\u00e8tres, le tunnel doit surmonter des d\u00e9fis techniques importants, notamment en raison des risques sismiques de la r\u00e9gion. Outre sa dimension technique, cette infrastructure symbolise une union entre les continents, renfor\u00e7ant les relations entre le Maroc et l\u2019Union europ\u00e9enne.<\/p>\n<p>Relanc\u00e9 en 2023, ce projet incarne les aspirations communes des deux nations. Il s\u2019inscrit dans un contexte de coop\u00e9ration g\u00e9opolitique croissante. Le tunnel pourrait devenir un mod\u00e8le de collaboration internationale, d\u00e9montrant la capacit\u00e9 des pays \u00e0 unir leurs forces pour r\u00e9aliser des projets d\u2019envergure mondiale.<\/p>\n<blockquote class=\"wp-embedded-content\" data-secret=\"8r6hTKo1l5\">\n<p><a href=\"https:\/\/www.lejournaleconomique.com\/2025\/08\/21\/on-va-traverser-la-mer-comme-une-rue-le-tunnel-maroc-espagne-valide-apres-40-ans-pulverise-les-frontieres-entre-lafrique-et-leurope\/\" target=\"_blank\" rel=\"noopener\">\u00ab On va traverser la mer comme une rue \u00bb : le tunnel Maroc-Espagne valid\u00e9 apr\u00e8s 40 ans pulv\u00e9rise les fronti\u00e8res entre l\u2019Afrique et l\u2019Europe<\/a><\/p>\n<\/blockquote>\n<p>Symbolisme et influence douce<\/p>\n<p>Pour le Maroc, le tunnel repr\u00e9sente une d\u00e9monstration de son <strong>influence douce<\/strong> sur le continent africain. C\u2019est aussi une opportunit\u00e9 de renforcer sa position sur la sc\u00e8ne internationale. La co-organisation de la Coupe du Monde de la FIFA 2030 avec l\u2019Espagne et le Portugal place d\u00e9j\u00e0 le pays sous les projecteurs mondiaux. Bien que l\u2019ach\u00e8vement du tunnel soit pr\u00e9vu pour 2040, l\u2019\u00e9lan politique et culturel est d\u00e9j\u00e0 palpable.<\/p>\n<p>L\u2019initiative \u00ab\u00a0Op\u00e9ration Travers\u00e9e du D\u00e9troit\u00a0\u00bb (OPE) illustre la coop\u00e9ration r\u00e9ussie entre le Maroc et l\u2019Espagne. Le tunnel pourrait devenir un symbole concret de ces ambitions transnationales, consolidant les relations bilat\u00e9rales. Pour l\u2019Europe, renforcer ses relations avec le Maroc est per\u00e7u comme essentiel, notamment pour \u00e9quilibrer les influences r\u00e9gionales.<\/p>\n<blockquote class=\"wp-embedded-content\" data-secret=\"XXlqdaBpdB\">\n<p><a href=\"https:\/\/www.lejournaleconomique.com\/2025\/08\/18\/on-va-traverser-la-mer-en-train-le-tunnel-sous-marin-maroc-espagne-valide-apres-40-ans-dattente-fracasse-toutes-les-frontieres\/\" target=\"_blank\" rel=\"noopener\">\u00ab On va traverser la mer en train \u00bb : le tunnel sous-marin Maroc-Espagne valid\u00e9 apr\u00e8s 40 ans d\u2019attente fracasse toutes les fronti\u00e8res<\/a><\/p>\n<\/blockquote>\n<p>Cons\u00e9quences \u00e9conomiques locales<\/p>\n<p>Les r\u00e9percussions \u00e9conomiques du tunnel sur les r\u00e9gions environnantes sont consid\u00e9rables. Ce projet s\u2019inscrit dans un cadre plus large d\u2019ambitions commerciales entre l\u2019UE et l\u2019Afrique. Le Maroc, d\u00e9j\u00e0 un partenaire commercial crucial de l\u2019UE, pourrait renforcer son r\u00f4le de porte d\u2019entr\u00e9e pour les biens et la main-d\u2019\u0153uvre africains.<\/p>\n<p>Le lancement de nouveaux services de ferry \u00e0 grande vitesse entre Tarifa et Tanger par Balearia en mai 2025 t\u00e9moigne de la demande croissante pour des connexions s\u00fbres et efficaces. Bien que le tunnel ne remplace pas les ferries, il compl\u00e9tera ces services en offrant une alternative permanente et r\u00e9sistante aux intemp\u00e9ries. Les enjeux \u00e9conomiques sont majeurs, avec des perspectives d\u2019acc\u00e9l\u00e9ration \u00e9conomique pour le Maroc gr\u00e2ce \u00e0 cette nouvelle infrastructure.<\/p>\n<blockquote class=\"wp-embedded-content\" data-secret=\"4qDKkLEtVL\">\n<p><a href=\"https:\/\/www.lejournaleconomique.com\/2025\/08\/02\/apres-40-ans-dattente-lafrique-et-leurope-enfin-connectees-grace-au-tunnel-sous-marin-maroc-espagne-qui-promet-de-changer-la-donne-entre-les-deux-continents\/\" target=\"_blank\" rel=\"noopener\">Apr\u00e8s 40 ans d\u2019attente \u00ab l\u2019Afrique et l\u2019Europe enfin connect\u00e9es \u00bb gr\u00e2ce au tunnel sous-marin Maroc-Espagne qui promet de changer la donne entre les deux continents<\/a><\/p>\n<\/blockquote>\n<p>Espoirs et incertitudes autour du tunnel<\/p>\n<p>Le tunnel sous le d\u00e9troit de Gibraltar repr\u00e9sente un espoir pour de nombreuses personnes. Pour les familles marocaines ayant des proches en Espagne, les \u00e9tudiants, les travailleurs et les touristes, il symbolise l\u2019int\u00e9gration et l\u2019opportunit\u00e9. Cependant, sa r\u00e9alisation d\u00e9pendra de la volont\u00e9 politique et de la coop\u00e9ration interr\u00e9gionale.<\/p>\n<p>Les pr\u00e9occupations environnementales li\u00e9es au forage dans les fonds marins du d\u00e9troit suscitent des doutes. Les critiques soulignent les retards pass\u00e9s et les obstacles politiques rencontr\u00e9s par le projet. La complexit\u00e9 technique du tunnel, surpassant l\u2019Eurotunnel, ajoute une couche de d\u00e9fis suppl\u00e9mentaires. Ce projet audacieux pose la question suivante : deviendra-t-il un vecteur d\u2019unit\u00e9 ou r\u00e9v\u00e9lera-t-il de nouvelles divisions ?<\/p>\n<p>Alors que les travaux pour le tunnel sous le d\u00e9troit de Gibraltar avancent, les attentes sont \u00e9lev\u00e9es. Ce projet pourrait non seulement transformer les relations \u00e9conomiques entre le Maroc et l\u2019Europe, mais aussi renforcer la coop\u00e9ration g\u00e9ostrat\u00e9gique entre les deux continents. Cependant, de nombreux d\u00e9fis subsistent, notamment techniques et environnementaux. La question reste alors de savoir si ce projet r\u00e9ussira \u00e0 surmonter ces obstacles pour devenir un symbole de solidarit\u00e9 euro-africaine. Quelle sera l\u2019impact r\u00e9el de cette infrastructure sur les relations entre l\u2019Afrique et l\u2019Europe ?<\/p>\n<p>Cet article s\u2019appuie sur des sources v\u00e9rifi\u00e9es et l\u2019assistance de technologies \u00e9ditoriales.<\/p>\n<p id=\"rating\">\u00c7a vous a plu ?\u00a04.6\/5 (27)<\/p>\n","protected":false},"excerpt":{"rendered":"EN BREF \ud83c\udf0d Le projet de tunnel sous le d\u00e9troit de Gibraltar vise \u00e0 renforcer les liens g\u00e9ostrat\u00e9giques&hellip;\n","protected":false},"author":2,"featured_media":343751,"comment_status":"","ping_status":"","sticky":false,"template":"","format":"standard","meta":{"footnotes":""},"categories":[1586],"tags":[11,47965,47966,1777,674,1779,1011,27,12,25,40926,1778,364],"class_list":{"0":"post-343750","1":"post","2":"type-post","3":"status-publish","4":"format-standard","5":"has-post-thumbnail","7":"category-europe","8":"tag-actualites","9":"tag-afrique-europe","10":"tag-cooperation-transnationale","11":"tag-eu","12":"tag-europe","13":"tag-european-union","14":"tag-fr","15":"tag-france","16":"tag-news","17":"tag-republique-francaise","18":"tag-tunnel-sous-marin","19":"tag-ue","20":"tag-union-europeenne"},"share_on_mastodon":{"url":"https:\/\/pubeurope.com\/@fr\/115091586659599310","error":""},"_links":{"self":[{"href":"https:\/\/www.europesays.com\/fr\/wp-json\/wp\/v2\/posts\/343750","targetHints":{"allow":["GET"]}}],"collection":[{"href":"https:\/\/www.europesays.com\/fr\/wp-json\/wp\/v2\/posts"}],"about":[{"href":"https:\/\/www.europesays.com\/fr\/wp-json\/wp\/v2\/types\/post"}],"author":[{"embeddable":true,"href":"https:\/\/www.europesays.com\/fr\/wp-json\/wp\/v2\/users\/2"}],"replies":[{"embeddable":true,"href":"https:\/\/www.europesays.com\/fr\/wp-json\/wp\/v2\/comments?post=343750"}],"version-history":[{"count":0,"href":"https:\/\/www.europesays.com\/fr\/wp-json\/wp\/v2\/posts\/343750\/revisions"}],"wp:featuredmedia":[{"embeddable":true,"href":"https:\/\/www.europesays.com\/fr\/wp-json\/wp\/v2\/media\/343751"}],"wp:attachment":[{"href":"https:\/\/www.europesays.com\/fr\/wp-json\/wp\/v2\/media?parent=343750"}],"wp:term":[{"taxonomy":"category","embeddable":true,"href":"https:\/\/www.europesays.com\/fr\/wp-json\/wp\/v2\/categories?post=343750"},{"taxonomy":"post_tag","embeddable":true,"href":"https:\/\/www.europesays.com\/fr\/wp-json\/wp\/v2\/tags?post=343750"}],"curies":[{"name":"wp","href":"https:\/\/api.w.org\/{rel}","templated":true}]}}