{"id":343759,"date":"2025-08-25T21:49:10","date_gmt":"2025-08-25T21:49:10","guid":{"rendered":"https:\/\/www.europesays.com\/fr\/343759\/"},"modified":"2025-08-25T21:49:10","modified_gmt":"2025-08-25T21:49:10","slug":"clap-de-fin-pour-caroline-garcia-qui-dit-adieu-au-tennis-professionnel","status":"publish","type":"post","link":"https:\/\/www.europesays.com\/fr\/343759\/","title":{"rendered":"clap de fin pour Caroline Garcia, qui dit adieu au tennis professionnel"},"content":{"rendered":"<p>Invit\u00e9e par l\u2019organisation du Grand Chelem am\u00e9ricain, la Fran\u00e7aise vient de disputer, face \u00e0 la Russe Kamilla Rakhimova, le dernier match de sa carri\u00e8re. Elle quitte la sc\u00e8ne du tennis mondial.<\/p>\n<p class=\"fig-paragraph\"><a href=\"http:\/\/www.lefigaro.fr\/sports\/tennis\/elle-veut-du-yaourt-confusion-totale-entre-caroline-garcia-et-une-ramasseuse-de-balle-20250810\" target=\"_blank\" data-fig-type=\"NewsFlash\" rel=\"noopener\" data-gtm-custom-categorie=\"navigation\" data-gtm-custom-action=\"crossclick\" data-gtm-custom-label=\"Contextuel\" data-gtm-event=\"customEventSPE\" data-fig-domain=\"LEFIGARO\">Caroline Garcia<\/a>\u00a0tire sa r\u00e9v\u00e9rence. Des fleurs, quelques larmes puis un grand sourire\u00a0: la carri\u00e8re professionnelle de l\u2019ex-N.4 mondiale s\u2019est achev\u00e9e lundi au premier tour de l\u2019US Open, o\u00f9 la Fran\u00e7aise a \u00e9t\u00e9 honor\u00e9e lors d\u2019une br\u00e8ve c\u00e9r\u00e9monie. Pour son dernier tour de piste, la Lyonnaise de 31 ans a offert un beau combat aux spectateurs new-yorkais du court N.6. Elle s\u2019est accroch\u00e9e et a failli remonter un break de retard dans le set d\u00e9cisif. Mais elle a fini par c\u00e9der 6-4, 4-6, 6-3 contre la Russe Kamilla Rakhimova (65e).<\/p>\n<p class=\"fig-paragraph\">C\u2019est la m\u00eame Rakhimova que \u00abCaro\u00bb avait domin\u00e9e au premier tour de son \u00e9pop\u00e9e jusqu\u2019aux demi-finales de l\u2019US Open en 2022, son meilleur r\u00e9sultat en Grand Chelem. La balle de match perdue, la Fran\u00e7aise est all\u00e9e s\u2019asseoir sur son banc, les yeux embu\u00e9s de larmes, avant de s\u2019avancer en souriant vers le micro tendu, une fois n\u2019est pas coutume, \u00e0 la perdante du match.<\/p>\n<p>                                    <a class=\"fig-a11y-skip a11y-hidden\" href=\"#fig-a11y-skip-main-inarticle\"><br \/>\n        Passer la publicit\u00e9<br \/>\n    <\/a><\/p>\n<p>\u00abLe tennis m\u2019a fa\u00e7onn\u00e9\u00bb<\/p>\n<p class=\"fig-paragraph\">\u00abUn grand merci \u00e0 tous d\u2019\u00eatre venus pour mon dernier match. \u00c7a compte beaucoup\u2026 Merci \u00e0 l\u2019USTA (f\u00e9d\u00e9ration am\u00e9ricaine de tennis) de m\u2019avoir donn\u00e9 ce petit quelque chose, a r\u00e9agi la demi-finaliste de l\u2019US Open 2022, qui a re\u00e7u un cadre personnalis\u00e9 en guise de cadeau de la part de l\u2019organisation. C\u2019est vraiment sp\u00e9cial, \u00e9videmment. Le tennis m\u2019a tellement apport\u00e9, de belles \u00e9motions, d\u2019autres plus difficiles.\u00bb<\/p>\n<p class=\"fig-paragraph\">\u00abIl m\u2019a fa\u00e7onn\u00e9. Je suis tr\u00e8s en paix avec ma d\u00e9cision. Souffrir comme \u00e7a sur le court, je n\u2019en suis plus capable\u00bb, a ajout\u00e9 Garcia sous le regard bienveillant de son entra\u00eeneur Bertrand Perret, du pr\u00e9sident de la F\u00e9d\u00e9ration fran\u00e7aise de tennis (FFT) Gilles Moretton et de son mari Borja Duran, qu\u2019elle a \u00e9pous\u00e9 en juillet.<\/p>\n<p>Onze titres au palmar\u00e8s<\/p>\n<p class=\"fig-paragraph\">Apr\u00e8s avoir re\u00e7u un bouquet de fleurs blanches et donc un cadre \u00e0 son effigie, la Lyonnaise a travers\u00e9 une derni\u00e8re fois le court en courant bras \u00e9cart\u00e9s, sa c\u00e9l\u00e9bration signature baptis\u00e9e \u00abFly with Caro\u00bb. La double laur\u00e9ate de Roland-Garros en double (en 2016 et 2022 avec Kristina Mladenovic), qui compte onze titres en simple, a termin\u00e9 sa course dans les bras de son clan avant de quitter le court pour refermer un chapitre de sa vie. Apr\u00e8s Richard Gasquet, parti \u00e0 la retraite en mai \u00e0 Roland-Garros, le tennis fran\u00e7ais perd une deuxi\u00e8me figure marquante en quelques mois.<\/p>\n<p class=\"fig-paragraph\">Apr\u00e8s une premi\u00e8re pause loin du circuit fin 2024 pour se ressourcer mentalement, Garcia \u00e9tait revenue sur le circuit d\u00e9but 2025. La Fran\u00e7aise, qui a d\u00e9j\u00e0 exprim\u00e9 son envie de fonder une famille, avait n\u00e9anmoins annonc\u00e9 juste avant Roland-Garros qu\u2019elle vivait ses \u00abderni\u00e8res semaines\u00bb de joueuse professionnelle.<\/p>\n<p class=\"fig-paragraph\">\u00abL\u2019ann\u00e9e derni\u00e8re, j\u2019ai arr\u00eat\u00e9 en pensant que je d\u00e9testais le tennis et que \u00e7a ne m\u2019avait apport\u00e9 que des choses n\u00e9gatives\u00bb, a confi\u00e9 vendredi la Fran\u00e7aise \u00e0 l\u2019AFP. \u00abC\u2019est pour \u00e7a que j\u2019ai voulu revenir pour faire une ann\u00e9e de plus. J\u2019aurais voulu jouer plus, mais le corps n\u2019a pas \u00e9t\u00e9 d\u2019accord\u00bb, a-t-elle ajout\u00e9.<\/p>\n","protected":false},"excerpt":{"rendered":"Invit\u00e9e par l\u2019organisation du Grand Chelem am\u00e9ricain, la Fran\u00e7aise vient de disputer, face \u00e0 la Russe Kamilla Rakhimova,&hellip;\n","protected":false},"author":2,"featured_media":343760,"comment_status":"","ping_status":"","sticky":false,"template":"","format":"standard","meta":{"footnotes":""},"categories":[1415],"tags":[9290,1011,27,60,1467],"class_list":{"0":"post-343759","1":"post","2":"type-post","3":"status-publish","4":"format-standard","5":"has-post-thumbnail","7":"category-tennis","8":"tag-caroline-garcia","9":"tag-fr","10":"tag-france","11":"tag-sports","12":"tag-tennis"},"share_on_mastodon":{"url":"https:\/\/pubeurope.com\/@fr\/115091614150790377","error":""},"_links":{"self":[{"href":"https:\/\/www.europesays.com\/fr\/wp-json\/wp\/v2\/posts\/343759","targetHints":{"allow":["GET"]}}],"collection":[{"href":"https:\/\/www.europesays.com\/fr\/wp-json\/wp\/v2\/posts"}],"about":[{"href":"https:\/\/www.europesays.com\/fr\/wp-json\/wp\/v2\/types\/post"}],"author":[{"embeddable":true,"href":"https:\/\/www.europesays.com\/fr\/wp-json\/wp\/v2\/users\/2"}],"replies":[{"embeddable":true,"href":"https:\/\/www.europesays.com\/fr\/wp-json\/wp\/v2\/comments?post=343759"}],"version-history":[{"count":0,"href":"https:\/\/www.europesays.com\/fr\/wp-json\/wp\/v2\/posts\/343759\/revisions"}],"wp:featuredmedia":[{"embeddable":true,"href":"https:\/\/www.europesays.com\/fr\/wp-json\/wp\/v2\/media\/343760"}],"wp:attachment":[{"href":"https:\/\/www.europesays.com\/fr\/wp-json\/wp\/v2\/media?parent=343759"}],"wp:term":[{"taxonomy":"category","embeddable":true,"href":"https:\/\/www.europesays.com\/fr\/wp-json\/wp\/v2\/categories?post=343759"},{"taxonomy":"post_tag","embeddable":true,"href":"https:\/\/www.europesays.com\/fr\/wp-json\/wp\/v2\/tags?post=343759"}],"curies":[{"name":"wp","href":"https:\/\/api.w.org\/{rel}","templated":true}]}}