{"id":343761,"date":"2025-08-25T21:51:18","date_gmt":"2025-08-25T21:51:18","guid":{"rendered":"https:\/\/www.europesays.com\/fr\/343761\/"},"modified":"2025-08-25T21:51:18","modified_gmt":"2025-08-25T21:51:18","slug":"football-diogo-carraco-arrive-a-xamax-en-provenance-du-lausanne-sport","status":"publish","type":"post","link":"https:\/\/www.europesays.com\/fr\/343761\/","title":{"rendered":"Football: Diogo Carraco arrive \u00e0 Xamax en provenance du Lausanne-Sport"},"content":{"rendered":"<p>D\u00e9j\u00e0 d\u00e9cisif le week-end dernier face \u00e0 Osasuna (1-0), l&rsquo;attaquant fran\u00e7ais <strong>Kylian Mbapp\u00e9<\/strong>, auteur d&rsquo;un doubl\u00e9, a <strong>port\u00e9 le Real Madrid vers une deuxi\u00e8me victoire en deux journ\u00e9es de Liga<\/strong>, sur la pelouse du promu Oviedo (0-3).<\/p>\n<p><img loading=\"lazy\" decoding=\"async\" src=\"https:\/\/www.europesays.com\/fr\/wp-content\/uploads\/2025\/08\/c1b57dc0-aa1b-4c0d-b79d-b1fb08fc84a6.jpg\" alt=\"\" title=\"\"  width=\"1200\" height=\"800\"\/>Imago<\/p>\n<p>Le capitaine de l&rsquo;\u00e9quipe de France, Soulier d&rsquo;Or europ\u00e9en et meilleur buteur du championnat espagnol la saison derni\u00e8re, s&rsquo;est montr\u00e9 clinique pour mener le Real (3e, 6 points) vers le succ\u00e8s, d&rsquo;un superbe encha\u00eenement en pivot (37e, 0-1) puis d&rsquo;une finition parfaite du pied droit sur un service de Vinicius Junior (83e, 0-2). Le Br\u00e9silien, entr\u00e9 en jeu en seconde p\u00e9riode, a enfonc\u00e9 le clou au bout du temps additionnel (90e+3, 0-3).<\/p>\n<p>Dans l&rsquo;apr\u00e8s-midi, Valence s&rsquo;est inclin\u00e9 \u00e0 Osasuna (1-0) malgr\u00e9 l&rsquo;entr\u00e9e du milieu de terrain lucernois Filip Ugrinic, l&rsquo;une des recrues de l&rsquo;\u00e9t\u00e9, \u00e0 la 67e. Son co\u00e9quipier b\u00e2lois Eray C\u00f6mert, en revanche, est rest\u00e9 sur le banc.<\/p>\n","protected":false},"excerpt":{"rendered":"D\u00e9j\u00e0 d\u00e9cisif le week-end dernier face \u00e0 Osasuna (1-0), l&rsquo;attaquant fran\u00e7ais Kylian Mbapp\u00e9, auteur d&rsquo;un doubl\u00e9, a port\u00e9&hellip;\n","protected":false},"author":2,"featured_media":343762,"comment_status":"","ping_status":"","sticky":false,"template":"","format":"standard","meta":{"footnotes":""},"categories":[1413],"tags":[1011,27,1457,1456,60],"class_list":{"0":"post-343761","1":"post","2":"type-post","3":"status-publish","4":"format-standard","5":"has-post-thumbnail","7":"category-moto","8":"tag-fr","9":"tag-france","10":"tag-moto","11":"tag-motocycle","12":"tag-sports"},"share_on_mastodon":{"url":"https:\/\/pubeurope.com\/@fr\/115091622460552533","error":""},"_links":{"self":[{"href":"https:\/\/www.europesays.com\/fr\/wp-json\/wp\/v2\/posts\/343761","targetHints":{"allow":["GET"]}}],"collection":[{"href":"https:\/\/www.europesays.com\/fr\/wp-json\/wp\/v2\/posts"}],"about":[{"href":"https:\/\/www.europesays.com\/fr\/wp-json\/wp\/v2\/types\/post"}],"author":[{"embeddable":true,"href":"https:\/\/www.europesays.com\/fr\/wp-json\/wp\/v2\/users\/2"}],"replies":[{"embeddable":true,"href":"https:\/\/www.europesays.com\/fr\/wp-json\/wp\/v2\/comments?post=343761"}],"version-history":[{"count":0,"href":"https:\/\/www.europesays.com\/fr\/wp-json\/wp\/v2\/posts\/343761\/revisions"}],"wp:featuredmedia":[{"embeddable":true,"href":"https:\/\/www.europesays.com\/fr\/wp-json\/wp\/v2\/media\/343762"}],"wp:attachment":[{"href":"https:\/\/www.europesays.com\/fr\/wp-json\/wp\/v2\/media?parent=343761"}],"wp:term":[{"taxonomy":"category","embeddable":true,"href":"https:\/\/www.europesays.com\/fr\/wp-json\/wp\/v2\/categories?post=343761"},{"taxonomy":"post_tag","embeddable":true,"href":"https:\/\/www.europesays.com\/fr\/wp-json\/wp\/v2\/tags?post=343761"}],"curies":[{"name":"wp","href":"https:\/\/api.w.org\/{rel}","templated":true}]}}