{"id":343763,"date":"2025-08-25T21:52:13","date_gmt":"2025-08-25T21:52:13","guid":{"rendered":"https:\/\/www.europesays.com\/fr\/343763\/"},"modified":"2025-08-25T21:52:13","modified_gmt":"2025-08-25T21:52:13","slug":"om-ce-transfert-a-30me-est-acte","status":"publish","type":"post","link":"https:\/\/www.europesays.com\/fr\/343763\/","title":{"rendered":"OM : Ce transfert \u00e0 30M\u20ac est act\u00e9 !"},"content":{"rendered":"<p>                    Hugo Chirossel<br \/>\n                        &#8211;<\/p>\n<p>Journaliste<\/p>\n<p>Passionn\u00e9 de football depuis le plus jeune \u00e2ge, devenir journaliste sportif est rapidement devenu une \u00e9vidence pour Hugo. Il se d\u00e9couvrira plus tard un amour pour la NBA, avant d\u2019explorer d\u2019autres horizons comme ceux de la Formule 1 et de la NFL.<\/p>\n<p class=\"heading\">En plein bras de fer avec le Club Bruges, qui a finalement bloqu\u00e9 son transfert, Joel Ord\u00f3\u00f1ez devrait finir par rejoindre l\u2019OM. Selon Walid Acherchour, ce dossier devrait se concr\u00e9tiser dans les prochains jours. Un transfert estim\u00e9 \u00e0 30M\u20ac bonus pour le d\u00e9fenseur international \u00e9quatorien \u00e2g\u00e9 de 21 ans. <\/p>\n<p>Apr\u00e8s les arriv\u00e9es de<strong> CJ Egan-Riley<\/strong> (22 ans) et de <strong>Facundo Medina<\/strong> (26 ans), l\u2019<strong>OM<\/strong> cherche encore \u00e0 renforcer sa d\u00e9fense et en ce sens, a jet\u00e9 son d\u00e9volu sur Joel Ord\u00f3\u00f1ez (21 ans). Comme indiqu\u00e9 par le journaliste <a href=\"https:\/\/le10sport.com\/football\/mercato\/transfert-historique-a-lom-le-coup-de-pression-pour-signer-755571\" target=\"_blank\" rel=\"noopener\">Sacha Tavolieri<\/a>, Marseille a r\u00e9pondu aux demandes du <strong>Club Bruges<\/strong> et propos\u00e9 25M\u20ac, plus 5M\u20ac de bonus, pour recruter l\u2019international \u00e9quatorien (8 s\u00e9lections). <\/p>\n<p>                                            Ord\u00f3\u00f1ez s\u00e8che de nouveau l\u2019entra\u00eenement<\/p>\n<p>Mais alors qu\u2019elle lui avait accord\u00e9 un bon de sortie, la formation belge a finalement ferm\u00e9 la porte \u00e0 un d\u00e9part de <strong>Joel Ord\u00f3\u00f1ez<\/strong>. Ce qui a provoqu\u00e9 la col\u00e8re de ce dernier, d\u00e9termin\u00e9 \u00e0 rejoindre l\u2019<strong>OM<\/strong> et qui a de nouveau s\u00e9ch\u00e9 l\u2019entra\u00eenement du <strong>Club Bruges<\/strong> ce lundi. <\/p>\n<p>                                            \u00ab Ord\u00f3\u00f1ez, \u00e7a va se concr\u00e9tiser \u00bb<\/p>\n<p>Il ne reste plus qu\u2019une semaine \u00e0 l&rsquo;<strong>Olympique de Marseille <\/strong>pour d\u00e9bloquer ce dossier, ce qui devrait se produire, selon <strong>Walid Acherchour<\/strong>. \u00ab Ord\u00f3\u00f1ez, \u00e7a va se concr\u00e9tiser \u00bb, a-t-il assur\u00e9 sur le plateau de Winamax TV. <\/p>\n","protected":false},"excerpt":{"rendered":"Hugo Chirossel &#8211; Journaliste Passionn\u00e9 de football depuis le plus jeune \u00e2ge, devenir journaliste sportif est rapidement devenu&hellip;\n","protected":false},"author":2,"featured_media":343764,"comment_status":"","ping_status":"","sticky":false,"template":"","format":"standard","meta":{"footnotes":""},"categories":[1412],"tags":[1451,1452,1453,1454,1455,1011,27,60],"class_list":{"0":"post-343763","1":"post","2":"type-post","3":"status-publish","4":"format-standard","5":"has-post-thumbnail","7":"category-f1","8":"tag-f1","9":"tag-formula-1","10":"tag-formula1","11":"tag-formule-1","12":"tag-formule1","13":"tag-fr","14":"tag-france","15":"tag-sports"},"share_on_mastodon":{"url":"https:\/\/pubeurope.com\/@fr\/115091626007505443","error":""},"_links":{"self":[{"href":"https:\/\/www.europesays.com\/fr\/wp-json\/wp\/v2\/posts\/343763","targetHints":{"allow":["GET"]}}],"collection":[{"href":"https:\/\/www.europesays.com\/fr\/wp-json\/wp\/v2\/posts"}],"about":[{"href":"https:\/\/www.europesays.com\/fr\/wp-json\/wp\/v2\/types\/post"}],"author":[{"embeddable":true,"href":"https:\/\/www.europesays.com\/fr\/wp-json\/wp\/v2\/users\/2"}],"replies":[{"embeddable":true,"href":"https:\/\/www.europesays.com\/fr\/wp-json\/wp\/v2\/comments?post=343763"}],"version-history":[{"count":0,"href":"https:\/\/www.europesays.com\/fr\/wp-json\/wp\/v2\/posts\/343763\/revisions"}],"wp:featuredmedia":[{"embeddable":true,"href":"https:\/\/www.europesays.com\/fr\/wp-json\/wp\/v2\/media\/343764"}],"wp:attachment":[{"href":"https:\/\/www.europesays.com\/fr\/wp-json\/wp\/v2\/media?parent=343763"}],"wp:term":[{"taxonomy":"category","embeddable":true,"href":"https:\/\/www.europesays.com\/fr\/wp-json\/wp\/v2\/categories?post=343763"},{"taxonomy":"post_tag","embeddable":true,"href":"https:\/\/www.europesays.com\/fr\/wp-json\/wp\/v2\/tags?post=343763"}],"curies":[{"name":"wp","href":"https:\/\/api.w.org\/{rel}","templated":true}]}}