{"id":343765,"date":"2025-08-25T21:53:10","date_gmt":"2025-08-25T21:53:10","guid":{"rendered":"https:\/\/www.europesays.com\/fr\/343765\/"},"modified":"2025-08-25T21:53:10","modified_gmt":"2025-08-25T21:53:10","slug":"apres-les-galeres-la-renaissance-de-david-gaudu-sur-la-vuelta","status":"publish","type":"post","link":"https:\/\/www.europesays.com\/fr\/343765\/","title":{"rendered":"apr\u00e8s les gal\u00e8res, la renaissance de David Gaudu sur la Vuelta"},"content":{"rendered":"\n<p>\u00ab Il montre encore une fois que c&rsquo;est un putain de champion \u00bb\u00a0: apr\u00e8s les gal\u00e8res, la renaissance de David Gaudu sur la Vuelta<\/p>\n<p>David Gaudu a laiss\u00e9 derri\u00e8re lui ses gal\u00e8res et ses doutes pour s&rsquo;imposer en puncheur, lundi \u00e0 Ceres lors de la 3e \u00e9tape, et s&rsquo;approcher si pr\u00e8s du maillot rouge de Jonas Vingegaard. Le Breton a pris des baffes mais se rel\u00e8ve toujours, et souvent sur la Vuelta o\u00f9 il se sent plus l\u00e9ger.<\/p>\n","protected":false},"excerpt":{"rendered":"\u00ab Il montre encore une fois que c&rsquo;est un putain de champion \u00bb\u00a0: apr\u00e8s les gal\u00e8res, la renaissance&hellip;\n","protected":false},"author":2,"featured_media":343766,"comment_status":"","ping_status":"","sticky":false,"template":"","format":"standard","meta":{"footnotes":""},"categories":[1411],"tags":[1154,207,1011,27,60],"class_list":{"0":"post-343765","1":"post","2":"type-post","3":"status-publish","4":"format-standard","5":"has-post-thumbnail","7":"category-cyclisme","8":"tag-cycling","9":"tag-cyclisme","10":"tag-fr","11":"tag-france","12":"tag-sports"},"share_on_mastodon":{"url":"https:\/\/pubeurope.com\/@fr\/115091630159304890","error":""},"_links":{"self":[{"href":"https:\/\/www.europesays.com\/fr\/wp-json\/wp\/v2\/posts\/343765","targetHints":{"allow":["GET"]}}],"collection":[{"href":"https:\/\/www.europesays.com\/fr\/wp-json\/wp\/v2\/posts"}],"about":[{"href":"https:\/\/www.europesays.com\/fr\/wp-json\/wp\/v2\/types\/post"}],"author":[{"embeddable":true,"href":"https:\/\/www.europesays.com\/fr\/wp-json\/wp\/v2\/users\/2"}],"replies":[{"embeddable":true,"href":"https:\/\/www.europesays.com\/fr\/wp-json\/wp\/v2\/comments?post=343765"}],"version-history":[{"count":0,"href":"https:\/\/www.europesays.com\/fr\/wp-json\/wp\/v2\/posts\/343765\/revisions"}],"wp:featuredmedia":[{"embeddable":true,"href":"https:\/\/www.europesays.com\/fr\/wp-json\/wp\/v2\/media\/343766"}],"wp:attachment":[{"href":"https:\/\/www.europesays.com\/fr\/wp-json\/wp\/v2\/media?parent=343765"}],"wp:term":[{"taxonomy":"category","embeddable":true,"href":"https:\/\/www.europesays.com\/fr\/wp-json\/wp\/v2\/categories?post=343765"},{"taxonomy":"post_tag","embeddable":true,"href":"https:\/\/www.europesays.com\/fr\/wp-json\/wp\/v2\/tags?post=343765"}],"curies":[{"name":"wp","href":"https:\/\/api.w.org\/{rel}","templated":true}]}}