{"id":343767,"date":"2025-08-25T21:54:14","date_gmt":"2025-08-25T21:54:14","guid":{"rendered":"https:\/\/www.europesays.com\/fr\/343767\/"},"modified":"2025-08-25T21:54:14","modified_gmt":"2025-08-25T21:54:14","slug":"joachim-kayi-sanda-signe-en-pret","status":"publish","type":"post","link":"https:\/\/www.europesays.com\/fr\/343767\/","title":{"rendered":"JOACHIM KAYI SANDA SIGNE EN PR\u00caT"},"content":{"rendered":"<p>Form\u00e9 \u00e0 Antony puis pass\u00e9 par Valenciennes, Joachim signe son premier contrat professionnel d\u00e8s septembre 2023, \u00e0 seulement 16 ans. Quelques semaines plus tard, il est lanc\u00e9 en Ligue 2 BKT et devient le plus jeune joueur \u00e0 \u00e9voluer au club, \u00e0 16 ans et 10 mois. Rapidement install\u00e9 dans la charni\u00e8re centrale valenciennoise, il attire l\u2019attention de Southampton, qu\u2019il rejoint en janvier 2025.<\/p>\n<p>International jeunes, Joachim a port\u00e9 le brassard de capitaine de l\u2019\u00c9quipe de France U17 lors de l\u2019Euro et de la Coupe du Monde 2023, menant les Bleuets jusqu\u2019en finale. Ses performances lui ouvrent \u00e9galement les portes de la s\u00e9lection en U18, puis U19.<\/p>\n<p>D\u00e9fenseur moderne et puissant, Joachim vient renforcer l\u2019arri\u00e8re-garde audonienne pour cette saison.<\/p>\n<p>Joachim, la ferveur de Bauer n\u2019attend plus que toi !<\/p>\n<p>                <a data-no-instant=\"1\" href=\"https:\/\/shop.redstar.fr\/categorie\/tenue-de-match\/\" rel=\"noopener nofollow\" class=\"a2t-link\" target=\"_blank\" aria-label=\"cover_red_star_shop\"><img loading=\"lazy\" decoding=\"async\" src=\"data:image\/svg+xml,%3Csvg%20xmlns=\" http:=\"\" alt=\"\" width=\"1924\" height=\"1118\" data-lazy-src=\"https:\/\/www.europesays.com\/fr\/wp-content\/uploads\/2025\/08\/cover_red_star_shop.jpg\"\/><\/a>        <\/p>\n","protected":false},"excerpt":{"rendered":"Form\u00e9 \u00e0 Antony puis pass\u00e9 par Valenciennes, Joachim signe son premier contrat professionnel d\u00e8s septembre 2023, \u00e0 seulement&hellip;\n","protected":false},"author":2,"featured_media":343768,"comment_status":"","ping_status":"","sticky":false,"template":"","format":"standard","meta":{"footnotes":""},"categories":[1410],"tags":[63,1011,27,60],"class_list":{"0":"post-343767","1":"post","2":"type-post","3":"status-publish","4":"format-standard","5":"has-post-thumbnail","7":"category-football","8":"tag-football","9":"tag-fr","10":"tag-france","11":"tag-sports"},"share_on_mastodon":{"url":"https:\/\/pubeurope.com\/@fr\/115091633941864833","error":""},"_links":{"self":[{"href":"https:\/\/www.europesays.com\/fr\/wp-json\/wp\/v2\/posts\/343767","targetHints":{"allow":["GET"]}}],"collection":[{"href":"https:\/\/www.europesays.com\/fr\/wp-json\/wp\/v2\/posts"}],"about":[{"href":"https:\/\/www.europesays.com\/fr\/wp-json\/wp\/v2\/types\/post"}],"author":[{"embeddable":true,"href":"https:\/\/www.europesays.com\/fr\/wp-json\/wp\/v2\/users\/2"}],"replies":[{"embeddable":true,"href":"https:\/\/www.europesays.com\/fr\/wp-json\/wp\/v2\/comments?post=343767"}],"version-history":[{"count":0,"href":"https:\/\/www.europesays.com\/fr\/wp-json\/wp\/v2\/posts\/343767\/revisions"}],"wp:featuredmedia":[{"embeddable":true,"href":"https:\/\/www.europesays.com\/fr\/wp-json\/wp\/v2\/media\/343768"}],"wp:attachment":[{"href":"https:\/\/www.europesays.com\/fr\/wp-json\/wp\/v2\/media?parent=343767"}],"wp:term":[{"taxonomy":"category","embeddable":true,"href":"https:\/\/www.europesays.com\/fr\/wp-json\/wp\/v2\/categories?post=343767"},{"taxonomy":"post_tag","embeddable":true,"href":"https:\/\/www.europesays.com\/fr\/wp-json\/wp\/v2\/tags?post=343767"}],"curies":[{"name":"wp","href":"https:\/\/api.w.org\/{rel}","templated":true}]}}