{"id":343769,"date":"2025-08-25T21:55:10","date_gmt":"2025-08-25T21:55:10","guid":{"rendered":"https:\/\/www.europesays.com\/fr\/343769\/"},"modified":"2025-08-25T21:55:10","modified_gmt":"2025-08-25T21:55:10","slug":"stephane-plaza-condamne-la-ruine-financiere-nest-pas-loin-alerte-rouge-pour-ses-comptes-en-banque","status":"publish","type":"post","link":"https:\/\/www.europesays.com\/fr\/343769\/","title":{"rendered":"St\u00e9phane Plaza condamn\u00e9 : la ruine financi\u00e8re n\u2019est pas loin, alerte rouge pour ses comptes en banque !"},"content":{"rendered":"<p>St\u00e9phane Plaza est accus\u00e9 de violences conjugales par plusieurs<br \/>\nde ses ex-compagnes et a \u00e9t\u00e9 condamn\u00e9 en f\u00e9vrier dernier en<br \/>\npremi\u00e8re instance. Ses d\u00e9boires judiciaires portent alors<br \/>\npr\u00e9judices \u00e0 son enseigne immobili\u00e8re pr\u00e9sente partout en<br \/>\nFrance.<\/p>\n<p>Selon les informations de L\u2019inform\u00e9, qui a pu consulter les<br \/>\ncomptes de l\u2019ann\u00e9e 2024 du r\u00e9seau, le chiffre d\u2019affaires aurait<br \/>\nbaiss\u00e9 de 25% l\u2019an dernier.<\/p>\n<p>St\u00e9phane Plaza\u00a0: son enseigne immobili\u00e8re au plus mal<br \/>\napr\u00e8s sa condamnation<\/p>\n<p>D\u2019apr\u00e8s <a href=\"https:\/\/www.linforme.com\/immobilier\/article\/le-reseau-immobilier-de-stephane-plaza-voit-ses-resultats-plonger_3125.html\" target=\"_blank\" rel=\"noopener\"><br \/>\nL\u2019inform\u00e9<\/a>, la t\u00eate du c\u00e9l\u00e8bre r\u00e9seau a vu son chiffre<br \/>\nd\u2019affaires baisser de <strong>25 %<\/strong> en 2024, pour arriver \u00e0<br \/>\n16 millions d\u2019euros. Ces mauvaises performances peuvent aussi \u00eatre<br \/>\nli\u00e9es \u00e0 la <strong>crise<\/strong> qui a frapp\u00e9 l\u2019ensemble du<br \/>\nsecteur. Selon les Notaires de France, les ventes de logements<br \/>\nanciens ont chut\u00e9 de 9,4 % l\u2019an dernier, avec seulement 845 000<br \/>\ntransactions.<\/p>\n<p>Mais ce n\u2019est pas la seule raison de cette baisse brutale de<br \/>\nl\u2019activit\u00e9 de l\u2019enseigne <a href=\"https:\/\/www.closermag.fr\/people\/stephane-plaza-reve-dune-medaille-ce-projet-ambitieux-et-completement-fou-dans-lequel-il-se-lance-pour-la-rentree-3572931\" target=\"_blank\" rel=\"noopener\"><br \/>\nSt\u00e9phane Plaza<\/a>. En effet, les d\u00e9parts de ses franchis\u00e9s, qui<br \/>\nont souhait\u00e9 se d\u00e9tacher du nom de l\u2019ancien animateur de <a href=\"https:\/\/www.closermag.fr\/people\/anne-sophie-lapix-sur-m6-une-guerre-dego-avec-xavier-de-moulins-il-revele-ce-quil-attend-delle-3569499\" target=\"_blank\" rel=\"noopener\"><br \/>\nM6<\/a>, se sont multipli\u00e9s. L\u2019enseigne est pass\u00e9 de<br \/>\n<strong>670<\/strong> franchis\u00e9s fin 2023, \u00e0 <strong>584<\/strong><br \/>\ncontrats en fin d\u2019ann\u00e9e derni\u00e8re. Il y a plusieurs mois, l\u2019acolyte<br \/>\nde <a href=\"https:\/\/www.closermag.fr\/people\/bikini-noir-mais-avant-sa-rentree-chargee-karine-ferri-se-devoile-en-maillot-de-bain-3572917\" target=\"_blank\" rel=\"noopener\"><br \/>\nKarine Le Marchand<\/a> s\u2019est en effet retrouv\u00e9 au c\u0153ur d\u2019un<br \/>\nscandale. Apr\u00e8s des accusations de violences conjugales, il a \u00e9t\u00e9<br \/>\n<a href=\"https:\/\/www.closermag.fr\/people\/stephane-plaza-condamne-pour-eteindre-lincendie-financier-il-emploie-les-tres-grands-moyens-3560247\" target=\"_blank\" rel=\"noopener\"><br \/>\ncondamn\u00e9<\/a> en premi\u00e8re instance.<\/p>\n<blockquote class=\"twitter-tweet\"><p><a class=\"twitter-link\" rel=\"noindex, nofollow noopener\" href=\"https:\/\/twitter.com\/LInforme_\/status\/1960046517407883627\" target=\"_blank\"><\/p><\/blockquote>\n<p>L\u2019enseigne St\u00e9phane<br \/>\nPlaza\u00a0ruin\u00e9\u00a0? Les prochains moins s\u2019annoncent<br \/>\ncompliqu\u00e9s<\/p>\n<p>Dans son rapport annuel, le groupe a d\u2019ailleurs soulign\u00e9 que<br \/>\n\u00ab\u00a0l\u2019affaire judiciaire concernant monsieur St\u00e9phane Plaza comme<br \/>\nun <strong>facteur<\/strong> expliquant la <strong>diminution des<br \/>\nrenouvellements<\/strong> de contrat de franchise et la<br \/>\n<strong>non-signature<\/strong> de nouveau contrat\u00a0\u00bb.\u00a0 En<br \/>\nun an, le b\u00e9n\u00e9fice net du r\u00e9seau a \u00e9t\u00e9 divis\u00e9 par trois. Lors de<br \/>\nl\u2019assembl\u00e9e g\u00e9n\u00e9rale du 23 juin dernier, les diff\u00e9rents<br \/>\nactionnaires (51 % des parts d\u00e9tenues par M6 ; 25,5 % par St\u00e9phane<br \/>\nPlaza ; 23,5 % divis\u00e9 \u00e0 parts \u00e9gales entre Patrick-Michel Khider de<br \/>\nLusigny et C\u00e9cile de Cr\u00e9mier) ont pris la d\u00e9cision de ne<br \/>\n<strong>pas reverser ces b\u00e9n\u00e9fices en dividendes<\/strong>. <a href=\"https:\/\/www.closermag.fr\/people\/stephane-plaza-condamne-son-empire-immobilier-a-la-derive-il-tente-le-tout-pour-le-tout-3563475\" target=\"_blank\" rel=\"noopener\"><br \/>\nL&rsquo;agent immobilier<\/a>, \u00e0 travers sa soci\u00e9t\u00e9 SP, est le seul \u00e0<br \/>\ns\u2019\u00eatre prononc\u00e9 pour\u2026<\/p>\n<p>Depuis d\u00e9but mai, des d\u00e9cisions fortes ont \u00e9t\u00e9 prises. Les<br \/>\nfranchis\u00e9s du r\u00e9seau peuvent de se <strong>d\u00e9solidariser<\/strong><br \/>\nde l\u2019image de St\u00e9phane Plaza, en choisissant la nouvelle enseigne<br \/>\ndu groupe, Sixi\u00e8me Avenue. \u00a0Mais les relations entre le groupe<br \/>\net l\u2019ancienne vedette du paysage audiovisuel fran\u00e7ais restent<br \/>\n<strong>tendues<\/strong>. Pour couronner le tout, le r\u00e9seau serait<br \/>\nen litige avec plusieurs franchis\u00e9s qui ont d\u00e9cid\u00e9 de quitter le<br \/>\nnavire. \u00ab\u00a0\u00c0 la date d\u2019arr\u00eat\u00e9 des comptes, la soci\u00e9t\u00e9 a fait<br \/>\nl\u2019objet de <strong>demandes d\u2019indemnisation<\/strong> de la part de<br \/>\ncertains franchis\u00e9s qu\u2019elle consid\u00e8re comme infond\u00e9es\u00a0\u00bb,<br \/>\npeut-on lire dans les comptes.<\/p>\n<p><script async src=\"https:\/\/platform.twitter.com\/widgets.js\" charset=\"utf-8\"><\/script><\/p>\n","protected":false},"excerpt":{"rendered":"St\u00e9phane Plaza est accus\u00e9 de violences conjugales par plusieurs de ses ex-compagnes et a \u00e9t\u00e9 condamn\u00e9 en f\u00e9vrier&hellip;\n","protected":false},"author":2,"featured_media":343770,"comment_status":"","ping_status":"","sticky":false,"template":"","format":"standard","meta":{"footnotes":""},"categories":[1359],"tags":[548,58,59,1011,27,973,7221],"class_list":{"0":"post-343769","1":"post","2":"type-post","3":"status-publish","4":"format-standard","5":"has-post-thumbnail","7":"category-people","8":"tag-article-simple","9":"tag-divertissement","10":"tag-entertainment","11":"tag-fr","12":"tag-france","13":"tag-people","14":"tag-stephane-plaza"},"share_on_mastodon":{"url":"https:\/\/pubeurope.com\/@fr\/115091637803391664","error":""},"_links":{"self":[{"href":"https:\/\/www.europesays.com\/fr\/wp-json\/wp\/v2\/posts\/343769","targetHints":{"allow":["GET"]}}],"collection":[{"href":"https:\/\/www.europesays.com\/fr\/wp-json\/wp\/v2\/posts"}],"about":[{"href":"https:\/\/www.europesays.com\/fr\/wp-json\/wp\/v2\/types\/post"}],"author":[{"embeddable":true,"href":"https:\/\/www.europesays.com\/fr\/wp-json\/wp\/v2\/users\/2"}],"replies":[{"embeddable":true,"href":"https:\/\/www.europesays.com\/fr\/wp-json\/wp\/v2\/comments?post=343769"}],"version-history":[{"count":0,"href":"https:\/\/www.europesays.com\/fr\/wp-json\/wp\/v2\/posts\/343769\/revisions"}],"wp:featuredmedia":[{"embeddable":true,"href":"https:\/\/www.europesays.com\/fr\/wp-json\/wp\/v2\/media\/343770"}],"wp:attachment":[{"href":"https:\/\/www.europesays.com\/fr\/wp-json\/wp\/v2\/media?parent=343769"}],"wp:term":[{"taxonomy":"category","embeddable":true,"href":"https:\/\/www.europesays.com\/fr\/wp-json\/wp\/v2\/categories?post=343769"},{"taxonomy":"post_tag","embeddable":true,"href":"https:\/\/www.europesays.com\/fr\/wp-json\/wp\/v2\/tags?post=343769"}],"curies":[{"name":"wp","href":"https:\/\/api.w.org\/{rel}","templated":true}]}}