{"id":34377,"date":"2025-04-18T15:31:07","date_gmt":"2025-04-18T15:31:07","guid":{"rendered":"https:\/\/www.europesays.com\/fr\/34377\/"},"modified":"2025-04-18T15:31:07","modified_gmt":"2025-04-18T15:31:07","slug":"enleve-en-pleine-rue-a-paris-un-homme-retrouve-quatre-jours-plus-tard-en-suisse","status":"publish","type":"post","link":"https:\/\/www.europesays.com\/fr\/34377\/","title":{"rendered":"Enlev\u00e9 en pleine rue \u00e0 Paris, un homme retrouv\u00e9 quatre jours plus tard en Suisse"},"content":{"rendered":"<p>            Par<br \/>\n        <strong><br \/>\n            <a href=\"https:\/\/actu.fr\/auteur\/redaction-paris\" title=\"Consulter tous les articles de R\u00e9daction Paris\" target=\"_blank\" rel=\"noopener\">R\u00e9daction Paris<\/a><br \/>\n        <\/strong><\/p>\n<p>        Publi\u00e9 le<\/p>\n<p>            18 avr. 2025 \u00e0 16h51        <\/p>\n<p>Un homme a \u00e9t\u00e9 enlev\u00e9 en pleine rue \u00e0 <a href=\"https:\/\/actu.fr\/paris\/\" target=\"_blank\" rel=\"noopener\">Paris<\/a> dimanche 6\u00a0avril 2025, nous indique le parquet. La victime<strong> a \u00e9t\u00e9 retrouv\u00e9e quatre jours plus tard<\/strong> \u00e0 Zurich en <a href=\"https:\/\/actu.fr\/planete\/climat\/suisse-le-pays-dit-oui-a-la-neutralite-carbone-en-2050_59747911.html\" target=\"_blank\" rel=\"noopener\">Suisse<\/a>. Dans cette affaire, un homme de 25\u00a0ans a \u00e9t\u00e9 mis en examen vendredi 12\u00a0avril pour enl\u00e8vement et s\u00e9questration commis en bande organis\u00e9e.<\/p>\n<p>Enlev\u00e9 devant un restaurant<\/p>\n<p class=\" wall-content\">C\u2019est dans un restaurant de la rue des Pyramides que les faits se sont produits. La victime, qui travaillait dans un restaurant indien, aurait \u00e9t\u00e9 enlev\u00e9e par deux hommes devant l\u2019\u00e9tablissement, indiquent nos confr\u00e8res du <a href=\"https:\/\/www.leparisien.fr\/faits-divers\/un-cuisinier-enleve-en-plein-paris-la-victime-retrouvee-sequestree-dans-un-restaurant-de-zurich-18-04-2025-GCQA5DFGORE3VN7W4AXGYR3P6Q.php\" target=\"_blank\" rel=\"noopener\">Parisien<\/a>. La victime, <strong>\u00e2g\u00e9e d\u2019une quarantaine d\u2019ann\u00e9es,<\/strong> a disparu sans laisser de traces.<\/p>\n<p>Un ravisseur pr\u00e9sum\u00e9 interpell\u00e9<\/p>\n<p class=\" wall-content\">Sollicit\u00e9, le premier district de police judiciaire parvient \u00e0 retrouver le cuisinier. Ce dernier serait d\u00e9tenu en Suisse. Les autorit\u00e9s helv\u00e9tiques parviennent \u00e0 le localiser. Un homme est interpell\u00e9 dans la foul\u00e9e. Un second est plac\u00e9 en garde \u00e0 vue \u00e0 Paris. Il est soup\u00e7onn\u00e9 d\u2019avoir particip\u00e9 au rapt. Il a \u00e9t\u00e9 mis en examen.<\/p>\n<p class=\" wall-content\">Suivez toute l\u2019actualit\u00e9 de vos villes et m\u00e9dias favoris en vous inscrivant \u00e0 <a href=\"https:\/\/moncompte.actu.fr\" title=\"D\u00e9couvez Mon Actu\" rel=\"nofollow noopener\" data-trk=\"{&quot;cta&quot;:{&quot;action&quot;:&quot;https:\\\/\\\/moncompte.actu.fr&quot;,&quot;category&quot;:&quot;mon compte&quot;,&quot;from&quot;:&quot;article footer&quot;,&quot;name&quot;:&quot;Mon actu&quot;,&quot;type&quot;:&quot;cta&quot;}}\" target=\"_blank\">Mon Actu<\/a>.<\/p>\n","protected":false},"excerpt":{"rendered":"Par R\u00e9daction Paris Publi\u00e9 le 18 avr. 2025 \u00e0 16h51 Un homme a \u00e9t\u00e9 enlev\u00e9 en pleine rue&hellip;\n","protected":false},"author":2,"featured_media":27446,"comment_status":"","ping_status":"","sticky":false,"template":"","format":"standard","meta":{"footnotes":""},"categories":[1888],"tags":[1111,1928,11,1927,11250,1777,674,118,1011,27,12,1926,626,1925,1072,25],"class_list":{"0":"post-34377","1":"post","2":"type-post","3":"status-publish","4":"format-standard","5":"has-post-thumbnail","7":"category-paris","8":"tag-actu","9":"tag-actu-paris","10":"tag-actualites","11":"tag-actualites-paris","12":"tag-enlevements","13":"tag-eu","14":"tag-europe","15":"tag-faits-divers","16":"tag-fr","17":"tag-france","18":"tag-news","19":"tag-news-paris","20":"tag-paris","21":"tag-paris-news","22":"tag-police","23":"tag-republique-francaise"},"share_on_mastodon":{"url":"https:\/\/pubeurope.com\/@fr\/114359689745250807","error":""},"_links":{"self":[{"href":"https:\/\/www.europesays.com\/fr\/wp-json\/wp\/v2\/posts\/34377","targetHints":{"allow":["GET"]}}],"collection":[{"href":"https:\/\/www.europesays.com\/fr\/wp-json\/wp\/v2\/posts"}],"about":[{"href":"https:\/\/www.europesays.com\/fr\/wp-json\/wp\/v2\/types\/post"}],"author":[{"embeddable":true,"href":"https:\/\/www.europesays.com\/fr\/wp-json\/wp\/v2\/users\/2"}],"replies":[{"embeddable":true,"href":"https:\/\/www.europesays.com\/fr\/wp-json\/wp\/v2\/comments?post=34377"}],"version-history":[{"count":0,"href":"https:\/\/www.europesays.com\/fr\/wp-json\/wp\/v2\/posts\/34377\/revisions"}],"wp:featuredmedia":[{"embeddable":true,"href":"https:\/\/www.europesays.com\/fr\/wp-json\/wp\/v2\/media\/27446"}],"wp:attachment":[{"href":"https:\/\/www.europesays.com\/fr\/wp-json\/wp\/v2\/media?parent=34377"}],"wp:term":[{"taxonomy":"category","embeddable":true,"href":"https:\/\/www.europesays.com\/fr\/wp-json\/wp\/v2\/categories?post=34377"},{"taxonomy":"post_tag","embeddable":true,"href":"https:\/\/www.europesays.com\/fr\/wp-json\/wp\/v2\/tags?post=34377"}],"curies":[{"name":"wp","href":"https:\/\/api.w.org\/{rel}","templated":true}]}}