{"id":343774,"date":"2025-08-25T21:58:12","date_gmt":"2025-08-25T21:58:12","guid":{"rendered":"https:\/\/www.europesays.com\/fr\/343774\/"},"modified":"2025-08-25T21:58:12","modified_gmt":"2025-08-25T21:58:12","slug":"si-je-devais-partir-karine-le-marchand-evoque-son-avenir-dans-lamour-est-dans-le-pre","status":"publish","type":"post","link":"https:\/\/www.europesays.com\/fr\/343774\/","title":{"rendered":"\u00ab\u00a0Si je devais partir\u2026\u00a0\u00bb Karine Le Marchand \u00e9voque son avenir dans L\u2019amour est dans le pr\u00e9"},"content":{"rendered":"<p>La suite apr\u00e8s la publicit\u00e9<\/p>\n<p>Ce lundi 25 ao\u00fbt, \u00e0 partir de 21h10, M6 diffuse le premier \u00e9pisode de la saison 20 de L\u2019Amour est dans le pr\u00e9. Une \u00e9dition anniversaire qui conna\u00eetra quelques nouveaut\u00e9s. En effet, pour la premi\u00e8re fois,<a href=\"https:\/\/www.purepeople.com\/article\/lamour-est-dans-le-pre-2025-la-date-de-lancement-les-portraits-des-13-agriculteurs-deux-abandons-tout-ce-quil-faut-savoir-sur-la-nouvelle-saison_a540998\/1\" rel=\"nofollow noopener\" target=\"_blank\"> les agriculteurs de la saison en cours<\/a> rejoindront les anciens participants sur le canap\u00e9 de l\u2019\u00e9mission, d\u00e8s 23h15, pour commenter leurs aventures, \u00e9changer sur leurs exp\u00e9riences et partager des moments en direct. Un talk-show baptis\u00e9 L\u2019Amour vu du pr\u00e9.<\/p>\n<p>Ce qui ne change en revanche pas, c\u2019est l\u2019identit\u00e9 de la personne qui animera cette nouvelle saison. Puisque ce sera de nouveau<a href=\"https:\/\/www.purepeople.com\/people\/karine-le-marchand_p340\" rel=\"nofollow noopener\" target=\"_blank\"> Karine Le Marchand<\/a>. Lors d\u2019un entretien exclusif accord\u00e9 \u00e0 Diverto, la maman<a href=\"https:\/\/www.purepeople.com\/article\/telle-mere-telle-fille-karine-le-marchand-publie-de-rares-images-de-sa-fille-alya-brune-et-sportive_a532595\/1\" rel=\"nofollow noopener\" target=\"_blank\"> d\u2019Alya<\/a> en a dit davantage sur son avenir dans l\u2019\u00e9mission. Songe t-elle parfois \u00e0 stopper cette aventure\u00a0?<\/p>\n<p>\u00ab\u00a0Ce qui me ferait changer, \u00e7a pourrait \u00eatre une opportunit\u00e9, un nouveau challenge&#8230; Mais j&rsquo;y r\u00e9fl\u00e9chirais \u00e0 deux fois, parce que je suis tr\u00e8s, tr\u00e8s attach\u00e9e \u00e0\u00a0L&rsquo;amour est dans le pr\u00e9, aux agriculteurs, \u00e0 cette \u00e9mission qu&rsquo;on partage tous dans l&rsquo;\u00e9quipe.<strong> Ce serait un cr\u00e8ve-c\u0153ur si je devais partir&#8230; C&rsquo;est que, peut-\u00eatre, je me serais sentie pouss\u00e9e dehors, je pense. Alors, peut-\u00eatre \u00e0 cause des audiences, je ne sais pas, il y aurait plein de raisons ! <\/strong>C&rsquo;est vrai que c&rsquo;est un milieu dans lequel on n&rsquo;est jamais s\u00fbr de rien, en tout cas, ce n&rsquo;est pas \u00e0 l&rsquo;horizon 2026 !\u00a0\u00bb , a-t-elle indiqu\u00e9 \u00e0 nos confr\u00e8res.<\/p>\n<p>Karine Le Marchand c\u00e9l\u00e8bre ses 30 ans de carri\u00e8re, elle dresse le bilan<\/p>\n<p>Karine Le Marchand continue donc <a href=\"https:\/\/www.purepeople.com\/article\/karine-le-marchand-pas-sincere-avec-les-agriculteurs-de-adp-sa-belle-reponse_a326177\/1\" rel=\"nofollow noopener\" target=\"_blank\">ADP <\/a>(elle a d\u00e9j\u00e0 commenc\u00e9 \u00e0 tourner la 21e saison), ce qui la rend tr\u00e8s heureuse. Et elle est plus globalement tr\u00e8s satisfaite de sa carri\u00e8re, elle qui \u00e9volue dans ce m\u00e9tier depuis trente ans : \u00a0\u00ab\u00a0Je suis tr\u00e8s contente parce que j\u2019ai r\u00e9ussi \u00e0 faire de mon caract\u00e8re une sp\u00e9cialisation. J\u2019ai toujours \u00e9t\u00e9 comme \u00e7a, c\u2019est inn\u00e9 chez moi et c\u2019est devenu mon m\u00e9tier. J\u2019ai beaucoup de chance\u00a0! Je crois qu\u2019il faut \u00eatre naturelle, dans la vie et au travail aussi. Je pense que j\u2019arrive \u00e0 le faire et j\u2019ai beaucoup de plaisir \u00e0 le faire.\u00a0\u00bb<\/p>\n<p>Rendez-vous ce lundi soir donc pour d\u00e9couvrir aux cot\u00e9s de la jolie brune cette nouvelle saison de L\u2019Amour est dans le pr\u00e9.<\/p>\n<p>\u00a0<\/p>\n","protected":false},"excerpt":{"rendered":"La suite apr\u00e8s la publicit\u00e9 Ce lundi 25 ao\u00fbt, \u00e0 partir de 21h10, M6 diffuse le premier \u00e9pisode&hellip;\n","protected":false},"author":2,"featured_media":343775,"comment_status":"","ping_status":"","sticky":false,"template":"","format":"standard","meta":{"footnotes":""},"categories":[1356],"tags":[58,59,1011,27,252,1364],"class_list":{"0":"post-343774","1":"post","2":"type-post","3":"status-publish","4":"format-standard","5":"has-post-thumbnail","7":"category-television","8":"tag-divertissement","9":"tag-entertainment","10":"tag-fr","11":"tag-france","12":"tag-television","13":"tag-tv"},"share_on_mastodon":{"url":"https:\/\/pubeurope.com\/@fr\/115091649685254876","error":""},"_links":{"self":[{"href":"https:\/\/www.europesays.com\/fr\/wp-json\/wp\/v2\/posts\/343774","targetHints":{"allow":["GET"]}}],"collection":[{"href":"https:\/\/www.europesays.com\/fr\/wp-json\/wp\/v2\/posts"}],"about":[{"href":"https:\/\/www.europesays.com\/fr\/wp-json\/wp\/v2\/types\/post"}],"author":[{"embeddable":true,"href":"https:\/\/www.europesays.com\/fr\/wp-json\/wp\/v2\/users\/2"}],"replies":[{"embeddable":true,"href":"https:\/\/www.europesays.com\/fr\/wp-json\/wp\/v2\/comments?post=343774"}],"version-history":[{"count":0,"href":"https:\/\/www.europesays.com\/fr\/wp-json\/wp\/v2\/posts\/343774\/revisions"}],"wp:featuredmedia":[{"embeddable":true,"href":"https:\/\/www.europesays.com\/fr\/wp-json\/wp\/v2\/media\/343775"}],"wp:attachment":[{"href":"https:\/\/www.europesays.com\/fr\/wp-json\/wp\/v2\/media?parent=343774"}],"wp:term":[{"taxonomy":"category","embeddable":true,"href":"https:\/\/www.europesays.com\/fr\/wp-json\/wp\/v2\/categories?post=343774"},{"taxonomy":"post_tag","embeddable":true,"href":"https:\/\/www.europesays.com\/fr\/wp-json\/wp\/v2\/tags?post=343774"}],"curies":[{"name":"wp","href":"https:\/\/api.w.org\/{rel}","templated":true}]}}