{"id":343776,"date":"2025-08-25T21:59:13","date_gmt":"2025-08-25T21:59:13","guid":{"rendered":"https:\/\/www.europesays.com\/fr\/343776\/"},"modified":"2025-08-25T21:59:13","modified_gmt":"2025-08-25T21:59:13","slug":"jackpot-sourires-et-rock-nroll-pourquoi-la-reformation-doasis-est-une-reussite-totale","status":"publish","type":"post","link":"https:\/\/www.europesays.com\/fr\/343776\/","title":{"rendered":"Jackpot, sourires et rock n\u2019roll : pourquoi la reformation d\u2019Oasis est une r\u00e9ussite totale"},"content":{"rendered":"<ul class=\"jsx-862013697 ArticleChapo__List\">\n<li class=\"jsx-862013697 ArticleChapo__List_Item flex\">La tourn\u00e9e de reformation d&rsquo;Oasis se poursuit depuis dimanche sur le continent nord-am\u00e9ricain.<\/li>\n<li class=\"jsx-862013697 ArticleChapo__List_Item flex\">Outre-Manche, c&rsquo;est un v\u00e9ritable pactole pour l&rsquo;\u00e9conomie britannique et les fr\u00e8res Gallagher.<\/li>\n<li class=\"jsx-862013697 ArticleChapo__List_Item flex\">Le plus surprenant ? Apr\u00e8s des ann\u00e9es de brouille, Liam et Noel semblent s&rsquo;entendre mieux que jamais.<\/li>\n<\/ul>\n<p data-module=\"article-paragraph\" class=\"jsx-3046738180 Paragraph Paragraph__End\">Leurs fans en r\u00eavaient\u2026 Ils l\u2019ont fait ! Seize ans apr\u00e8s leur s\u00e9paration brutale, <a href=\"https:\/\/www.tf1info.fr\/culture\/oasis-reformation-le-jour-ou-le-groupe-a-explose-en-plein-vol-dans-les-coulisses-de-rock-en-seine-2316477.html\" target=\"_blank\" rel=\"noopener\">suite \u00e0 un clash d\u2019anthologie dans les coulisses de Rock en Seine<\/a>, les fr\u00e8res Gallagher ont reform\u00e9 Oasis et retrouv\u00e9 le chemin des stades cet \u00e9t\u00e9 outre-Manche, attirant des fans venus du monde entier. Alors qu\u2019ils viennent de livrer leur premier concert en Am\u00e9rique du Nord \u00e0 Toronto au Canada ce dimanche, tous les voyants sont au vert, aussi bien sur le plan musical que financier.<\/p>\n<p data-module=\"article-paragraph\" class=\"jsx-3046738180 Paragraph Paragraph__End\">Avec 1,4 million de spectateurs, les 17 concerts \u00e0 Cardiff, Manchester, Londres, \u00c9dimbourg et Dublin auraient en effet inject\u00e9 environ 1,06 milliard de livres sterling (environ 1,242 milliard d\u2019euros) dans l\u2019\u00e9conomie britannique, entre l\u2019achat des billets et les d\u00e9penses pour les transports, l\u2019h\u00e9bergement et le merchandising, d\u2019apr\u00e8s les estimations de la banque Barclay\u2019s. Pour Liam et Noel, c\u2019est le jackpot avec entre 40 et 50 millions de livres sterling chacun (entre 47 et 59 millions d\u2019euros).<\/p>\n<blockquote class=\"jsx-2786790838 Quote__Text\"><p>Liam d\u00e9chire tout et je suis fier de lui<\/p><\/blockquote>\n<p>Noel Gallagher dans l&rsquo;\u00e9mission TalkSport<\/p>\n<p data-module=\"article-paragraph\" class=\"jsx-3046738180 Paragraph Paragraph__End\">Le plus surprenant dans toute cette histoire, c\u2019est peut-\u00eatre que les frangins terribles de la Britpop s\u2019entendent bien. Et m\u00eame tr\u00e8s bien. \u00c0 l\u2019annonce de leurs retrouvailles, beaucoup les imaginaient chacun dans un tour bus, limitant au maximum les contacts pour \u00e9viter de se f\u00e2cher \u00e0 nouveau. Rien de tout \u00e7a, au contraire. Depuis qu\u2019ils se sont avanc\u00e9s main dans la main vers une foule en d\u00e9lire le 4 juillet dernier \u00e0 Cardiff, Noel et Liam vivent une \u00ab\u00a0bromance\u00a0\u00bb qui fait plaisir \u00e0 voir.\u00a0<\/p>\n<p data-module=\"article-paragraph\" class=\"jsx-3046738180 Paragraph Paragraph__End\">Dans une rare interview accord\u00e9e \u00e0 l\u2019\u00e9mission sportive en ligne TalkSport il y a quelques jours, le guitariste de 58 ans ne tarit pas d\u2019\u00e9loges \u00e0 l\u2019\u00e9gard de son frangin chanteur de 52 ans. \u00ab\u00a0Liam d\u00e9chire tout et je suis fier de lui\u00a0\u00bb, d\u00e9clare-t-il. \u00ab\u00a0Quand tout sera termin\u00e9, on aura le temps de s&rsquo;asseoir et de r\u00e9fl\u00e9chir, mais c&rsquo;est g\u00e9nial d&rsquo;\u00eatre de retour dans un groupe avec lui. J&rsquo;avais oubli\u00e9 combien c&rsquo;\u00e9tait fun !\u00a0\u00bb.<\/p>\n<p><a href=\"https:\/\/www.tf1info.fr\/culture\/affaire-de-la-kiss-cam-andy-byron-en-concert-avec-oasis-liam-gallagher-tacle-coldplay-2384258.html\" rel=\"noopener\" class=\"jsx-3308031228 Link flex\" target=\"_blank\"><img decoding=\"async\" src=\"https:\/\/www.europesays.com\/fr\/wp-content\/uploads\/2025\/08\/liam-gallagher-3-28df4f-0@1x.jpeg\" alt=\"Liam Gallagher sur sc\u00e8ne avec Oasis, en juillet 2025.\" loading=\"lazy\" importance=\"low\" fetchpriority=\"low\" class=\"\" aria-hidden=\"true\"\/><\/p>\n<p class=\"jsx-3657663356 ReadMoreArticle__Title\">Lire aussi<\/p>\n<p class=\"jsx-3657663356\">Affaire de la \u00ab\u00a0Kiss Cam\u00a0\u00bb : en concert avec Oasis, Liam Gallagher tacle Coldplay<\/p>\n<p><\/a><\/p>\n<p data-module=\"article-paragraph\" class=\"jsx-3046738180 Paragraph Paragraph__End\">Il faut dire qu\u2019outre-Manche, tout le monde s\u2019accorde pour dire qu\u2019Oasis n\u2019a jamais aussi bien sonn\u00e9 sur sc\u00e8ne, les fr\u00e8res Gallagher et leurs comp\u00e8res vivant leur renaissance musicale dans une atmosph\u00e8re extatique. \u00ab\u00a0Chaque soir est comme le premier soir, vous voyez ce que je veux dire ?\u00a0\u00bb, avoue Noel. \u00ab\u00a0Chaque soir, c&rsquo;est la m\u00eame \u00e9nergie. D\u2019ordinaire, je ne manque pas de mots. Mais l\u00e0, j\u2019ai du mal \u00e0 d\u00e9crire ce qui est en train de se passer, pour \u00eatre honn\u00eate\u00a0\u00bb.<\/p>\n<p data-module=\"article-paragraph\" class=\"jsx-3046738180 Paragraph Paragraph__End\">La seule frustration, elle est pour ceux qui n&rsquo;ont pas encore pu assister \u00e0 cette tourn\u00e9e historique. Apr\u00e8s le Royaume-Uni et le Canada, Oasis va se produire aux \u00c9tats-Unis, en Australie, en Cor\u00e9e du Sud, au Japon, en Argentine, au Chili et au Br\u00e9sil jusqu\u2019au mois de novembre. Au-del\u00e0 ? Suspense. Aucune date n\u2019a \u00e9t\u00e9 officiellement annonc\u00e9e pour 2026, m\u00eame si depuis quelques jours, la rumeur d\u2019une date au Stade de France en juin prochain commence \u00e0 enfler sur les r\u00e9seaux.<\/p>\n<p>J\u00e9r\u00f4me VERMELIN<\/p>\n","protected":false},"excerpt":{"rendered":"La tourn\u00e9e de reformation d&rsquo;Oasis se poursuit depuis dimanche sur le continent nord-am\u00e9ricain. Outre-Manche, c&rsquo;est un v\u00e9ritable pactole&hellip;\n","protected":false},"author":2,"featured_media":343777,"comment_status":"","ping_status":"","sticky":false,"template":"","format":"standard","meta":{"footnotes":""},"categories":[1355],"tags":[1111,11,1921,58,59,1011,27,1922,2041,1361,873,973,7040,473,133,2040],"class_list":{"0":"post-343776","1":"post","2":"type-post","3":"status-publish","4":"format-standard","5":"has-post-thumbnail","7":"category-musique","8":"tag-actu","9":"tag-actualites","10":"tag-article-video","11":"tag-divertissement","12":"tag-entertainment","13":"tag-fr","14":"tag-france","15":"tag-info","16":"tag-medias-et-divertissement","17":"tag-music","18":"tag-musique","19":"tag-people","20":"tag-rock","21":"tag-royaume-uni","22":"tag-video","23":"tag-video-culture"},"share_on_mastodon":{"url":"https:\/\/pubeurope.com\/@fr\/115091654047077462","error":""},"_links":{"self":[{"href":"https:\/\/www.europesays.com\/fr\/wp-json\/wp\/v2\/posts\/343776","targetHints":{"allow":["GET"]}}],"collection":[{"href":"https:\/\/www.europesays.com\/fr\/wp-json\/wp\/v2\/posts"}],"about":[{"href":"https:\/\/www.europesays.com\/fr\/wp-json\/wp\/v2\/types\/post"}],"author":[{"embeddable":true,"href":"https:\/\/www.europesays.com\/fr\/wp-json\/wp\/v2\/users\/2"}],"replies":[{"embeddable":true,"href":"https:\/\/www.europesays.com\/fr\/wp-json\/wp\/v2\/comments?post=343776"}],"version-history":[{"count":0,"href":"https:\/\/www.europesays.com\/fr\/wp-json\/wp\/v2\/posts\/343776\/revisions"}],"wp:featuredmedia":[{"embeddable":true,"href":"https:\/\/www.europesays.com\/fr\/wp-json\/wp\/v2\/media\/343777"}],"wp:attachment":[{"href":"https:\/\/www.europesays.com\/fr\/wp-json\/wp\/v2\/media?parent=343776"}],"wp:term":[{"taxonomy":"category","embeddable":true,"href":"https:\/\/www.europesays.com\/fr\/wp-json\/wp\/v2\/categories?post=343776"},{"taxonomy":"post_tag","embeddable":true,"href":"https:\/\/www.europesays.com\/fr\/wp-json\/wp\/v2\/tags?post=343776"}],"curies":[{"name":"wp","href":"https:\/\/api.w.org\/{rel}","templated":true}]}}