{"id":343778,"date":"2025-08-25T22:00:15","date_gmt":"2025-08-25T22:00:15","guid":{"rendered":"https:\/\/www.europesays.com\/fr\/343778\/"},"modified":"2025-08-25T22:00:15","modified_gmt":"2025-08-25T22:00:15","slug":"ce-mechant-sera-de-retour-mais-pas-pour-faire-grand-chose-apparemment","status":"publish","type":"post","link":"https:\/\/www.europesays.com\/fr\/343778\/","title":{"rendered":"ce m\u00e9chant sera de retour, mais pas pour faire grand chose apparemment"},"content":{"rendered":"<p><strong>La suite de <a href=\"https:\/\/www.ecranlarge.com\/films\/964671-the-batman\" data-type=\"films\" data-id=\"685419\" rel=\"nofollow noopener\" target=\"_blank\">The Batman<\/a> avec <a href=\"https:\/\/www.ecranlarge.com\/personnalite\/719086-robert-pattinson\" data-type=\"people\" data-id=\"14664\" rel=\"nofollow noopener\" target=\"_blank\">Robert Pattinson<\/a> se pr\u00e9pare enfin, mais il ne faudra pas trop compter sur ce m\u00e9chant culte, \u00e0 en croire l\u2019acteur.<\/strong><\/p>\n<p><strong><a href=\"https:\/\/www.ecranlarge.com\/films\/1429261-the-batman-2\" data-type=\"films\" data-id=\"692306\" rel=\"nofollow noopener\" target=\"_blank\">The Batman 2<\/a><\/strong> a mis tellement d\u2019ann\u00e9es \u00e0 prendre forme que la galaxie DC aura eu le temps de trembler et s\u2019\u00e9crouler avant que Robert Pattinson ne renfile sa cape sur grand \u00e9cran. Quand <strong>The Batman<\/strong> <strong>est sorti en mars 2022<\/strong>, le DCEU \u00e9tait toujours l\u00e0, <a href=\"https:\/\/www.ecranlarge.com\/films\/1027135-black-adam\" data-type=\"films\" data-id=\"687133\" rel=\"nofollow noopener\" target=\"_blank\"><strong>Black Adam<\/strong><\/a> devait en changer la hi\u00e9rarchie, et <a href=\"https:\/\/www.ecranlarge.com\/films\/news\/superman-henry-cavill-james-gunn-injuste-depart\" data-type=\"link\" data-id=\"https:\/\/www.ecranlarge.com\/films\/news\/superman-henry-cavill-james-gunn-injuste-depart\" rel=\"nofollow noopener\" target=\"_blank\">le retour de Henry Cavill en Superman<\/a> se pr\u00e9parait. Quelques mois plus tard, le studio <strong>Warner Bros. d\u00e9cidait de jeter tout \u00e7a \u00e0 la poubelle<\/strong> et d\u2019engager <a href=\"https:\/\/www.ecranlarge.com\/personnalite\/652864-james-gunn-ii\" data-type=\"people\" data-id=\"304984\" rel=\"nofollow noopener\" target=\"_blank\">James Gunn<\/a> et Peter Safran pour piloter les op\u00e9rations.<\/p>\n<p>                    <img decoding=\"async\" alt=\"\" class=\"wp-image-518375\" style=\"object-fit:cover;width:25px;height:25px\" src=\"https:\/\/www.ecranlarge.com\/content\/uploads\/2023\/09\/arrow-right-circle.svg\"\/><\/p>\n<p>Quand <strong>The Batman 2 <\/strong>sortira au cin\u00e9ma en septembre 2027, il y aura donc d\u00e9j\u00e0 eu <a href=\"https:\/\/www.ecranlarge.com\/films\/news\/superman-streaming-vod-succes-echec-box-office\" data-type=\"link\" data-id=\"https:\/\/www.ecranlarge.com\/films\/news\/superman-streaming-vod-succes-echec-box-office\" rel=\"nofollow noopener\" target=\"_blank\">le nouveau <strong>Superman<\/strong> de 2025<\/a>, <strong><a href=\"https:\/\/www.ecranlarge.com\/films\/1465788-supergirl-woman-of-tomorrow\" data-type=\"films\" data-id=\"795515\" rel=\"nofollow noopener\" target=\"_blank\">Supergirl<\/a><\/strong> et <strong><a href=\"https:\/\/www.ecranlarge.com\/films\/clayface\" data-type=\"films\" data-id=\"1254587\" rel=\"nofollow noopener\" target=\"_blank\">Clayface<\/a><\/strong> en 2026, sans oublier les s\u00e9ries avec <strong>Lanterns<\/strong> qui arrive. Sachant que le DCU pr\u00e9pare une <a href=\"https:\/\/www.ecranlarge.com\/films\/news\/batman-plus-gros-probleme-dcu-james-gunn\" data-type=\"link\" data-id=\"https:\/\/www.ecranlarge.com\/films\/news\/batman-plus-gros-probleme-dcu-james-gunn\" rel=\"nofollow noopener\" target=\"_blank\">autre version de Batman dans <strong>The Brave and the Bold<\/strong><\/a>, o\u00f9 il fera \u00e9quipe avec Robin, il y a de quoi se demander si des le\u00e7ons ont \u00e9t\u00e9 tir\u00e9es des pr\u00e9c\u00e9dents \u00e9checs.<\/p>\n<p>Dans tous les cas, le r\u00e9alisateur et sc\u00e9nariste <strong><a href=\"https:\/\/www.ecranlarge.com\/personnalite\/701699-matt-reeves\" data-type=\"people\" data-id=\"349256\" rel=\"nofollow noopener\" target=\"_blank\">Matt Reeves<\/a> s\u2019est accroch\u00e9 \u00e0 Batman malgr\u00e9 ces temp\u00eates.<\/strong> Le tournage de la suite est pr\u00e9vu pour janvier 2026, et voil\u00e0 un nouveau petit indice sur ce qu\u2019on peut en attendre.<\/p>\n<p><a href=\"https:\/\/www.ecranlarge.com\/content\/uploads\/2022\/02\/the-batman-photo-1418783.jpg\" rel=\"nofollow noopener\" target=\"_blank\"><img loading=\"lazy\" decoding=\"async\" alt=\"The Batman : photo\" class=\"wp-image-253481\" style=\"width:1024px;height:auto\" src=\"https:\/\/www.europesays.com\/fr\/wp-content\/uploads\/2025\/08\/the-batman-photo-1418783-630x420.jpg\" width=\"630\" height=\"420\"  \/><\/a>The Dark NightBATMAN 2 RETOUR BIENT\u00d4T<\/p>\n<p>Colin Farrell reviendra dans la peau d\u2019<strong>Oswald Cobblepot alias le Pingouin<\/strong>. C\u2019\u00e9tait un antagoniste dans <strong>The Batman<\/strong> en plus de Paul Dano en Edward Nashton alias Riddler, sachant que Barry Keoghan apparaissait en Joker \u00e0 la toute fin. Et dans la suite du blockbuster, le <strong>Pingouin sera de retour\u2026 un peu<\/strong>, comme l\u2019\u00e9voque son interpr\u00e8te chez The Wrap : <\/p>\n<blockquote class=\"wp-block-quote is-layout-flow wp-block-quote-is-layout-flow\">\n<p><strong>\u00ab\u00a0Je me mets la t\u00eate dans le sc\u00e9nario cette semaine, et je serai dans le film peu importe la taille du r\u00f4le. Je crois que je n\u2019ai pas beaucoup de sc\u00e8nes, mais j\u2019y serai peu importe pour quoi. <\/strong><\/p>\n<p><strong>Matt Reeves est tellement brillant. Je ne sais pas encore quelle est l\u2019histoire. Je sais juste que Matt Reeves travaille dur dessus depuis quelques ann\u00e9es pour que ce soit vraiment sp\u00e9cial. Et il met la barre tr\u00e8s haut pour lui-m\u00eame. Il est tellement m\u00e9ticuleux, il est tellement investi dans ce qu\u2019il fait.\u00a0\u00bb<\/strong><\/p>\n<\/blockquote>\n<p><a href=\"https:\/\/www.ecranlarge.com\/content\/uploads\/2022\/02\/the-batman-photo-1418874.jpg\" rel=\"nofollow noopener\" target=\"_blank\"><img loading=\"lazy\" decoding=\"async\" alt=\"The Batman : photo, Colin Farrell\" class=\"wp-image-253518\" src=\"https:\/\/www.europesays.com\/fr\/wp-content\/uploads\/2025\/08\/the-batman-photo-1418874-630x264.jpg\" width=\"630\" height=\"264\"  \/><\/a>Quand t\u2019es toujours pas le m\u00e9chant principal<\/p>\n<p>\u00c9galement pr\u00e9sente pour l\u2019interview avec The Wrap, <a href=\"https:\/\/www.ecranlarge.com\/personnalite\/814089-cristin-milioti\" data-type=\"people\" data-id=\"448030\" rel=\"nofollow noopener\" target=\"_blank\">Cristin Milioti<\/a> a \u00e9t\u00e9 interrog\u00e9e sur son envie de <strong>reprendre le r\u00f4le de Sofia Falcone<\/strong> apr\u00e8s <strong><a href=\"https:\/\/www.ecranlarge.com\/series\/1452737-the-penguin\" data-type=\"series\" data-id=\"697013\" rel=\"nofollow noopener\" target=\"_blank\">The Penguin<\/a><\/strong>. Et si vous avez vu la s\u00e9rie, vous savez que son personnage a toutes les raisons d\u2019\u00eatre de la partie. N\u00e9anmoins, l\u2019actrice reste vague :<\/p>\n<blockquote class=\"wp-block-quote is-layout-flow wp-block-quote-is-layout-flow\">\n<p><strong>\u00ab\u00a0J\u2019aimerais beaucoup revisiter le personnage. Je veux la jouer \u00e0 nouveau.\u00a0\u00bb<\/strong><\/p>\n<\/blockquote>\n<p>                    <img decoding=\"async\" alt=\"\" class=\"wp-image-518375\" style=\"object-fit:cover;width:25px;height:25px\" src=\"https:\/\/www.ecranlarge.com\/content\/uploads\/2023\/09\/arrow-right-circle.svg\"\/><\/p>\n<p><a href=\"https:\/\/www.ecranlarge.com\/content\/uploads\/2025\/08\/qq36su5xh581rinekookmq9d7yp.webp\" rel=\"nofollow noopener\" target=\"_blank\"><img loading=\"lazy\" decoding=\"async\" alt=\"The Penguin\" class=\"wp-image-1332543\" src=\"https:\/\/www.europesays.com\/fr\/wp-content\/uploads\/2025\/08\/qq36su5xh581rinekookmq9d7yp-1260x709.webp.webp\" width=\"1260\" height=\"709\"  \/><\/a>Millenium Falcone <\/p>\n<p>En juillet 2025, Matt Reeves avait rappel\u00e9 quel serait le cadre de l\u2019histoire de <strong>The Batman 2<\/strong>, chez Comingsoon : <\/p>\n<blockquote class=\"wp-block-quote is-layout-flow wp-block-quote-is-layout-flow\">\n<p><strong>\u00ab\u00a0<\/strong><strong>Le film va plonger dans une histoire \u00e9pique autour d\u2019une corruption plus profonde, et explorer des domaines que Batman n\u2019aurait m\u00eame pas pu anticiper dans le premier opus. [\u2026] Ce qui comptait pour moi, c\u2019\u00e9tait de trouver un moyen d\u2019adapter ces ic\u00f4nes populaires, ces figures mythiques que tout le monde conna\u00eet, pour que Gotham ressemble \u00e0 un lieu de notre monde\u2026 L\u2019id\u00e9e, c\u2019est que \u00e7a reste tr\u00e8s ancr\u00e9 dans le r\u00e9el.\u00a0\u00bb<\/strong><\/p>\n<\/blockquote>\n<p>Pr\u00e9vu au d\u00e9part pour octobre 2026, <strong>The Batman : Part II sortira au cin\u00e9ma le 29 septembre 2027.<\/strong> De quoi bien remplir l\u2019agenda de Robert Pattinson puisqu\u2019il a r\u00e9cemment tourn\u00e9 <strong>L\u2019Odyss\u00e9e<\/strong> de Christopher Nolan, et travaille actuellement sur<strong> Dune 3<\/strong> de Denis Villeneuve. Sachant que<strong> The Batman<\/strong> avait encaiss\u00e9 <strong>plus de 770 millions au box-office mondial<\/strong> pour un budget de 200 millions, l\u00e0 o\u00f9 le nouveau <strong>Superman<\/strong> a difficilement atteint les 600 millions pour un budget de 225 millions, nul doute que Warner Bros. compte sur le retour de la chauve-souris.<\/p>\n","protected":false},"excerpt":{"rendered":"La suite de The Batman avec Robert Pattinson se pr\u00e9pare enfin, mais il ne faudra pas trop compter&hellip;\n","protected":false},"author":2,"featured_media":343779,"comment_status":"","ping_status":"","sticky":false,"template":"","format":"standard","meta":{"footnotes":""},"categories":[1354],"tags":[58,59,1346,1011,27,1360],"class_list":{"0":"post-343778","1":"post","2":"type-post","3":"status-publish","4":"format-standard","5":"has-post-thumbnail","7":"category-films","8":"tag-divertissement","9":"tag-entertainment","10":"tag-films","11":"tag-fr","12":"tag-france","13":"tag-movies"},"share_on_mastodon":{"url":"https:\/\/pubeurope.com\/@fr\/115091657590772309","error":""},"_links":{"self":[{"href":"https:\/\/www.europesays.com\/fr\/wp-json\/wp\/v2\/posts\/343778","targetHints":{"allow":["GET"]}}],"collection":[{"href":"https:\/\/www.europesays.com\/fr\/wp-json\/wp\/v2\/posts"}],"about":[{"href":"https:\/\/www.europesays.com\/fr\/wp-json\/wp\/v2\/types\/post"}],"author":[{"embeddable":true,"href":"https:\/\/www.europesays.com\/fr\/wp-json\/wp\/v2\/users\/2"}],"replies":[{"embeddable":true,"href":"https:\/\/www.europesays.com\/fr\/wp-json\/wp\/v2\/comments?post=343778"}],"version-history":[{"count":0,"href":"https:\/\/www.europesays.com\/fr\/wp-json\/wp\/v2\/posts\/343778\/revisions"}],"wp:featuredmedia":[{"embeddable":true,"href":"https:\/\/www.europesays.com\/fr\/wp-json\/wp\/v2\/media\/343779"}],"wp:attachment":[{"href":"https:\/\/www.europesays.com\/fr\/wp-json\/wp\/v2\/media?parent=343778"}],"wp:term":[{"taxonomy":"category","embeddable":true,"href":"https:\/\/www.europesays.com\/fr\/wp-json\/wp\/v2\/categories?post=343778"},{"taxonomy":"post_tag","embeddable":true,"href":"https:\/\/www.europesays.com\/fr\/wp-json\/wp\/v2\/tags?post=343778"}],"curies":[{"name":"wp","href":"https:\/\/api.w.org\/{rel}","templated":true}]}}