{"id":343780,"date":"2025-08-25T22:01:09","date_gmt":"2025-08-25T22:01:09","guid":{"rendered":"https:\/\/www.europesays.com\/fr\/343780\/"},"modified":"2025-08-25T22:01:09","modified_gmt":"2025-08-25T22:01:09","slug":"comment-un-capteur-au-graphene-pourrait-revolutionner-la-detection-du-diabete","status":"publish","type":"post","link":"https:\/\/www.europesays.com\/fr\/343780\/","title":{"rendered":"Comment un capteur au graph\u00e8ne pourrait r\u00e9volutionner la d\u00e9tection du diab\u00e8te"},"content":{"rendered":"<p class=\"ed__a-p ed__bdy__l\"><img loading=\"lazy\" decoding=\"async\" src=\"data:image\/svg+xml,%3Csvg xmlns='http:\/\/www.w3.org\/2000\/svg'%3E%3C\/svg%3E\" draggable=\"false\" width=\"4453\" height=\"2973\" class=\"ed__title-xxs\" alt=\"Le diab\u00e8te touche plus de 4 millions de personnes en France.\" style=\"background-color: #f2f2f2; aspect-ratio:4453\/2973;\"\/><\/p>\n<p>Le diab\u00e8te touche plus de 4 millions de personnes en France.<\/p>\n<p>\u00a9 Kokosha Yuliya<\/p>\n<\/p>\n<p class=\"ed__a-p ed__bdy__l\">Afin de d\u00e9tecter si quelqu\u2019un souffre de diab\u00e8te, ou est m\u00eame dans une situation de pr\u00e9diab\u00e8te, il existe plusieurs tests possibles. L\u2019un consiste \u00e0 mesurer le taux de sucre dans le sang, ce qui n\u00e9cessite une prise de sang, ou au moins de pr\u00e9lever une gouttelette de sang au bout du doigt.<\/p>\n<p>            Publicit\u00e9, votre contenu continue ci-dessous<\/p>\n<p>        Publicit\u00e9<\/p>\n<p class=\"ed__a-p ed__bdy__l\">Le glucose peut aussi se mesurer dans la sueur, mais dans ce cas il est n\u00e9cessaire de transpirer\u2026Il est \u00e9galement possible de mesurer le taux d\u2019ac\u00e9tone, un d\u00e9chet de la d\u00e9gradation des graisses. Celui-ci peut se mesurer dans l\u2019urine, mais uniquement en cas de forte hyperglyc\u00e9mie (plus de 2,50 g\/L).<\/p>\n<p class=\"ed__a-p ed__bdy__l\">L\u2019autre option est de mesurer l\u2019ac\u00e9tone rejet\u00e9e dans l\u2019haleine. Tout le monde, y compris les personnes en bonne sant\u00e9, rejette de l\u2019ac\u00e9tone lors de la respiration, mais un taux au-del\u00e0 de 1,8 PPM (parties par million) indique la pr\u00e9sence d\u2019un diab\u00e8te.<\/p>\n<p>Un capteur r\u00e9volutionnaire pour un diagnostic sans douleur<\/p>\n<p class=\"ed__a-p ed__bdy__l\">Jusqu\u2019\u00e0 pr\u00e9sent cela n\u00e9cessitait un \u00e9quipement encombrant pour obtenir une mesure suffisamment pr\u00e9cise, rendant ce test peu pratique. Mais cela pourrait bient\u00f4t changer. Dans un article publi\u00e9 dans la revue Chemical Engineering Journal, des chercheurs de l\u2019universit\u00e9 d&rsquo;\u00c9tat de Pennsylvanie aux \u00c9tats-Unis viennent de mettre au point un petit capteur qui permettrait de mesurer la quantit\u00e9 d\u2019ac\u00e9tone dans l\u2019haleine en quelques minutes seulement. Un diagnostic enti\u00e8rement sans piq\u00fbre !<\/p>\n<p class=\"ed__a-p ed__bdy__l\"><img loading=\"lazy\" decoding=\"async\" src=\"data:image\/svg+xml,%3Csvg xmlns='http:\/\/www.w3.org\/2000\/svg'%3E%3C\/svg%3E\" draggable=\"false\" width=\"1500\" height=\"1125\" class=\"ed__title-xxs\" alt=\"Ce capteur peut d\u00e9tecter le diab\u00e8te et le pr\u00e9diab\u00e8te \u00e0 partir de l\u2019haleine.\" style=\"background-color: #f2f2f2; aspect-ratio:1500\/1125;\"\/><\/p>\n<p>Ce capteur peut d\u00e9tecter le diab\u00e8te et le pr\u00e9diab\u00e8te \u00e0 partir de l\u2019haleine.<\/p>\n<p>\u00a9 Larry Cheng<\/p>\n<\/p>\n<p>            Publicit\u00e9, votre contenu continue ci-dessous<\/p>\n<p>        Publicit\u00e9<\/p>\n<p class=\"ed__a-p ed__bdy__l\">Le capteur en question est \u00e0 base de graph\u00e8ne induit par laser. Pour sa fabrication, un laser au CO2 br\u00fble un film polyimide, cr\u00e9ant ainsi un graph\u00e8ne poreux dot\u00e9 de d\u00e9fauts sp\u00e9cifiques qui le rendent apte \u00e0 joueur le r\u00f4le de capteur. Sa porosit\u00e9 permet de capturer le gaz, mais les chercheurs ont d\u00fb combiner le graph\u00e8ne avec de l\u2019oxyde de zinc afin de cibler sp\u00e9cifiquement l\u2019ac\u00e9tone.<\/p>\n<p class=\"ed__a-p ed__bdy__l\">Les chercheurs ont aussi d\u00fb faire face \u00e0 un autre probl\u00e8me : la surface du capteur peut aussi absorber les mol\u00e9cules d\u2019eau contenues dans l\u2019haleine. Ils ont donc d\u00fb ajouter une membrane s\u00e9lective, une barri\u00e8re qui bloque l\u2019eau mais laisse passer l\u2019ac\u00e9tone.<\/p>\n<p>Au-del\u00e0 du diab\u00e8te : de nouvelles perspectives pour la m\u00e9decine<\/p>\n<p class=\"ed__a-p ed__bdy__l\">Dans sa version actuelle, il faut souffler dans un sac, y plonger le dispositif, puis attendre les r\u00e9sultats. Cela permet d\u2019\u00e9viter les interf\u00e9rences de l\u2019environnement. Toutefois, les chercheurs esp\u00e8rent am\u00e9liorer cette technologie afin qu\u2019elle puisse \u00eatre plac\u00e9e directement sous le nez, ou int\u00e9gr\u00e9e dans un masque. Et cette innovation pourrait avoir d\u2019autres utilisations au-del\u00e0 du diagnostic du diab\u00e8te.<\/p>\n<blockquote class=\"ed__a-bq ed__bdy__l\">\n<p>Si nous pouvions mieux comprendre comment les niveaux d&rsquo;ac\u00e9tone dans l&rsquo;haleine varient en fonction de l&rsquo;alimentation et de l&rsquo;exercice physique, de la m\u00eame mani\u00e8re que nous observons des fluctuations des niveaux de glucose en fonction du moment et du type d&rsquo;aliments consomm\u00e9s, cela ouvrirait des perspectives tr\u00e8s int\u00e9ressantes pour des applications dans le domaine de la sant\u00e9, au-del\u00e0 du diagnostic du diab\u00e8te.<\/p>\n<p>Huanyu \u201cLarry\u201d Cheng<\/p><\/blockquote>\n<p class=\"ed__a-p ed__bdy__l\">En clair, ce capteur pourrait ouvrir la voie au suivi en temps r\u00e9el de l\u2019ac\u00e9tone dans l\u2019haleine, avec la possibilit\u00e9 d\u2019offrir aux patients et aux m\u00e9decins un outil simple, rapide et non invasif pour surveiller l\u2019\u00e9tat m\u00e9tabolique au quotidien. \u00c0 terme, une telle technologie pourrait r\u00e9volutionner la pr\u00e9vention du diab\u00e8te, mais aussi le suivi nutritionnel et l\u2019\u00e9valuation de l\u2019efficacit\u00e9 de certains traitements, ouvrant ainsi de nouvelles perspectives pour la m\u00e9decine personnalis\u00e9e.<\/p>\n<p>            Publicit\u00e9, votre contenu continue ci-dessous<\/p>\n<p>        Publicit\u00e9<\/p>\n<p class=\"ed__a-p ed__bdy__l\">Envie de faire encore plus d&rsquo;\u00e9conomies ? D\u00e9couvrez <a href=\"https:\/\/www.lesnumeriques.com\/codes-promo.html\" rel=\"nofollow noopener\" target=\"_blank\">nos codes promo<\/a> s\u00e9lectionn\u00e9s pour vous.<\/p>\n","protected":false},"excerpt":{"rendered":"Le diab\u00e8te touche plus de 4 millions de personnes en France. \u00a9 Kokosha Yuliya Afin de d\u00e9tecter si&hellip;\n","protected":false},"author":2,"featured_media":343781,"comment_status":"","ping_status":"","sticky":false,"template":"","format":"standard","meta":{"footnotes":""},"categories":[10],"tags":[1011,27,72,71],"class_list":{"0":"post-343780","1":"post","2":"type-post","3":"status-publish","4":"format-standard","5":"has-post-thumbnail","7":"category-sante","8":"tag-fr","9":"tag-france","10":"tag-health","11":"tag-sante"},"share_on_mastodon":{"url":"https:\/\/pubeurope.com\/@fr\/115091661370779964","error":""},"_links":{"self":[{"href":"https:\/\/www.europesays.com\/fr\/wp-json\/wp\/v2\/posts\/343780","targetHints":{"allow":["GET"]}}],"collection":[{"href":"https:\/\/www.europesays.com\/fr\/wp-json\/wp\/v2\/posts"}],"about":[{"href":"https:\/\/www.europesays.com\/fr\/wp-json\/wp\/v2\/types\/post"}],"author":[{"embeddable":true,"href":"https:\/\/www.europesays.com\/fr\/wp-json\/wp\/v2\/users\/2"}],"replies":[{"embeddable":true,"href":"https:\/\/www.europesays.com\/fr\/wp-json\/wp\/v2\/comments?post=343780"}],"version-history":[{"count":0,"href":"https:\/\/www.europesays.com\/fr\/wp-json\/wp\/v2\/posts\/343780\/revisions"}],"wp:featuredmedia":[{"embeddable":true,"href":"https:\/\/www.europesays.com\/fr\/wp-json\/wp\/v2\/media\/343781"}],"wp:attachment":[{"href":"https:\/\/www.europesays.com\/fr\/wp-json\/wp\/v2\/media?parent=343780"}],"wp:term":[{"taxonomy":"category","embeddable":true,"href":"https:\/\/www.europesays.com\/fr\/wp-json\/wp\/v2\/categories?post=343780"},{"taxonomy":"post_tag","embeddable":true,"href":"https:\/\/www.europesays.com\/fr\/wp-json\/wp\/v2\/tags?post=343780"}],"curies":[{"name":"wp","href":"https:\/\/api.w.org\/{rel}","templated":true}]}}