{"id":343782,"date":"2025-08-25T22:02:09","date_gmt":"2025-08-25T22:02:09","guid":{"rendered":"https:\/\/www.europesays.com\/fr\/343782\/"},"modified":"2025-08-25T22:02:09","modified_gmt":"2025-08-25T22:02:09","slug":"om-la-sortie-cinglante-deric-di-meco-sur-laffaire-rabiot","status":"publish","type":"post","link":"https:\/\/www.europesays.com\/fr\/343782\/","title":{"rendered":"OM, la sortie cinglante d&rsquo;Eric Di Meco sur l&rsquo;affaire Rabiot"},"content":{"rendered":"<p data-testid=\"article-teaser\" class=\"article_teaser__rjxUK\">L\u00e9gende l\u2019OM, Eric Di Meco s\u2019est exprim\u00e9 sur l\u2019affaire Rabiot, lundi. Et le consultant fran\u00e7ais n\u2019a pas \u00e9t\u00e9 tendre envers les dirigeants phoc\u00e9ens.<\/p>\n<p>La pol\u00e9mique autour d\u2019Adrien Rabiot continue d\u2019enflammer l\u2019actualit\u00e9 olympienne. Mis \u00e0 l\u2019\u00e9cart par l\u2019Olympique de Marseille apr\u00e8s son altercation avec Jonathan Rowe, le milieu de terrain cristallise les d\u00e9bats au sein du club phoc\u00e9en. Cette situation a r\u00e9cemment provoqu\u00e9 une r\u00e9action tranchante d\u2019Eric Di Meco. L\u2019ancien d\u00e9fenseur marseillais, aujourd\u2019hui consultant, n\u2019a pas m\u00e2ch\u00e9 ses mots dans l\u2019\u00e9mission Rothen s\u2019enflamme sur RMC, ce lundi.<\/p>\n","protected":false},"excerpt":{"rendered":"L\u00e9gende l\u2019OM, Eric Di Meco s\u2019est exprim\u00e9 sur l\u2019affaire Rabiot, lundi. Et le consultant fran\u00e7ais n\u2019a pas \u00e9t\u00e9&hellip;\n","protected":false},"author":2,"featured_media":343783,"comment_status":"","ping_status":"","sticky":false,"template":"","format":"standard","meta":{"footnotes":""},"categories":[9],"tags":[47967,1011,27,47968,66,2428,47732,884,7329,60],"class_list":{"0":"post-343782","1":"post","2":"type-post","3":"status-publish","4":"format-standard","5":"has-post-thumbnail","7":"category-sports","8":"tag-a-rabiot","9":"tag-fr","10":"tag-france","11":"tag-j-papin","12":"tag-ligue-1","13":"tag-lyon","14":"tag-lyon-vs-marseille","15":"tag-marseille","16":"tag-r-de-zerbi","17":"tag-sports"},"share_on_mastodon":{"url":"https:\/\/pubeurope.com\/@fr\/115091665386808868","error":""},"_links":{"self":[{"href":"https:\/\/www.europesays.com\/fr\/wp-json\/wp\/v2\/posts\/343782","targetHints":{"allow":["GET"]}}],"collection":[{"href":"https:\/\/www.europesays.com\/fr\/wp-json\/wp\/v2\/posts"}],"about":[{"href":"https:\/\/www.europesays.com\/fr\/wp-json\/wp\/v2\/types\/post"}],"author":[{"embeddable":true,"href":"https:\/\/www.europesays.com\/fr\/wp-json\/wp\/v2\/users\/2"}],"replies":[{"embeddable":true,"href":"https:\/\/www.europesays.com\/fr\/wp-json\/wp\/v2\/comments?post=343782"}],"version-history":[{"count":0,"href":"https:\/\/www.europesays.com\/fr\/wp-json\/wp\/v2\/posts\/343782\/revisions"}],"wp:featuredmedia":[{"embeddable":true,"href":"https:\/\/www.europesays.com\/fr\/wp-json\/wp\/v2\/media\/343783"}],"wp:attachment":[{"href":"https:\/\/www.europesays.com\/fr\/wp-json\/wp\/v2\/media?parent=343782"}],"wp:term":[{"taxonomy":"category","embeddable":true,"href":"https:\/\/www.europesays.com\/fr\/wp-json\/wp\/v2\/categories?post=343782"},{"taxonomy":"post_tag","embeddable":true,"href":"https:\/\/www.europesays.com\/fr\/wp-json\/wp\/v2\/tags?post=343782"}],"curies":[{"name":"wp","href":"https:\/\/api.w.org\/{rel}","templated":true}]}}