{"id":343784,"date":"2025-08-25T22:03:11","date_gmt":"2025-08-25T22:03:11","guid":{"rendered":"https:\/\/www.europesays.com\/fr\/343784\/"},"modified":"2025-08-25T22:03:11","modified_gmt":"2025-08-25T22:03:11","slug":"mauvais-bilan-pour-ledition-2025-de-rock-en-seine-entre-annulations-et-polemique-autour-de-kneecap","status":"publish","type":"post","link":"https:\/\/www.europesays.com\/fr\/343784\/","title":{"rendered":"Mauvais bilan pour l\u2019\u00e9dition 2025 de Rock en Seine, entre annulations et pol\u00e9mique autour de Kneecap"},"content":{"rendered":"<p>        <img decoding=\"async\" loading=\"lazy\" src=\"https:\/\/www.europesays.com\/fr\/wp-content\/uploads\/2025\/08\/29eb5e4_upload-1-uabf24khhcam-afp-20250821-726u4kg-v1-highres-francemusicfestival.jpg\"  width=\"728\" height=\"410\" alt=\"La sc\u00e8ne principale du festival Rock en Seine au coucher du soleil \u00e0 Saint-Cloud, pr\u00e8s de Paris, le 21\u00a0ao\u00fbt 2025. \"\/>  <\/p>\n<p>GUILLAUME BAPTISTE \/ AFP<\/p>\n<p>La sc\u00e8ne principale du festival Rock en Seine au coucher du soleil \u00e0 Saint-Cloud, pr\u00e8s de Paris, le 21\u00a0ao\u00fbt 2025. <\/p>\n<p class=\"asset asset-text\">MUSIQUE &#8211; Une \u00e9dition loin d\u2019\u00eatre une r\u00e9ussite dans les chiffres. Le festival <a href=\"https:\/\/www.huffingtonpost.fr\/culture\/video\/rock-en-seine-accueille-chappell-roan-la-nouvelle-star-de-la-pop-qui-ne-fait-rien-comme-les-autres-clx1_245583.html\" target=\"_blank\" rel=\"noopener\">Rock en Seine<\/a>, qui s\u2019est conclu ce dimanche 24\u00a0ao\u00fbt, a connu une baisse importante de sa fr\u00e9quentation par rapport \u00e0 l\u2019ann\u00e9e 2024, apr\u00e8s avoir \u00e9t\u00e9 concern\u00e9 par plusieurs annulations de t\u00eates d\u2019affiche et une pol\u00e9mique autour de la programmation du <a href=\"https:\/\/www.huffingtonpost.fr\/culture\/article\/avant-rock-en-seine-un-rappeur-de-kneecap-accuse-de-soutien-au-hezbollah-comparait-devant-la-justice_253793.html\" target=\"_blank\" rel=\"noopener\">groupe de punk nord-irlandais Kneecap<\/a>.<\/p>\n<p class=\"asset asset-text\">Pour sa 21e \u00e9dition, le festival parisien a ainsi r\u00e9uni 148\u00a0000\u00a0spectateurs en cinq jours. C\u2019est pr\u00e8s de 30\u00a0000\u00a0personnes de moins qu\u2019en 2024, o\u00f9 180\u00a0000\u00a0festivaliers s\u2019\u00e9taient rendus au Domaine national de Saint-Cloud, tout pr\u00e8s de Paris. \u00ab\u00a0On fr\u00f4le les 150\u00a0000. C\u2019est en peu en de\u00e7\u00e0 de ce que l\u2019on esp\u00e9rait, c\u2019est vrai. [&#8230;] Il y a eu un peu moins d\u2019attirance pour la programmation que l\u2019an dernier\u00a0\u00bb conc\u00e8de Matthieu Ducos, patron de Rock en Seine, dans <a href=\"https:\/\/www.leparisien.fr\/culture-loisirs\/musique\/rock-en-seine\/ce-nest-pas-une-annee-rejouissante-rock-en-seine-2025-finit-sur-une-frequentation-en-nette-baisse-25-08-2025-LRNJNJSEQJGKHNP73AW6TDT2ZM.php\" target=\"_blank\" rel=\"noopener\" title=\"Nouvelle fen\u00eatre\">une interview au Parisien<\/a>.<\/p>\n<p class=\"asset asset-text\">Ce dernier met en avant plusieurs facteurs pour expliquer cette nette chute. \u00ab\u00a0On a \u00e9t\u00e9 p\u00e9nalis\u00e9 par la date avanc\u00e9e et qui arrive t\u00f4t dans l\u2019\u00e9t\u00e9. Beaucoup ne sont pas encore rentr\u00e9s de vacances, on l\u2019a vu dans les sollicitations d\u2019invitations entre autres\u00a0\u00bb, explique-t-il d\u2019abord.<\/p>\n<p class=\"asset asset-text\">Les annulations de t\u00eates d\u2019affiche n\u2019ont \u00e9galement pas aid\u00e9. C\u2019est notamment le cas du rappeur am\u00e9ricain Asap Rocky, qui s\u2019est d\u00e9sengag\u00e9 de plusieurs festivals en Europe d\u00e8s juillet, puis de la rappeuse Doechii, nouvelle sensation du rap outre-Atlantique, quelques jours avant le d\u00e9but de Rock en Seine. \u00ab\u00a0On a deux journ\u00e9es en dessous, dont le jeudi impact\u00e9 par les annulations d\u2019Asap Rocky puis de\u00a0Doechii en derni\u00e8re minute\u00a0\u00bb, conc\u00e8de Matthieu Ducos.<\/p>\n<p>                     \u00ab\u00a0Ce n\u2019est pas une ann\u00e9e r\u00e9jouissante\u00a0\u00bb    <\/p>\n<p class=\"asset asset-text\">Le festival d\u00e9sormais a \u00e9galement \u00e9t\u00e9 concern\u00e9 par une pol\u00e9mique autour de la venue du groupe de punk nord-irlandais Kneecap, dont l\u2019un des trois membres est poursuivi par la justice britannique pour \u00ab\u00a0infraction terroriste\u00a0\u00bb apr\u00e8s s\u2019\u00eatre couvert, lors d\u2019un concert \u00e0 Londres en 2024, d\u2019un drapeau du Hezbollah, class\u00e9 terroriste au Royaume-Uni.<\/p>\n<p class=\"asset asset-text\">Sous surveillance, le concert s\u2019est d\u00e9roul\u00e9 sans accroc majeur, malgr\u00e9 une ambiance tendue \u00e0 l\u2019entr\u00e9e du festival. Kneecap a malgr\u00e9 tout \u00e9voqu\u00e9 \u00e0 plusieurs reprises la situation \u00e0 Gaza, d\u00e9non\u00e7ant que \u00ab\u00a0le gouvernement fran\u00e7ais est complice\u00a0\u00bb car \u00ab\u00a0il vend ou facilite le commerce d\u2019armes \u00e0 l\u2019arm\u00e9e isra\u00e9lienne\u00a0\u00bb, ou scandant\u00a0: \u00ab\u00a0Netanyahu est un criminel de guerre\u00a0\u00bb.<\/p>\n<p class=\"asset asset-text\">Mais cette d\u00e9cision de maintenir le groupe Kneecap a eu de nettes cons\u00e9quences sur le budget du festival. La mairie de Saint-Cloud avait ainsi annonc\u00e9 retirer ses 40\u00a0000\u00a0euros de subventions, avant que la r\u00e9gion \u00cele-de-France ne fasse de m\u00eame avec son enveloppe de 295\u00a0000\u00a0euros.<\/p>\n<p class=\"asset asset-text\">\u00ab\u00a0Ce n\u2019est pas anodin compte tenu de notre situation financi\u00e8re d\u00e9licate cette ann\u00e9e, avec une affluence en baisse\u00a0\u00bb, conc\u00e8de Matthieu Ducos aupr\u00e8s du Parisien, expliquant que \u00ab\u00a0financi\u00e8rement, effectivement, ce n\u2019est pas une ann\u00e9e r\u00e9jouissante\u00a0\u00bb. Mais ce dernier affirme avoir \u00ab\u00a0tenu \u00e0\u00a0r\u00e9affirmer le festival comme terrain d\u2019expression libre\u00a0\u00e0 partir du moment o\u00f9 le groupe respecte les lois et nos valeurs. On a consid\u00e9r\u00e9 qu\u2019il devait jouer dans la mesure o\u00f9 il ne s\u2019\u00e9cartait pas de ce cadre\u00a0\u00bb.<\/p>\n","protected":false},"excerpt":{"rendered":"GUILLAUME BAPTISTE \/ AFP La sc\u00e8ne principale du festival Rock en Seine au coucher du soleil \u00e0 Saint-Cloud,&hellip;\n","protected":false},"author":2,"featured_media":343785,"comment_status":"","ping_status":"","sticky":false,"template":"","format":"standard","meta":{"footnotes":""},"categories":[8],"tags":[251,58,59,849,1011,27,873,36376],"class_list":{"0":"post-343784","1":"post","2":"type-post","3":"status-publish","4":"format-standard","5":"has-post-thumbnail","7":"category-divertissement","8":"tag-culture","9":"tag-divertissement","10":"tag-entertainment","11":"tag-festival","12":"tag-fr","13":"tag-france","14":"tag-musique","15":"tag-rock-en-seine"},"share_on_mastodon":{"url":"https:\/\/pubeurope.com\/@fr\/115091669396773586","error":""},"_links":{"self":[{"href":"https:\/\/www.europesays.com\/fr\/wp-json\/wp\/v2\/posts\/343784","targetHints":{"allow":["GET"]}}],"collection":[{"href":"https:\/\/www.europesays.com\/fr\/wp-json\/wp\/v2\/posts"}],"about":[{"href":"https:\/\/www.europesays.com\/fr\/wp-json\/wp\/v2\/types\/post"}],"author":[{"embeddable":true,"href":"https:\/\/www.europesays.com\/fr\/wp-json\/wp\/v2\/users\/2"}],"replies":[{"embeddable":true,"href":"https:\/\/www.europesays.com\/fr\/wp-json\/wp\/v2\/comments?post=343784"}],"version-history":[{"count":0,"href":"https:\/\/www.europesays.com\/fr\/wp-json\/wp\/v2\/posts\/343784\/revisions"}],"wp:featuredmedia":[{"embeddable":true,"href":"https:\/\/www.europesays.com\/fr\/wp-json\/wp\/v2\/media\/343785"}],"wp:attachment":[{"href":"https:\/\/www.europesays.com\/fr\/wp-json\/wp\/v2\/media?parent=343784"}],"wp:term":[{"taxonomy":"category","embeddable":true,"href":"https:\/\/www.europesays.com\/fr\/wp-json\/wp\/v2\/categories?post=343784"},{"taxonomy":"post_tag","embeddable":true,"href":"https:\/\/www.europesays.com\/fr\/wp-json\/wp\/v2\/tags?post=343784"}],"curies":[{"name":"wp","href":"https:\/\/api.w.org\/{rel}","templated":true}]}}