{"id":343788,"date":"2025-08-25T22:05:11","date_gmt":"2025-08-25T22:05:11","guid":{"rendered":"https:\/\/www.europesays.com\/fr\/343788\/"},"modified":"2025-08-25T22:05:11","modified_gmt":"2025-08-25T22:05:11","slug":"a-radio-france-la-greve-se-poursuit-apres-une-deuxieme-reunion-de-negociation-infructueuse-le-monde-fr","status":"publish","type":"post","link":"https:\/\/www.europesays.com\/fr\/343788\/","title":{"rendered":"A Radio France, la gr\u00e8ve se poursuit apr\u00e8s une deuxi\u00e8me r\u00e9union de n\u00e9gociation infructueuse &#8211; Le Monde.fr"},"content":{"rendered":"<ol>\n<li><a href=\"https:\/\/news.google.com\/rss\/articles\/CBMi-wFBVV95cUxOdzlCZllzWEZneFRJZW1zY2xmUm1KOU5yRFhPSjVTNk9OS29FUzJySk5qNnZvek5LYjFKTEVjQnNGUnFGQjVNZ0JESmtibFRnY1ZSRlBXbXMyRFVSR3NSdTVrX1hhT3Q3VG1ucGRrTGpaSGhJcjNlS2RHeWNxMWFYa2tYbDRJRmc4TjUtSUI5cWhsQUIzOVdYVzloU0ZzMGNhb2hWZE1RemRhNU5yaVpKNy1CbWQyTFFZUldQRXRXakVFUHZyV0U4N1diVVBOanBTeWpsN0JzMmQ1Q1JnTU83MnpGTm1GbG9TRDk5eXEtb1ZsSDhOSFpydDRNQQ?oc=5\" target=\"_blank\" rel=\"nofollow noopener\">A Radio France, la gr\u00e8ve se poursuit apr\u00e8s une deuxi\u00e8me r\u00e9union de n\u00e9gociation infructueuse<\/a>&nbsp;&nbsp;Le Monde.fr<\/li>\n<li><a href=\"https:\/\/news.google.com\/rss\/articles\/CBMivgFBVV95cUxQT3dUZ0tZdkdub2hYSGU4aUYwR0c0aXNHSE00TWpuQ1pCSm1wb2dqZXdQVTJDRi1ZYzAtVFR1OGFpbUJBVHp3bzlMUTVwM05uMGU4NWhPVHdwLTQ0WFhfcmJKaGExWWZTSUlqc0Foc1Fycl82dzM4MXpCUElmcnBraHNFejBVYW95V2J0eHV4UWtyYmxRSEh4bEt0VDlwRGg1TDhrX29YOWlYVFFVTnVGZC1xc1VHeWdycU9ybFFR?oc=5\" target=\"_blank\" rel=\"nofollow noopener\">Sur France Inter, la nouvelle \u201cgrande matinale\u201d cherche son rythme malgr\u00e9 la gr\u00e8ve<\/a>&nbsp;&nbsp;T\u00e9l\u00e9rama<\/li>\n<li><a href=\"https:\/\/news.google.com\/rss\/articles\/CBMi1wFBVV95cUxNeVBYc29CZl8yWkI2TkZSekdTRmM2WmZXRWVxRHhFQ2JZZXJSemczOWs4QW9fRGJ5bDBwWUo4UjE3anFBUDNxVWxISWFDUjAtV0dnSE5iU0dOZ18yRWNDYnFzemZLbk9KTnZNZVRHdjM2dGpoN3BrZ1gtdG5DNUhsX1F2QVBiVUJJdzZxVzJJS0VrNlpoLWFNYWFxWmlxYzZPb0Ftc2lMQzJmWmJTM3F4ZmdnbkZ3M3lkUFpIdDFpUHpkVVQ2UzA5dUZSSXpPZFJwRk45Qjk4MNIB3AFBVV95cUxNbXpGNXg5VWU3LWRXd1oxNVE5cHU4RXNwRVJkYjNUMjNTQTdIZUk4NGJmenBKMTNIOUJ5T1dRVm81Y3lXQmlMd3pjU1NiS0JRTlRESUNkZFYxYnhYbUdWZ0U0X1pCaVpXb0JvU0pGamsxcTNNU3BvakNwZXFYU2dsRmlTMFEtTzRsSTFWX3AzRWVKeDBQbVhXUnM3aGlOSVNGbWpTMEd2WDBjRkZxTjFxZGxrVGR1Q2tWMTcta0NGdkp0enJOcUNhN3YxQk5ZckR5MGlvczdvWWh1RWV4?oc=5\" target=\"_blank\" rel=\"nofollow noopener\">Rentr\u00e9e des radios: des nouvelles voix et Radio France en gr\u00e8ve<\/a>&nbsp;&nbsp;Boursorama<\/li>\n<li><a href=\"https:\/\/news.google.com\/rss\/articles\/CBMitAFBVV95cUxNUWZnSTdPaldyVlVmY1BUNU53ZGZPZTAwSlJzZDZMR2pnUDlXbDZwVzVvck82cHhPSzhsY3hubklkZVZscnFPV0Ixc0Znc3VYY2FEcGk1aV9JYWZUUTRoQUx2Ti1qeXZWTjZHVUZFZ2FxNjZPNXVhRTM5el9ZVUZidVk0RkEzeFNxOHhtczExRnZNQTViLUktdk8yZ1NTQUFmREwtLThwdHk0bm9namZUcTNjVnI?oc=5\" target=\"_blank\" rel=\"nofollow noopener\">Radio France en gr\u00e8ve illimit\u00e9e : les syndicats d\u00e9noncent l\u2019attitude de la directrice Sibyle Veil<\/a>&nbsp;&nbsp;L&rsquo;Humanit\u00e9<\/li>\n<li><a href=\"https:\/\/news.google.com\/rss\/articles\/CBMi6AFBVV95cUxNT3BLNXNQVTNnT0JhY2NtT3lwVDhkNkpndmlGUl9DaS0wWVdrWnczRjEyS3hrMlpFVDZSZGxrYXVTTXhRb0t5MTdMcHdWcEw5Y1VmVnE1d0pHZExuRzR6UmMxMkd0M2FSVXJ0ZFpIcUdUdWpmVUNNaC1YT3JKNmRmRG1rVmtRUHBudEpYT1RaY1NqTndZNHU5ZWdiLTd3MXZpRk1UbGRJUldCWUdqbmppN0NNQkxwQ0kwTlZ1emo0ZnJLY3V4NjkxaWY2SlZJcjNPWWpmdVdjbXI4MWc4MkM4YS1DdmctLWNk?oc=5\" target=\"_blank\" rel=\"nofollow noopener\">La premi\u00e8re de la nouvelle matinale de France Inter ne s\u2019est pas pass\u00e9e comme pr\u00e9vu<\/a>&nbsp;&nbsp;Le HuffPost<\/li>\n<\/ol>\n","protected":false},"excerpt":{"rendered":"A Radio France, la gr\u00e8ve se poursuit apr\u00e8s une deuxi\u00e8me r\u00e9union de n\u00e9gociation infructueuse&nbsp;&nbsp;Le Monde.fr Sur France Inter,&hellip;\n","protected":false},"author":2,"featured_media":1445,"comment_status":"","ping_status":"","sticky":false,"template":"","format":"standard","meta":{"footnotes":""},"categories":[6],"tags":[35,33,34,1011,27],"class_list":{"0":"post-343788","1":"post","2":"type-post","3":"status-publish","4":"format-standard","5":"has-post-thumbnail","7":"category-economie","8":"tag-business","9":"tag-economie","10":"tag-economy","11":"tag-fr","12":"tag-france"},"share_on_mastodon":{"url":"https:\/\/pubeurope.com\/@fr\/115091677160819385","error":""},"_links":{"self":[{"href":"https:\/\/www.europesays.com\/fr\/wp-json\/wp\/v2\/posts\/343788","targetHints":{"allow":["GET"]}}],"collection":[{"href":"https:\/\/www.europesays.com\/fr\/wp-json\/wp\/v2\/posts"}],"about":[{"href":"https:\/\/www.europesays.com\/fr\/wp-json\/wp\/v2\/types\/post"}],"author":[{"embeddable":true,"href":"https:\/\/www.europesays.com\/fr\/wp-json\/wp\/v2\/users\/2"}],"replies":[{"embeddable":true,"href":"https:\/\/www.europesays.com\/fr\/wp-json\/wp\/v2\/comments?post=343788"}],"version-history":[{"count":0,"href":"https:\/\/www.europesays.com\/fr\/wp-json\/wp\/v2\/posts\/343788\/revisions"}],"wp:featuredmedia":[{"embeddable":true,"href":"https:\/\/www.europesays.com\/fr\/wp-json\/wp\/v2\/media\/1445"}],"wp:attachment":[{"href":"https:\/\/www.europesays.com\/fr\/wp-json\/wp\/v2\/media?parent=343788"}],"wp:term":[{"taxonomy":"category","embeddable":true,"href":"https:\/\/www.europesays.com\/fr\/wp-json\/wp\/v2\/categories?post=343788"},{"taxonomy":"post_tag","embeddable":true,"href":"https:\/\/www.europesays.com\/fr\/wp-json\/wp\/v2\/tags?post=343788"}],"curies":[{"name":"wp","href":"https:\/\/api.w.org\/{rel}","templated":true}]}}