{"id":343789,"date":"2025-08-25T22:06:12","date_gmt":"2025-08-25T22:06:12","guid":{"rendered":"https:\/\/www.europesays.com\/fr\/343789\/"},"modified":"2025-08-25T22:06:12","modified_gmt":"2025-08-25T22:06:12","slug":"trump-accuse-de-derive-autoritaire-estime-que-beaucoup-damericains-aimeraient-avoir-un-dictateur","status":"publish","type":"post","link":"https:\/\/www.europesays.com\/fr\/343789\/","title":{"rendered":"Trump, accus\u00e9 de d\u00e9rive autoritaire, estime que beaucoup d\u2019Am\u00e9ricains \u00ab\u00a0aimeraient avoir un dictateur\u00a0\u00bb"},"content":{"rendered":"<p>        <img decoding=\"async\" loading=\"lazy\" src=\"https:\/\/www.europesays.com\/fr\/wp-content\/uploads\/2025\/08\/d36f26f_upload-1-g0koaxdsqqoy-063-2232037004.jpg\"  width=\"728\" height=\"409\" alt=\"Donald Trump a lanc\u00e9, ce lundi 25\u00a0ao\u00fbt, que beaucoup d\u2019Am\u00e9ricains \u00ab\u00a0aimeraient avoir un dictateur\u00a0\u00bb. (Photo d\u2019illustration)\"\/>  <\/p>\n<p>CHIP SOMODEVILLA \/ Getty Images via AFP<\/p>\n<p>Donald Trump a lanc\u00e9, ce lundi 25\u00a0ao\u00fbt, que beaucoup d\u2019Am\u00e9ricains \u00ab\u00a0aimeraient avoir un dictateur\u00a0\u00bb. (Photo d\u2019illustration)<\/p>\n<p class=\"asset asset-text\">\u00c9TATS-UNIS &#8211; Il a tent\u00e9 de r\u00e9pondre aux critiques d\u00e9non\u00e7ant sa r\u00e9pression \u00e0 Washington, mais son discours \u00e9tait confus. <a href=\"https:\/\/www.huffingtonpost.fr\/international\/article\/donald-trump-pique-au-vif-menace-le-gouverneur-du-maryland-d-envoyer-la-garde-nationale_253939.html\" rel=\"nofollow noopener\" target=\"_blank\">Donald Trump <\/a>a lanc\u00e9, ce lundi 25\u00a0ao\u00fbt, que beaucoup d\u2019Am\u00e9ricains \u00ab\u00a0aimeraient avoir<a href=\"https:\/\/www.huffingtonpost.fr\/international\/article\/donald-trump-dictateur-d-un-jour-a-quoi-s-attendre-pour-son-retour-au-pouvoir_244860.html\" rel=\"nofollow noopener\" target=\"_blank\"> un dictateur\u00a0<\/a>\u00bb, pendant une conf\u00e9rence de presse improvis\u00e9e et prolong\u00e9e dans le Bureau ovale, consacr\u00e9e \u00e0 des sujets de s\u00e9curit\u00e9 et \u00e0 des r\u00e9criminations contre ses opposants.<\/p>\n<p class=\"asset asset-text\">\u00ab\u00a0Beaucoup de gens disent \u201cpeut-\u00eatre que nous aimerions avoir un dictateur\u201d. Je n\u2019aime pas les dictateurs. Je ne suis pas un dictateur. Je suis un homme dou\u00e9 de beaucoup de bon sens et intelligent\u00a0\u00bb, s\u2019est auto-compliment\u00e9 le pr\u00e9sident am\u00e9ricain, accus\u00e9 de d\u00e9rive autoritaire par ses opposants pour sa politique en mati\u00e8re d\u2019immigration et de s\u00e9curit\u00e9.<\/p>\n<p class=\"asset asset-text\">\u00ab\u00a0Vous envoyez l\u2019arm\u00e9e et, au lieu de vous f\u00e9liciter, ils vous accusent de prendre d\u2019assaut la r\u00e9publique\u00a0\u00bb, a-t-il encore d\u00e9nonc\u00e9, en r\u00e9f\u00e9rence \u00e0 sa d\u00e9cision <a href=\"https:\/\/www.huffingtonpost.fr\/international\/article\/donald-trump-a-deja-decide-dans-quelle-ville-il-veut-envoyer-la-garde-nationale-apres-washington_253891.html\" rel=\"nofollow noopener\" target=\"_blank\">d\u2019envoyer la Garde nationale <\/a>dans les rues de Washington pour des op\u00e9rations de maintien de l\u2019ordre.<\/p>\n<p>    Un \u00ab\u00a0minist\u00e8re de la guerre\u00a0\u00bb et attaques contre les d\u00e9mocrates    <\/p>\n<p class=\"asset asset-text\">Donald Trump a sign\u00e9 devant des journalistes un d\u00e9cret punissant quiconque br\u00fble un drapeau am\u00e9ricain, et ceci bien que la Cour supr\u00eame ait consid\u00e9r\u00e9 dans un arr\u00eat de 1989 qu\u2019un tel acte relevait de la libert\u00e9 d\u2019expression, un droit fondamental prot\u00e9g\u00e9 par la Constitution. \u00ab\u00a0Si vous br\u00fblez un drapeau, vous aurez un an de prison, sans lib\u00e9ration anticip\u00e9e\u00a0\u00bb, a-t-il assur\u00e9.<\/p>\n<p class=\"asset asset-text\">Le r\u00e9publicain de 79\u00a0ans, qui s\u2019est exprim\u00e9 pendant 80 minutes sur les sujets les plus divers, avec force digressions, a par ailleurs indiqu\u00e9 qu\u2019il entendait rebaptiser le minist\u00e8re de la D\u00e9fense pour lui donner le nom de \u00ab\u00a0minist\u00e8re de la guerre\u00a0\u00bb.<\/p>\n<p class=\"asset asset-text\">Le pr\u00e9sident r\u00e9publicain s\u2019en est aussi pris \u00e0 ses adversaires politiques, plus particuli\u00e8rement \u00e0 ceux dont le nom est parfois \u00e9voqu\u00e9 pour la candidature d\u00e9mocrate \u00e0 la pr\u00e9sidentielle de 2028. Il a en particulier trait\u00e9 de \u00ab\u00a0sagouin\u00a0\u00bb le gouverneur d\u00e9mocrate de l\u2019Illinois JB Pritzker, et lanc\u00e9 qu\u2019il devrait \u00ab\u00a0faire plus de sport\u00a0\u00bb, en r\u00e9f\u00e9rence \u00e0 sa corpulence.<\/p>\n<p class=\"asset asset-text\">Donald Trump a aussi critiqu\u00e9 les gouverneurs de Californie Gavin Newsom et du Maryland Wes Moore, qui l\u2019ont tous deux r\u00e9cemment attaqu\u00e9 \u00e0 coups de moqueries sur les r\u00e9seaux sociaux. Il a lanc\u00e9 \u00e0 propos du Parti d\u00e9mocrate\u00a0: \u00ab\u00a0tous leurs candidats potentiels font du mauvais boulot\u00a0\u00bb. Le pr\u00e9sident n\u2019a pas \u00e9pargn\u00e9 non plus son pr\u00e9d\u00e9cesseur d\u00e9mocrate Joe Biden, qu\u2019il a qualifi\u00e9 d\u2019\u00ab\u00a0abruti\u00a0\u00bb.<\/p>\n<p class=\"asset asset-text\">Le pr\u00e9sident am\u00e9ricain a redit que la ville de Chicago, dans l\u2019Illinois, pourrait \u00eatre la prochaine vis\u00e9e par ses op\u00e9rations de maintien de l\u2019ordre impliquant l\u2019arm\u00e9e, apr\u00e8s la ville de Washington.<\/p>\n<p>    Or et carpes    <\/p>\n<p class=\"asset asset-text\">La capitale f\u00e9d\u00e9rale sera d\u2019ailleurs \u00ab\u00a0impeccable\u00a0\u00bb pour recevoir le Mondial de foot l\u2019\u00e9t\u00e9 prochain, a d\u00e9clar\u00e9 Donald Trump. Il en a profit\u00e9 pour montrer le troph\u00e9e de la comp\u00e9tition, que lui a apport\u00e9 le chef de la FIFA Gianni Infantino et qui tr\u00f4ne d\u00e9sormais dans le Bureau ovale, au milieu d\u2019autres ornements dor\u00e9s.<\/p>\n<p class=\"asset asset-text\">\u00ab\u00a0C\u2019est un troph\u00e9e en or massif. Ils savent comment se faire bien voir\u00a0!\u00a0\u00bb, a plaisant\u00e9 le pr\u00e9sident milliardaire, connu pour son go\u00fbt du luxe ostentatoire.<\/p>\n<p class=\"asset asset-text\">Donald Trump a aussi, dans une autre digression, \u00e9voqu\u00e9 les probl\u00e8mes que cause la carpe asiatique, une esp\u00e8ce de poisson invasive, pour l\u2019\u00e9cosyst\u00e8me des Grands lacs. Il a \u00e9voqu\u00e9 un \u00ab\u00a0poisson assez violent qui vient de Chine, la carpe chinoise. (&#8230;) Ils sautent dans les bateaux, ils sautent partout\u00a0\u00bb, a affirm\u00e9 le pr\u00e9sident am\u00e9ricain, en notant que rem\u00e9dier \u00e0 ce probl\u00e8me serait \u00ab\u00a0terriblement co\u00fbteux\u00a0\u00bb. Le nord-est de l\u2019Illinois, o\u00f9 se trouve Chicago, borde l\u2019un des Grands Lacs, le lac Michigan.<\/p>\n<p class=\"asset asset-text\">\u00ab\u00a0Tant que je n\u2019aurai pas de demande de ce gars (le gouverneur de l\u2019Illinois, NDLR), je ne ferai rien\u00a0\u00bb, a d\u00e9clar\u00e9 le r\u00e9publicain, qui a plusieurs fois menac\u00e9 de remettre en cause certains m\u00e9canismes d\u2019aide f\u00e9d\u00e9rale pour des Etats d\u00e9mocrates.<\/p>\n","protected":false},"excerpt":{"rendered":"CHIP SOMODEVILLA \/ Getty Images via AFP Donald Trump a lanc\u00e9, ce lundi 25\u00a0ao\u00fbt, que beaucoup d\u2019Am\u00e9ricains \u00ab\u00a0aimeraient&hellip;\n","protected":false},"author":2,"featured_media":343790,"comment_status":"","ping_status":"","sticky":false,"template":"","format":"standard","meta":{"footnotes":""},"categories":[5],"tags":[11,75,73,1011,27,14,12,28],"class_list":{"0":"post-343789","1":"post","2":"type-post","3":"status-publish","4":"format-standard","5":"has-post-thumbnail","7":"category-international","8":"tag-actualites","9":"tag-donald-trump","10":"tag-etats-unis","11":"tag-fr","12":"tag-france","13":"tag-international","14":"tag-news","15":"tag-world"},"share_on_mastodon":{"url":"https:\/\/pubeurope.com\/@fr\/115091681060940743","error":""},"_links":{"self":[{"href":"https:\/\/www.europesays.com\/fr\/wp-json\/wp\/v2\/posts\/343789","targetHints":{"allow":["GET"]}}],"collection":[{"href":"https:\/\/www.europesays.com\/fr\/wp-json\/wp\/v2\/posts"}],"about":[{"href":"https:\/\/www.europesays.com\/fr\/wp-json\/wp\/v2\/types\/post"}],"author":[{"embeddable":true,"href":"https:\/\/www.europesays.com\/fr\/wp-json\/wp\/v2\/users\/2"}],"replies":[{"embeddable":true,"href":"https:\/\/www.europesays.com\/fr\/wp-json\/wp\/v2\/comments?post=343789"}],"version-history":[{"count":0,"href":"https:\/\/www.europesays.com\/fr\/wp-json\/wp\/v2\/posts\/343789\/revisions"}],"wp:featuredmedia":[{"embeddable":true,"href":"https:\/\/www.europesays.com\/fr\/wp-json\/wp\/v2\/media\/343790"}],"wp:attachment":[{"href":"https:\/\/www.europesays.com\/fr\/wp-json\/wp\/v2\/media?parent=343789"}],"wp:term":[{"taxonomy":"category","embeddable":true,"href":"https:\/\/www.europesays.com\/fr\/wp-json\/wp\/v2\/categories?post=343789"},{"taxonomy":"post_tag","embeddable":true,"href":"https:\/\/www.europesays.com\/fr\/wp-json\/wp\/v2\/tags?post=343789"}],"curies":[{"name":"wp","href":"https:\/\/api.w.org\/{rel}","templated":true}]}}