{"id":343791,"date":"2025-08-25T22:07:10","date_gmt":"2025-08-25T22:07:10","guid":{"rendered":"https:\/\/www.europesays.com\/fr\/343791\/"},"modified":"2025-08-25T22:07:10","modified_gmt":"2025-08-25T22:07:10","slug":"ps-lfi-ecologistes-et-rn-annoncent-quils-voteront-contre-liberation","status":"publish","type":"post","link":"https:\/\/www.europesays.com\/fr\/343791\/","title":{"rendered":"PS, LFI, \u00e9cologistes et RN annoncent qu\u2019ils voteront contre \u2013 Lib\u00e9ration"},"content":{"rendered":"<p class=\"sc-ksZaOG ehjQrN text-element\">La Bourse de Paris recule nettement ce lundi en fin d\u2019apr\u00e8s-midi, perdant pr\u00e8s de 1,50\u00a0%, dans la foul\u00e9e de l\u2019intervention de Fran\u00e7ois Bayrou devant la presse sur le budget, lors de laquelle il a annonc\u00e9 vouloir solliciter le 8\u00a0septembre prochain un vote de confiance devant l\u2019Assembl\u00e9e nationale. Vers 17\u00a0h\u00a020, le CAC 40 perdait 1,49\u00a0% \u00e0 7\u00a0850,68 points, soit un recul de 119,01 points par rapport \u00e0 la veille. Avant l\u2019intervention du Premier ministre, il \u00e9voluait en l\u00e9g\u00e8re baisse. Le taux d\u2019int\u00e9r\u00eat \u00e0 dix\u00a0ans de la dette fran\u00e7aise \u00e9tait en hausse, \u00e0 3,49\u00a0%, contre 3,42\u00a0% la veille.<\/p>\n","protected":false},"excerpt":{"rendered":"La Bourse de Paris recule nettement ce lundi en fin d\u2019apr\u00e8s-midi, perdant pr\u00e8s de 1,50\u00a0%, dans la foul\u00e9e&hellip;\n","protected":false},"author":2,"featured_media":343792,"comment_status":"","ping_status":"","sticky":false,"template":"","format":"standard","meta":{"footnotes":""},"categories":[4],"tags":[11,25548,1011,27,431,418,12,25],"class_list":{"0":"post-343791","1":"post","2":"type-post","3":"status-publish","4":"format-standard","5":"has-post-thumbnail","7":"category-france","8":"tag-actualites","9":"tag-budget-public","10":"tag-fr","11":"tag-france","12":"tag-francois-bayrou","13":"tag-gouvernement","14":"tag-news","15":"tag-republique-francaise"},"share_on_mastodon":{"url":"https:\/\/pubeurope.com\/@fr\/115091685035943836","error":""},"_links":{"self":[{"href":"https:\/\/www.europesays.com\/fr\/wp-json\/wp\/v2\/posts\/343791","targetHints":{"allow":["GET"]}}],"collection":[{"href":"https:\/\/www.europesays.com\/fr\/wp-json\/wp\/v2\/posts"}],"about":[{"href":"https:\/\/www.europesays.com\/fr\/wp-json\/wp\/v2\/types\/post"}],"author":[{"embeddable":true,"href":"https:\/\/www.europesays.com\/fr\/wp-json\/wp\/v2\/users\/2"}],"replies":[{"embeddable":true,"href":"https:\/\/www.europesays.com\/fr\/wp-json\/wp\/v2\/comments?post=343791"}],"version-history":[{"count":0,"href":"https:\/\/www.europesays.com\/fr\/wp-json\/wp\/v2\/posts\/343791\/revisions"}],"wp:featuredmedia":[{"embeddable":true,"href":"https:\/\/www.europesays.com\/fr\/wp-json\/wp\/v2\/media\/343792"}],"wp:attachment":[{"href":"https:\/\/www.europesays.com\/fr\/wp-json\/wp\/v2\/media?parent=343791"}],"wp:term":[{"taxonomy":"category","embeddable":true,"href":"https:\/\/www.europesays.com\/fr\/wp-json\/wp\/v2\/categories?post=343791"},{"taxonomy":"post_tag","embeddable":true,"href":"https:\/\/www.europesays.com\/fr\/wp-json\/wp\/v2\/tags?post=343791"}],"curies":[{"name":"wp","href":"https:\/\/api.w.org\/{rel}","templated":true}]}}