{"id":343798,"date":"2025-08-25T22:11:43","date_gmt":"2025-08-25T22:11:43","guid":{"rendered":"https:\/\/www.europesays.com\/fr\/343798\/"},"modified":"2025-08-25T22:11:43","modified_gmt":"2025-08-25T22:11:43","slug":"chavigny-mariage-christopher-et-coralie","status":"publish","type":"post","link":"https:\/\/www.europesays.com\/fr\/343798\/","title":{"rendered":"Chavigny | Mariage. Christopher et Coralie"},"content":{"rendered":"<p>Ce samedi 23\u00a0ao\u00fbt, \u00e0 16h30, Herv\u00e9 Tillard, maire de Chavigny, assist\u00e9 de Christophe Dubourg, adjoint d\u00e9l\u00e9gu\u00e9, a re\u00e7u les consentements de Coralie Cervelle, agent de service hospitalier, et de Christopher Hazard, technicien logistique. Les jeunes mari\u00e9s sont les parents de Ema, n\u00e9e en 2011, et de Tim\u00e9o, n\u00e9 en 2013. La famille r\u00e9side dans la commune depuis 2013.<\/p>\n<p>Tous nos v\u0153ux de bonheur.<\/p>\n","protected":false},"excerpt":{"rendered":"Ce samedi 23\u00a0ao\u00fbt, \u00e0 16h30, Herv\u00e9 Tillard, maire de Chavigny, assist\u00e9 de Christophe Dubourg, adjoint d\u00e9l\u00e9gu\u00e9, a re\u00e7u&hellip;\n","protected":false},"author":2,"featured_media":343799,"comment_status":"","ping_status":"","sticky":false,"template":"","format":"standard","meta":{"footnotes":""},"categories":[9635],"tags":[1111,11,9223,9848,36717,1704,1777,674,1011,27,775,1930,1702,12,25,104],"class_list":{"0":"post-343798","1":"post","2":"type-post","3":"status-publish","4":"format-standard","5":"has-post-thumbnail","7":"category-nancy","8":"tag-actu","9":"tag-actualites","10":"tag-carnet-du-jour","11":"tag-cc-moselle-et-madon-54b","12":"tag-chavigny","13":"tag-edition-nancy-et-agglomeration","14":"tag-eu","15":"tag-europe","16":"tag-fr","17":"tag-france","18":"tag-grand-est","19":"tag-mariage","20":"tag-nancy","21":"tag-news","22":"tag-republique-francaise","23":"tag-societe"},"share_on_mastodon":{"url":"https:\/\/pubeurope.com\/@fr\/115091700630816194","error":""},"_links":{"self":[{"href":"https:\/\/www.europesays.com\/fr\/wp-json\/wp\/v2\/posts\/343798","targetHints":{"allow":["GET"]}}],"collection":[{"href":"https:\/\/www.europesays.com\/fr\/wp-json\/wp\/v2\/posts"}],"about":[{"href":"https:\/\/www.europesays.com\/fr\/wp-json\/wp\/v2\/types\/post"}],"author":[{"embeddable":true,"href":"https:\/\/www.europesays.com\/fr\/wp-json\/wp\/v2\/users\/2"}],"replies":[{"embeddable":true,"href":"https:\/\/www.europesays.com\/fr\/wp-json\/wp\/v2\/comments?post=343798"}],"version-history":[{"count":0,"href":"https:\/\/www.europesays.com\/fr\/wp-json\/wp\/v2\/posts\/343798\/revisions"}],"wp:featuredmedia":[{"embeddable":true,"href":"https:\/\/www.europesays.com\/fr\/wp-json\/wp\/v2\/media\/343799"}],"wp:attachment":[{"href":"https:\/\/www.europesays.com\/fr\/wp-json\/wp\/v2\/media?parent=343798"}],"wp:term":[{"taxonomy":"category","embeddable":true,"href":"https:\/\/www.europesays.com\/fr\/wp-json\/wp\/v2\/categories?post=343798"},{"taxonomy":"post_tag","embeddable":true,"href":"https:\/\/www.europesays.com\/fr\/wp-json\/wp\/v2\/tags?post=343798"}],"curies":[{"name":"wp","href":"https:\/\/api.w.org\/{rel}","templated":true}]}}