{"id":343802,"date":"2025-08-25T22:16:24","date_gmt":"2025-08-25T22:16:24","guid":{"rendered":"https:\/\/www.europesays.com\/fr\/343802\/"},"modified":"2025-08-25T22:16:24","modified_gmt":"2025-08-25T22:16:24","slug":"une-jeune-fille-de-15-ans-est-recherchee-a-toulon","status":"publish","type":"post","link":"https:\/\/www.europesays.com\/fr\/343802\/","title":{"rendered":"une jeune fille de 15 ans est recherch\u00e9e \u00e0 Toulon"},"content":{"rendered":"<p>            Par<br \/>\n        <strong><br \/>\n            <a href=\"https:\/\/actu.fr\/auteur\/guillemette-herve\" title=\"Consulter tous les articles de Agence de presse APEI\" target=\"_blank\" rel=\"noopener\">Agence de presse APEI<\/a><br \/>\n        <\/strong><\/p>\n<p>        Publi\u00e9 le<\/p>\n<p>            25 ao\u00fbt 2025 \u00e0 17h46        <\/p>\n<p>Une jeune fille \u00e2g\u00e9e de 15 ans est port\u00e9e disparue dans le <a href=\"https:\/\/actu.fr\/provence-alpes-cote-d-azur\/flayosc_83058\/var-malgre-la-mobilisation-le-chien-smoke-a-ete-euthanasie_63065413.html\" target=\"_blank\" rel=\"noopener\">Var<\/a>.\u00a0Le 9 ao\u00fbt 2025, Clara a quitt\u00e9 la r\u00e9gion parisienne <strong>sans l\u2019autorisation de ses parents<\/strong> et a pris un train en direction de Toulon.\u00a0<\/p>\n<p class=\" wall-content\">Alert\u00e9e par la famille, la police a pris en charge l\u2019adolescente \u00e0 son arriv\u00e9e en gare de <a href=\"https:\/\/actu.fr\/provence-alpes-cote-d-azur\/toulon_83137\/var-a-toulon-le-stade-mayol-se-modernise_63013685.html\" target=\"_blank\" rel=\"noopener\">Toulon<\/a>. Elle a \u00e9t\u00e9 plac\u00e9e dans <strong>une structure d\u2019accueil<\/strong>, dans l\u2019attente que ses proches viennent la r\u00e9cup\u00e9rer.<\/p>\n<p class=\" wall-content\">Mais elle n\u2019a pas attendu sa famille et s\u2019est enfuie pr\u00e9cipitamment du foyer, le 10 ao\u00fbt. Elle se trouverait <strong>toujours \u00e0 Toulon<\/strong>, comme l\u2019indique <a href=\"https:\/\/www.nicematin.com\/faits-divers\/disparition-d-une-adolescente-de-15-ans-a-toulon-clara-15-ans-est-partie-de-paris-depuis-le-9-aout-999210\" target=\"_blank\" rel=\"noopener\">Nice Matin<\/a>.<\/p>\n<p>Un appel \u00e0 t\u00e9moins<\/p>\n<p class=\" wall-content\">Clara mesure 1,60 m\u00e8tre et est <strong>de corpulence mince<\/strong>. Elle a les cheveux bruns mi-longs, les yeux marron et porte de faux cils, un appareil dentaire et un piercing en forme de coccinelle au nez.<\/p>\n<p class=\" wall-content\">Au moment de sa disparition, elle portait <strong>un pantalon rose<\/strong>, un tee-shirt bleu, des chaussures Crocs roses et une veste en jean.<\/p>\n<p class=\" wall-content\">Si vous disposez d\u2019informations concernant cette disparition, veuillez contacter <strong>l\u2019association ARPD<\/strong> au 06 15 25 16 14 ou par email \u00e0 <a href=\"https:\/\/actu.fr\/cdn-cgi\/l\/email-protection\" class=\"__cf_email__\" data-cfemail=\"4a382f2d23252467393f2e0a2b383a2e642c38\" target=\"_blank\" rel=\"noopener\">[email\u00a0protected]<\/a>.<\/p>\n<p class=\" wall-content\">Personnalisez votre actualit\u00e9 en ajoutant vos villes et m\u00e9dias en favori avec <a href=\"https:\/\/moncompte.actu.fr\" title=\"D\u00e9couvez Mon Actu\" rel=\"nofollow noopener\" data-trk=\"{&quot;cta&quot;:{&quot;action&quot;:&quot;https:\\\/\\\/moncompte.actu.fr&quot;,&quot;category&quot;:&quot;mon compte&quot;,&quot;from&quot;:&quot;article footer&quot;,&quot;name&quot;:&quot;Mon actu&quot;,&quot;type&quot;:&quot;cta&quot;}}\" target=\"_blank\">Mon Actu<\/a>.<\/p>\n","protected":false},"excerpt":{"rendered":"Par Agence de presse APEI Publi\u00e9 le 25 ao\u00fbt 2025 \u00e0 17h46 Une jeune fille \u00e2g\u00e9e de 15&hellip;\n","protected":false},"author":2,"featured_media":343803,"comment_status":"","ping_status":"","sticky":false,"template":"","format":"standard","meta":{"footnotes":""},"categories":[9619],"tags":[1111,11,3676,1777,674,118,1011,27,12,882,25,2310],"class_list":{"0":"post-343802","1":"post","2":"type-post","3":"status-publish","4":"format-standard","5":"has-post-thumbnail","7":"category-toulon","8":"tag-actu","9":"tag-actualites","10":"tag-disparition-inquietante","11":"tag-eu","12":"tag-europe","13":"tag-faits-divers","14":"tag-fr","15":"tag-france","16":"tag-news","17":"tag-provence-alpes-cote-dazur","18":"tag-republique-francaise","19":"tag-toulon"},"share_on_mastodon":{"url":"https:\/\/pubeurope.com\/@fr\/115091720337232445","error":""},"_links":{"self":[{"href":"https:\/\/www.europesays.com\/fr\/wp-json\/wp\/v2\/posts\/343802","targetHints":{"allow":["GET"]}}],"collection":[{"href":"https:\/\/www.europesays.com\/fr\/wp-json\/wp\/v2\/posts"}],"about":[{"href":"https:\/\/www.europesays.com\/fr\/wp-json\/wp\/v2\/types\/post"}],"author":[{"embeddable":true,"href":"https:\/\/www.europesays.com\/fr\/wp-json\/wp\/v2\/users\/2"}],"replies":[{"embeddable":true,"href":"https:\/\/www.europesays.com\/fr\/wp-json\/wp\/v2\/comments?post=343802"}],"version-history":[{"count":0,"href":"https:\/\/www.europesays.com\/fr\/wp-json\/wp\/v2\/posts\/343802\/revisions"}],"wp:featuredmedia":[{"embeddable":true,"href":"https:\/\/www.europesays.com\/fr\/wp-json\/wp\/v2\/media\/343803"}],"wp:attachment":[{"href":"https:\/\/www.europesays.com\/fr\/wp-json\/wp\/v2\/media?parent=343802"}],"wp:term":[{"taxonomy":"category","embeddable":true,"href":"https:\/\/www.europesays.com\/fr\/wp-json\/wp\/v2\/categories?post=343802"},{"taxonomy":"post_tag","embeddable":true,"href":"https:\/\/www.europesays.com\/fr\/wp-json\/wp\/v2\/tags?post=343802"}],"curies":[{"name":"wp","href":"https:\/\/api.w.org\/{rel}","templated":true}]}}