{"id":343806,"date":"2025-08-25T22:18:16","date_gmt":"2025-08-25T22:18:16","guid":{"rendered":"https:\/\/www.europesays.com\/fr\/343806\/"},"modified":"2025-08-25T22:18:16","modified_gmt":"2025-08-25T22:18:16","slug":"conferences-satis-montpellier-lessentiel-en-replay-sur-moovee","status":"publish","type":"post","link":"https:\/\/www.europesays.com\/fr\/343806\/","title":{"rendered":"Conf\u00e9rences SATIS+ Montpellier : l&rsquo;essentiel en replay sur Moovee"},"content":{"rendered":"<p>\n                Revivez les trois conf\u00e9rences cl\u00e9s du premier SATIS+ r\u00e9gional \u00e0 Montpellier : une journ\u00e9e d\u00e9di\u00e9e aux innovations technologiques et aux nouveaux enjeux m\u00e9tiers, disponible en replay sur moovee.tech.            <\/p>\n<p>        <img width=\"1024\" height=\"576\" src=\"https:\/\/www.europesays.com\/fr\/wp-content\/uploads\/2025\/08\/Conference-SATIS-MOntpellier-Mediakwest-Main-1024x576.jpeg\" class=\"attachment-article-large size-article-large wp-post-image\" alt=\"\" decoding=\"async\" fetchpriority=\"high\"  \/>\u00a9 Mediakwest &#8211; G\u00e9n\u00e9ration Num\u00e9rique<\/p>\n<p>\u00a0<\/p>\n<p>Le 9 juillet dernier, la Halle de l\u2019Innovation de Montpellier accueillait SATIS+, un \u00e9v\u00e9nement in\u00e9dit organis\u00e9 par G\u00e9n\u00e9ration Num\u00e9rique pour prolonger l\u2019exp\u00e9rience du SATIS en r\u00e9gion. Technologies disruptives, transformations m\u00e9tiers, mod\u00e8les \u00e9conomiques \u00e9mergents\u2026 Une douzaine d\u2019intervenants issus des industries cr\u00e9atives et technologiques de l\u2019Occitanie ont partag\u00e9 leur expertise et ouvert des pistes concr\u00e8tes pour repenser l\u2019audiovisuel de demain. Les trois temps forts de cette journ\u00e9e sont d\u00e9sormais accessibles gratuitement en replay sur la <a href=\"https:\/\/www.moovee.tech\/smartlists\/la-satis-tv\" rel=\"nofollow noopener\" target=\"_blank\">cha\u00eene SATIS de moovee.tech<\/a>.<\/p>\n<p>\u00a0<\/p>\n<p><strong>Mutations audiovisuelles : d\u00e9fis technologiques et humains<\/strong><\/p>\n<p>La journ\u00e9e s\u2019est ouverte avec une keynote de Marianne Carpentier, Directrice de l\u2019innovation et des technologies du Groupe TF1, mod\u00e9r\u00e9e par St\u00e9phan Faudeux, directeur du SATIS.<\/p>\n<p>Workflows cloud, production IP, intelligence artificielle g\u00e9n\u00e9rative\u2026 L\u2019industrie audiovisuelle vit aujourd\u2019hui un changement de paradigme technologique qui red\u00e9finit ses m\u00e9tiers et ses comp\u00e9tences. Face \u00e0 la p\u00e9nurie de profils hybrides et \u00e0 une pression croissante sur la formation, cette conf\u00e9rence propose un \u00e9tat des lieux r\u00e9aliste ainsi que des pistes d\u2019action pour accompagner cette mutation tout en pr\u00e9servant le sens et la dimension humaine du secteur.\u00a0<a href=\"https:\/\/www.moovee.tech\/content\/mutation-audiovisuelle-faire-face-faire-sens\" rel=\"nofollow noopener\" target=\"_blank\">Voir le replay<\/a>.<\/p>\n<p>\u00a0<\/p>\n<p><img loading=\"lazy\" decoding=\"async\" class=\" wp-image-154343\" src=\"https:\/\/www.europesays.com\/fr\/wp-content\/uploads\/2025\/08\/IMG_5650-copie-360x270.jpeg\" alt=\"\" width=\"947\" height=\"710\"  \/>\u00a9 Mediakwest \u2013 G\u00e9n\u00e9ration Num\u00e9rique<\/p>\n<p>\u00a0<\/p>\n<p><strong>Montpellier, un territoire d\u2019innovation sans fronti\u00e8res<\/strong><\/p>\n<p>En d\u00e9but d\u2019apr\u00e8s-midi, une table ronde anim\u00e9e par Laurent Michaud, \u00e9conomiste expert des industries cr\u00e9atives et des jeux vid\u00e9o (OSPEX Consulting), a mis en avant les parcours remarquables d\u2019entrepreneurs montpelli\u00e9rains, dont les r\u00e9alisations rayonnent \u00e0 l\u2019international.<\/p>\n<p>De l\u2019animation aux jeux vid\u00e9o, en passant par les effets sp\u00e9ciaux et l\u2019intelligence artificielle, Laurens Ehrmann (The Yard VFX), Claudia Zimmer (CYME), Florian Thiebaux (Saraband \/ Pics Studio), Olivier Pinol (Dwarf Animation), et Francis Ingrand (Plug In Digital \/ Dear Villagers) ont partag\u00e9 leurs strat\u00e9gies pour se d\u00e9marquer \u00e0 l\u2019\u00e9chelle mondiale tout en restant solidement ancr\u00e9s dans leur \u00e9cosyst\u00e8me local.\u00a0<a href=\"https:\/\/www.moovee.tech\/content\/retour-d-experiences-de-montpellier-vers-l-international\" rel=\"nofollow noopener\" target=\"_blank\">Voir le replay<\/a>.<\/p>\n<p>\u00a0<\/p>\n<p><strong>D\u00e9cloisonner, mutualiser, transmettre : les leviers d\u2019un futur collaboratif<\/strong><\/p>\n<p>Enfin, la journ\u00e9e s\u2019est achev\u00e9e sur une table ronde strat\u00e9gique anim\u00e9e par St\u00e9phan Faudeux, r\u00e9unissant Pauline Dalmasso (CNC), Agathe Turlotte (Epic Games), Laurence Schwob (France T\u00e9l\u00e9visions \/ France2030), Yann Nicolas (Illogic Studios) et Guillaume Marien (Mathematic Studio).<\/p>\n<p>Cette session a explor\u00e9 les actions concr\u00e8tes \u00e0 engager pour construire un avenir durable et collaboratif pour la fili\u00e8re audiovisuelle : soutien \u00e0 la formation aux technologies innovantes, mutualisation des infrastructures techniques, accompagnement des petites structures, et valorisation de la cr\u00e9ativit\u00e9 humaine.\u00a0<a href=\"https:\/\/www.moovee.tech\/content\/decloisonner-pour-transmettre-et-innover\" rel=\"nofollow noopener\" target=\"_blank\">Voir le replay<\/a>.<\/p>\n<p>\u00a0<\/p>\n<p><img loading=\"lazy\" decoding=\"async\" class=\" wp-image-154344\" src=\"https:\/\/www.europesays.com\/fr\/wp-content\/uploads\/2025\/08\/SATIS-MOntpellier-Cyme-480x270.jpg\" alt=\"\" width=\"946\" height=\"532\"  \/>\u00a9 Mediakwest \u2013 G\u00e9n\u00e9ration Num\u00e9rique<\/p>\n<p>\u00a0<\/p>\n<p><strong>Visionnez les replays d\u00e8s maintenant !<\/strong><\/p>\n<p>Pour celles et ceux qui n\u2019ont pas pu assister \u00e0 cette premi\u00e8re \u00e9dition r\u00e9gionale, les trois temps forts de SATIS+ Montpellier sont disponibles gratuitement en replay sur la <a href=\"https:\/\/www.moovee.tech\/smartlists\/la-satis-tv\" rel=\"nofollow noopener\" target=\"_blank\">cha\u00eene SATIS de moovee.tech<\/a>. Une occasion id\u00e9ale de faire le point sur les enjeux structurants du secteur et de nourrir sa r\u00e9flexion sur l\u2019audiovisuel de demain.<\/p>\n<p>\u00a0<\/p>\n<p style=\"text-align: right;\"><strong>Retrouvez d\u00e8s \u00e0 pr\u00e9sent tous les replays sur <a href=\"https:\/\/www.moovee.tech\/smartlists\/la-chaine-satis-tv\" rel=\"nofollow noopener\" target=\"_blank\">moovee.tech<\/a> !<\/strong><\/p>\n<p>\u00a0<\/p>\n","protected":false},"excerpt":{"rendered":"Revivez les trois conf\u00e9rences cl\u00e9s du premier SATIS+ r\u00e9gional \u00e0 Montpellier : une journ\u00e9e d\u00e9di\u00e9e aux innovations technologiques&hellip;\n","protected":false},"author":2,"featured_media":343807,"comment_status":"","ping_status":"","sticky":false,"template":"","format":"standard","meta":{"footnotes":""},"categories":[9599],"tags":[1111,11,1777,674,1011,27,2208,12,2680,25],"class_list":{"0":"post-343806","1":"post","2":"type-post","3":"status-publish","4":"format-standard","5":"has-post-thumbnail","7":"category-montpellier","8":"tag-actu","9":"tag-actualites","10":"tag-eu","11":"tag-europe","12":"tag-fr","13":"tag-france","14":"tag-montpellier","15":"tag-news","16":"tag-occitanie","17":"tag-republique-francaise"},"share_on_mastodon":{"url":"https:\/\/pubeurope.com\/@fr\/115091728604448211","error":""},"_links":{"self":[{"href":"https:\/\/www.europesays.com\/fr\/wp-json\/wp\/v2\/posts\/343806","targetHints":{"allow":["GET"]}}],"collection":[{"href":"https:\/\/www.europesays.com\/fr\/wp-json\/wp\/v2\/posts"}],"about":[{"href":"https:\/\/www.europesays.com\/fr\/wp-json\/wp\/v2\/types\/post"}],"author":[{"embeddable":true,"href":"https:\/\/www.europesays.com\/fr\/wp-json\/wp\/v2\/users\/2"}],"replies":[{"embeddable":true,"href":"https:\/\/www.europesays.com\/fr\/wp-json\/wp\/v2\/comments?post=343806"}],"version-history":[{"count":0,"href":"https:\/\/www.europesays.com\/fr\/wp-json\/wp\/v2\/posts\/343806\/revisions"}],"wp:featuredmedia":[{"embeddable":true,"href":"https:\/\/www.europesays.com\/fr\/wp-json\/wp\/v2\/media\/343807"}],"wp:attachment":[{"href":"https:\/\/www.europesays.com\/fr\/wp-json\/wp\/v2\/media?parent=343806"}],"wp:term":[{"taxonomy":"category","embeddable":true,"href":"https:\/\/www.europesays.com\/fr\/wp-json\/wp\/v2\/categories?post=343806"},{"taxonomy":"post_tag","embeddable":true,"href":"https:\/\/www.europesays.com\/fr\/wp-json\/wp\/v2\/tags?post=343806"}],"curies":[{"name":"wp","href":"https:\/\/api.w.org\/{rel}","templated":true}]}}