{"id":343811,"date":"2025-08-25T22:25:27","date_gmt":"2025-08-25T22:25:27","guid":{"rendered":"https:\/\/www.europesays.com\/fr\/343811\/"},"modified":"2025-08-25T22:25:27","modified_gmt":"2025-08-25T22:25:27","slug":"rennes-se-penche-sur-lassine-sinayoko","status":"publish","type":"post","link":"https:\/\/www.europesays.com\/fr\/343811\/","title":{"rendered":"Rennes se penche sur Lassine Sinayoko !"},"content":{"rendered":"<p>Le Stade Rennais aime bien chiper des joueurs aux courtisans d\u00e9clar\u00e9s. On pense par exemple \u00e0 Mahdi Camara, qui se dirigeait vers Nice avant que le club breton s\u2019ins\u00e8re dans le dossier. Rebelote avec <a href=\"https:\/\/www.footmercato.net\/joueur\/lassine-sinayoko\/\" rel=\"nofollow noopener\" target=\"_blank\">Lassine Sinayoko<\/a>, dont le transfert prend des allures de telenovela. Le RC Lens pensait avoir boucl\u00e9 l\u2019affaire, mais l\u2019AJ <a href=\"https:\/\/www.footmercato.net\/club\/association-jeunesse-auxerroise\/\" rel=\"nofollow noopener\" target=\"_blank\">Auxerre<\/a> a fait machine arri\u00e8re au dernier moment, refusant de laisser le joueur rejoindre le nord pour sa visite m\u00e9dicale. Si tout n\u2019est pas encore totalement perdu pour le club art\u00e9sien, le joueur reste toujours et encore un joueur de l\u2019AJA. <\/p>\n<p>            La suite apr\u00e8s cette publicit\u00e9<\/p>\n<p>Une situation qui ne laisse pas indiff\u00e9rent le Stade Rennais. Si le club breton n\u2019a entam\u00e9 aucune d\u00e9marche concr\u00e8te aupr\u00e8s du club icaunais, le SRFC, qui discute toujours avec Esteban Lepaul, se penche d\u00e9sormais sur l\u2019attaquant malien de 25 ans, auteur de 5 buts et 8 passes d\u00e9cisives en 34 matches de L1 la saison pass\u00e9e. Car <a href=\"https:\/\/www.footmercato.net\/club\/stade-rennais-fc\/\" rel=\"nofollow noopener\" target=\"_blank\">Rennes<\/a> cherche plus que jamais un attaquant suite au d\u00e9part d\u2019Arnaud Kalimuendo, et se voit sacr\u00e9ment mal engag\u00e9 dans le dossier Conrad Harder, qui devrait filer \u00e0 l\u2019AC Milan. <\/p>\n<p>\n    Pub. le 25\/08\/2025 18:42<br \/>\n            &#8211; MAJ le 26\/08\/2025 00:09\n    <\/p>\n","protected":false},"excerpt":{"rendered":"Le Stade Rennais aime bien chiper des joueurs aux courtisans d\u00e9clar\u00e9s. On pense par exemple \u00e0 Mahdi Camara,&hellip;\n","protected":false},"author":2,"featured_media":336966,"comment_status":"","ping_status":"","sticky":false,"template":"","format":"standard","meta":{"footnotes":""},"categories":[2821],"tags":[1111,11,829,1777,674,1011,27,12,584,25],"class_list":{"0":"post-343811","1":"post","2":"type-post","3":"status-publish","4":"format-standard","5":"has-post-thumbnail","7":"category-rennes","8":"tag-actu","9":"tag-actualites","10":"tag-bretagne","11":"tag-eu","12":"tag-europe","13":"tag-fr","14":"tag-france","15":"tag-news","16":"tag-rennes","17":"tag-republique-francaise"},"share_on_mastodon":{"url":"https:\/\/pubeurope.com\/@fr\/115091756021997729","error":""},"_links":{"self":[{"href":"https:\/\/www.europesays.com\/fr\/wp-json\/wp\/v2\/posts\/343811","targetHints":{"allow":["GET"]}}],"collection":[{"href":"https:\/\/www.europesays.com\/fr\/wp-json\/wp\/v2\/posts"}],"about":[{"href":"https:\/\/www.europesays.com\/fr\/wp-json\/wp\/v2\/types\/post"}],"author":[{"embeddable":true,"href":"https:\/\/www.europesays.com\/fr\/wp-json\/wp\/v2\/users\/2"}],"replies":[{"embeddable":true,"href":"https:\/\/www.europesays.com\/fr\/wp-json\/wp\/v2\/comments?post=343811"}],"version-history":[{"count":0,"href":"https:\/\/www.europesays.com\/fr\/wp-json\/wp\/v2\/posts\/343811\/revisions"}],"wp:featuredmedia":[{"embeddable":true,"href":"https:\/\/www.europesays.com\/fr\/wp-json\/wp\/v2\/media\/336966"}],"wp:attachment":[{"href":"https:\/\/www.europesays.com\/fr\/wp-json\/wp\/v2\/media?parent=343811"}],"wp:term":[{"taxonomy":"category","embeddable":true,"href":"https:\/\/www.europesays.com\/fr\/wp-json\/wp\/v2\/categories?post=343811"},{"taxonomy":"post_tag","embeddable":true,"href":"https:\/\/www.europesays.com\/fr\/wp-json\/wp\/v2\/tags?post=343811"}],"curies":[{"name":"wp","href":"https:\/\/api.w.org\/{rel}","templated":true}]}}