{"id":343812,"date":"2025-08-25T22:26:21","date_gmt":"2025-08-25T22:26:21","guid":{"rendered":"https:\/\/www.europesays.com\/fr\/343812\/"},"modified":"2025-08-25T22:26:21","modified_gmt":"2025-08-25T22:26:21","slug":"on-a-redecouvert-une-brocante-japonaise-a-strasbourg","status":"publish","type":"post","link":"https:\/\/www.europesays.com\/fr\/343812\/","title":{"rendered":"on a (re)d\u00e9couvert une \u00ab brocante japonaise \u00bb \u00e0 Strasbourg !"},"content":{"rendered":"<p><strong>O\u00f9 trouver un kimono, des geta (ces esp\u00e8ces de tongs en bois) ou encore des porte-baguettes japonais, le tout de seconde main \u00e0 Strasbourg ? On a la r\u00e9ponse, et c\u2019est dans la brocante \u00ab Tanpopo \u00bb tenue par Hannah Lafargue, dont le verbe est aussi color\u00e9 que sa boutique. Rencontre.\u00a0<\/strong><\/p>\n<p><strong>Dans sa toute petite boutique de 9 m2, <\/strong>Hannah Lafargue nous re\u00e7oit en kimono. Un kimono noir et blanc dont l\u2019imprim\u00e9 fleuri ne doit rien au hasard\u00a0: <strong>\u00ab\u00a0Ce sont des pissenlits\u00a0\u00bb, indique-t-elle, ou \u00ab Tanpopo \u00bb en japonais,<\/strong> comme le nom de sa boutique.<\/p>\n<p>Si elle a choisi ce nom, c\u2019est parce que le<strong> pissenlit \u00ab\u00a0c\u2019est une fleur peu raffin\u00e9e, r\u00e9siliente. M\u00eame si c\u2019est b\u00e9tonn\u00e9 de partout, le pissenlit s\u2019en fout, il va sortir\u00a0\u00bb<\/strong>. Et ce qu\u2019elle veut, Hannah, c\u2019est vendre des objets communs, du quotidien, qu\u2019on peut trouver partout, comme les pissenlits en somme.<\/p>\n<p>    <img width=\"800\" height=\"600\" src=\"https:\/\/www.europesays.com\/fr\/wp-content\/uploads\/2025\/08\/20250723-133135-800x600.jpg\" class=\"attachment-image-size-L size-image-size-L\" alt=\"Brocante Japonaise Tanpopo\" decoding=\"async\" loading=\"lazy\"  \/>         \u00a9 Jeanne-Esther Eichenlaub \/ Pokaa <\/p>\n<p>Dans sa brocante, install\u00e9e au 11 rue Sainte-Madeleine, <strong>tous les articles sont 100% made in Pays du Soleil Levant.<\/strong> <strong>Elle vend des objets<\/strong> <strong>qui datent des ann\u00e9es 20 \u00e0 nos jours.<\/strong><\/p>\n<p>En vitrine et sur les \u00e9tag\u00e8res, il y a des <strong>petites poup\u00e9es d\u00e9coratives, les \u00ab kokeshi \u00bb, des cure-oreilles appel\u00e9s \u00ab Mimikaki \u00bb mais aussi des pics \u00e0 cheveux, de la vaisselle, des \u00ab hanko \u00bb,<\/strong> ces tampons-signatures ou encore des \u00ab geta \u00bb, ces dr\u00f4les de tongs en bois.<\/p>\n<p>                <img width=\"667\" height=\"500\" src=\"https:\/\/www.europesays.com\/fr\/wp-content\/uploads\/2025\/08\/20250722-151133-667x500.jpg\" class=\"attachment-gallery size-gallery\" alt=\"Mimikaki et pics \u00e0 cheveux brocante japon tanpopo\" data-full-url=\"https:\/\/pokaa.fr\/wp-content\/uploads\/2025\/07\/24\/20250722-151133.jpg\" decoding=\"async\" loading=\"lazy\"  \/>            <\/p>\n<p>                <img width=\"667\" height=\"500\" src=\"https:\/\/www.europesays.com\/fr\/wp-content\/uploads\/2025\/08\/20250722-151125-667x500.jpg\" class=\"attachment-gallery size-gallery\" alt=\"Un mimikaki. Brocante Japon Tanpopo\" data-full-url=\"https:\/\/pokaa.fr\/wp-content\/uploads\/2025\/07\/24\/20250722-151125.jpg\" decoding=\"async\" loading=\"lazy\"  \/>            <\/p>\n<p>                    Mimikaki et pics \u00e0 cheveux. \u00a9 Jeanne-Esther Eichenlaub \/ Pokaa<\/p>\n<p><strong>\u00ab Je passe mes matin\u00e9es sur Mercari, la version japonaise du Leboncoin \u00bb,<\/strong> raconte Hannah. La boutique est ouverte les apr\u00e8s-midis du mardi au samedi de 14h \u00e0 19h. \u00ab <strong>Chiner de vieux objets japonais et porter des kimonos, c\u2019est ma passion depuis 17 ans<\/strong>, confie-t-elle. Au d\u00e9part, c\u2019\u00e9tait pour mon plaisir personnel et puis\u2026 \u00bb Et puis, la passion s\u2019est mu\u00e9e en m\u00e9tier.<\/p>\n<p>\u00ab Kiki la petite sorci\u00e8re \u00bb : le d\u00e9clencheur d\u2019une passion<\/p>\n<p>Originaire de banlieue parisienne, Hannah se prend d\u2019affection pour le japonais tr\u00e8s jeune. Petite, elle passe son temps devant la cassette de Kiki la petite sorci\u00e8re de Hayao Miyazaki, qu\u2019elle regarde en VO. <strong>Au coll\u00e8ge, elle prend des cours de japonais et au bac, elle pr\u00e9sente l\u2019option japonais, en candidate libre.\u00a0<\/strong><\/p>\n<p><strong>En 2009, elle est re\u00e7ue aux Arts D\u00e9coratifs de Strasbourg, raison de son arriv\u00e9e dans la capitale alsacienne.<\/strong><\/p>\n<p>                <img width=\"667\" height=\"500\" src=\"https:\/\/www.europesays.com\/fr\/wp-content\/uploads\/2025\/08\/20250723-135818-667x500.jpg\" class=\"attachment-gallery size-gallery\" alt=\"brocante japon hanko sceau tampon signature\" data-full-url=\"https:\/\/pokaa.fr\/wp-content\/uploads\/2025\/07\/24\/20250723-135818.jpg\" decoding=\"async\" loading=\"lazy\"  \/>            <\/p>\n<p>                <img width=\"667\" height=\"500\" src=\"https:\/\/www.europesays.com\/fr\/wp-content\/uploads\/2025\/08\/20250723-144039-667x500.jpg\" class=\"attachment-gallery size-gallery\" alt=\"chaussure nippone brocante tatami\" data-full-url=\"https:\/\/pokaa.fr\/wp-content\/uploads\/2025\/07\/24\/20250723-144039.jpg\" decoding=\"async\" loading=\"lazy\"  \/>            <\/p>\n<p>                    Les sceaux japonais, les \u00ab hanko \u00bb et des \u00ab jikatabi \u00bb. \u00a9 Jeanne-Esther Eichenlaub \/ Pokaa<\/p>\n<p>\u00c0 sa sortie d\u2019\u00e9cole, elle devient illustratrice freelance et exerce de 2014 \u00e0 2022, mais \u00e7a ne lui pla\u00eet pas tant que \u00e7a\u2026 Un jour, alors que son compagnon change de voie : \u00ab Je me suis dit que moi aussi j\u2019avais le droit d\u2019avoir un m\u00e9tier qui me plaisait \u00bb, <strong>et l\u00e0 voil\u00e0 qui lance en 2022 sa boutique en ligne \u00ab Tanpopo \u00bb.<\/strong><\/p>\n<p>Deux ans plus tard, en avril 2024, elle ouvre sa boutique, rue Sainte-Madeleine : <strong>\u00ab M\u00eame dans mes r\u00eaves les plus fous, je ne pensais pas que je pourrais avoir une boutique physique\u00a0\u00bb<\/strong>, confie-t-elle. Et aujourd\u2019hui, elle parle avec aisance et comprend le japonais puisqu\u2019elle fait tous ses achats en japonais !<\/p>\n<p>                <img width=\"442\" height=\"500\" src=\"https:\/\/www.europesays.com\/fr\/wp-content\/uploads\/2025\/08\/capture-decran-2025-08-25-a-133122-442x500.png\" class=\"attachment-gallery size-gallery\" alt=\"tanpopo\" data-full-url=\"https:\/\/pokaa.fr\/wp-content\/uploads\/2025\/08\/25\/capture-decran-2025-08-25-a-133122.png\" decoding=\"async\" loading=\"lazy\"  \/>            <\/p>\n<p>                <img width=\"442\" height=\"500\" src=\"https:\/\/www.europesays.com\/fr\/wp-content\/uploads\/2025\/08\/capture-decran-2025-08-25-a-133110-442x500.png\" class=\"attachment-gallery size-gallery\" alt=\"tanpopo\" data-full-url=\"https:\/\/pokaa.fr\/wp-content\/uploads\/2025\/08\/25\/capture-decran-2025-08-25-a-133110.png\" decoding=\"async\" loading=\"lazy\"  \/>            <\/p>\n<p>                <img width=\"442\" height=\"500\" src=\"https:\/\/www.europesays.com\/fr\/wp-content\/uploads\/2025\/08\/capture-decran-2025-08-25-a-132955-442x500.png\" class=\"attachment-gallery size-gallery\" alt=\"tanpopo\" data-full-url=\"https:\/\/pokaa.fr\/wp-content\/uploads\/2025\/08\/25\/capture-decran-2025-08-25-a-132955.png\" decoding=\"async\" loading=\"lazy\"  \/>            <\/p>\n<p>                <img width=\"317\" height=\"500\" src=\"https:\/\/www.europesays.com\/fr\/wp-content\/uploads\/2025\/08\/img-a57528cd6498-1-317x500.jpeg\" class=\"attachment-gallery size-gallery\" alt=\"tanpopo\" data-full-url=\"https:\/\/pokaa.fr\/wp-content\/uploads\/2025\/08\/25\/img-a57528cd6498-1.jpeg\" decoding=\"async\" loading=\"lazy\"  \/>            <\/p>\n<p>                    \u00a9 Page Instagram de Tanpopo \/ Captures d&rsquo;\u00e9cran<\/p>\n<p>D\u00e9sacraliser le kimono<\/p>\n<p>Ce qui prend le plus de place dans sa brocante, ce sont les kimonos. Au c\u0153ur de la pi\u00e8ce, une estrade et sur les \u00e9tag\u00e8res\u00a0: <strong>plus de 200 kimonos, de toutes les couleurs, dans tous les tissus et de toutes les tailles.<\/strong><\/p>\n<p>Pour essayer des kimonos, il faut monter sur l\u2019estrade et avant, \u00ab il faut enlever ses pompes \u00bb, r\u00e9sume Hannah avec son franc-parler d\u00e9complex\u00e9. \u00ab J\u2019adore les faire essayer \u00bb, explique-t-elle, en caressant un kimono sur l\u2019\u00e9tag\u00e8re. <strong>\u00ab C\u2019est joli comme \u00e7a, pli\u00e9, mais c\u2019est encore plus joli port\u00e9. \u00bb<\/strong><\/p>\n<p>    <img width=\"800\" height=\"600\" src=\"https:\/\/www.europesays.com\/fr\/wp-content\/uploads\/2025\/08\/20250723-143444-800x600.jpg\" class=\"attachment-image-size-L size-image-size-L\" alt=\"kimono japon tatami\" decoding=\"async\" loading=\"lazy\"  \/>         \u00a9 Jeanne-Esther Eichenlaub \/ Pokaa <\/p>\n<p>Hannah r\u00e9fute l\u2019id\u00e9e du kimono comme un v\u00eatement raffin\u00e9 : \u00ab <strong>Le kimono, c\u2019est fait pour \u00eatre port\u00e9, c\u2019est pas un truc prout-prout. C\u2019<\/strong><strong>est un v\u00eatement, une fringue, il y en a pour toutes les occasions de la vie. L\u00e0, je porte un kimono d\u2019\u00e9t\u00e9.<\/strong> \u00bb<\/p>\n<p>Elle fait le parall\u00e8le entre ce v\u00eatement traditionnel japonais aux manches amples et \u00e0 la forme longue et large et les chapeaux en Europe. Jusqu\u2019\u00e0 la Seconde Guerre mondiale, tout le monde en portait et puis c\u2019est pass\u00e9 de mode.<\/p>\n<p>    <img width=\"800\" height=\"600\" src=\"https:\/\/www.europesays.com\/fr\/wp-content\/uploads\/2025\/08\/20250722-145549-800x600.jpg\" class=\"attachment-image-size-L size-image-size-L\" alt=\"Brocante japonaise Tanpopo vitrine\" decoding=\"async\" loading=\"lazy\"  \/>         \u00a9 Jeanne-Esther Eichenlaub \/ Pokaa <\/p>\n<p>Vous saurez tout sur le kimono<\/p>\n<p>\u00ab\u00a0<strong>Je pourrais en parler des heures, des ann\u00e9es, des si\u00e8cles<\/strong> \u00bb, s\u2019extasie-t-elle. <strong>Il existe trois types de kimonos : <\/strong>ceux du quotidien, les semi-formels et les formels, explique Hannah.<\/p>\n<p>Sur les kimonos du quotidien, tout le tissu a des imprim\u00e9s, souvent assez color\u00e9s. Les semi-formels n\u2019ont des imprim\u00e9s que sur les manches, \u00e9ventuellement le dos, et le bas du kimono.\u00a0 Les kimonos formels sont souvent d\u2019une seule couleur et les imprim\u00e9s ne se trouvent que sur le bas du kimono.<\/p>\n<p>    <img width=\"800\" height=\"600\" src=\"https:\/\/www.europesays.com\/fr\/wp-content\/uploads\/2025\/08\/20250723-135836-800x600.jpg\" class=\"attachment-image-size-L size-image-size-L\" alt=\"kimono japon brocante tanpopo\" decoding=\"async\" loading=\"lazy\"  \/>         \u00a9 Jeanne-Esther Eichenlaub \/ Pokaa <\/p>\n<p>G\u00e9n\u00e9ralement, sur ces derniers, les dessins sont brod\u00e9s, dor\u00e9s et symboliques. Par exemple, la grue y est souvent repr\u00e9sent\u00e9e car cet oiseau est un symbole de long\u00e9vit\u00e9. \u00ab <strong>Les kimonos formels, c\u2019est typiquement le noir \u00bb,<\/strong> dit-elle en indiquant un kimono noir satin\u00e9 sur le bas duquel on distingue des grues brod\u00e9es. <strong>C\u2019est le genre de kimono que porterait selon elle une \u00ab daronne \u00e0 un mariage \u00bb.<\/strong><\/p>\n<p>Seconde main et nouvelle adresse<\/p>\n<p><strong>Le prix maximum pour un kimono est de 150\u20ac.<\/strong> Pour en fixer le prix, elle retient trois crit\u00e8res : premi\u00e8rement l\u2019\u00e9tat, ensuite la qualit\u00e9 du tissu, la raret\u00e9 de la couleur et de l\u2019imprim\u00e9 et enfin le \u00ab statut \u00bb du kimono.<\/p>\n<p>Quant \u00e0 savoir quelle taille a le kimono, il faut mesurer avec un m\u00e8tre le bas du kimono et un des pans de devant et \u00e7a donne normalement le tour de taille de la personne. <strong>C\u2019est tout un art et elle est intarissable sur le sujet.<\/strong><\/p>\n<p><strong>Elle vend \u00e9galement des \u00ab tanmono<\/strong> \u00bb : c\u2019est-\u00e0-dire des rouleaux de tissus ayant exactement les bonnes mesures pour \u00ab ceux qui bricolent et qui cousent \u00bb. Les prix des autres articles que l\u2019on trouve dans sa boutique varient entre 15\u20ac et 60\u20ac, parfois plus, parfois moins. Les porte-baguettes ou les \u00ab hanko \u00bb sont \u00e0 petits prix : entre 3 et 4\u20ac.<\/p>\n<p>                <img width=\"667\" height=\"500\" src=\"https:\/\/www.europesays.com\/fr\/wp-content\/uploads\/2025\/08\/20250723-145328-667x500.jpg\" class=\"attachment-gallery size-gallery\" alt=\"Hannah Tanpopo_ tanmono Japon kimono\" data-full-url=\"https:\/\/pokaa.fr\/wp-content\/uploads\/2025\/07\/24\/20250723-145328.jpg\" decoding=\"async\" loading=\"lazy\"  \/>            <\/p>\n<p>                <img width=\"667\" height=\"500\" src=\"https:\/\/www.europesays.com\/fr\/wp-content\/uploads\/2025\/08\/20250723-145332-667x500.jpg\" class=\"attachment-gallery size-gallery\" alt=\"Tanmomo Japon Tanpopo kimono rue Ste Madeline boutique brocante\" data-full-url=\"https:\/\/pokaa.fr\/wp-content\/uploads\/2025\/07\/24\/20250723-145332.jpg\" decoding=\"async\" loading=\"lazy\"  \/>            <\/p>\n<p>                    \u00a9 Jeanne-Esther Eichenlaub \/ Pokaa<\/p>\n<p>Si Hannah se pla\u00eet dans sa minuscule boutique dans laquelle on ne se sent bizarrement pas \u00e0 l\u2019\u00e9troit, <strong>elle songe \u00e0 en changer et \u00e0 aller un peu plus loin,<\/strong> dans la m\u00eame rue, dans un local \u00ab\u00a0deux fois plus grand\u00a0\u00bb.<\/p>\n<p>Ce changement potentiel n\u2019adviendra pas avant la mi-janvier et \u00ab je lancerai un crowdfunding \u00bb, glisse-t-elle. En tous les cas, <strong>elle ne se voit pas quitter la rue, ni m\u00eame Strasbourg<\/strong> dont elle aime \u00ab l\u2019absence de voitures et le c\u00f4t\u00e9 frontalier, je ne me vois pas vivre ailleurs \u00bb, conclut-elle.<\/p>\n<p>            Tanpopo<\/p>\n<p>            Quoi ?<br \/>\n            Magasin d&rsquo;articles japonais d&rsquo;occasion        <\/p>\n<p>            o\u00f9 ?<br \/>\n            11 rue Sainte-Madeleine, \u00e0 Strasbourg        <\/p>\n<p>                Plus d&rsquo;infos ?<\/p>\n<p><a href=\"http:\/\/www.tanpopo.fr\/?fbclid=PAZXh0bgNhZW0CMTEAAac5FCD8miEMNyVqwXycRhiOdo-OGhf-WLHERfyMZ5PdU3Kddn1GYQB6pBACZQ_aem_jm4XQf2-TjsPeB7owES9Ig\" target=\"_blank\" rel=\"noopener\">Le site web<\/a><br \/><a href=\"https:\/\/www.instagram.com\/tanpopo.fr\/?hl=fr\" target=\"_blank\" rel=\"noopener\">La page Instagram<\/a><\/p>\n<p><script async src=\"\/\/www.instagram.com\/embed.js\"><\/script><\/p>\n","protected":false},"excerpt":{"rendered":"O\u00f9 trouver un kimono, des geta (ces esp\u00e8ces de tongs en bois) ou encore des porte-baguettes japonais, le&hellip;\n","protected":false},"author":2,"featured_media":343813,"comment_status":"","ping_status":"","sticky":false,"template":"","format":"standard","meta":{"footnotes":""},"categories":[2820],"tags":[1111,11,47969,6961,1777,674,1011,27,775,2070,47970,12,25,640,32712,47971],"class_list":{"0":"post-343812","1":"post","2":"type-post","3":"status-publish","4":"format-standard","5":"has-post-thumbnail","7":"category-strasbourg","8":"tag-actu","9":"tag-actualites","10":"tag-baguettes","11":"tag-brocante","12":"tag-eu","13":"tag-europe","14":"tag-fr","15":"tag-france","16":"tag-grand-est","17":"tag-japon","18":"tag-kimono","19":"tag-news","20":"tag-republique-francaise","21":"tag-strasbourg","22":"tag-sushi","23":"tag-tanpopo"},"share_on_mastodon":{"url":"https:\/\/pubeurope.com\/@fr\/115091760471255731","error":""},"_links":{"self":[{"href":"https:\/\/www.europesays.com\/fr\/wp-json\/wp\/v2\/posts\/343812","targetHints":{"allow":["GET"]}}],"collection":[{"href":"https:\/\/www.europesays.com\/fr\/wp-json\/wp\/v2\/posts"}],"about":[{"href":"https:\/\/www.europesays.com\/fr\/wp-json\/wp\/v2\/types\/post"}],"author":[{"embeddable":true,"href":"https:\/\/www.europesays.com\/fr\/wp-json\/wp\/v2\/users\/2"}],"replies":[{"embeddable":true,"href":"https:\/\/www.europesays.com\/fr\/wp-json\/wp\/v2\/comments?post=343812"}],"version-history":[{"count":0,"href":"https:\/\/www.europesays.com\/fr\/wp-json\/wp\/v2\/posts\/343812\/revisions"}],"wp:featuredmedia":[{"embeddable":true,"href":"https:\/\/www.europesays.com\/fr\/wp-json\/wp\/v2\/media\/343813"}],"wp:attachment":[{"href":"https:\/\/www.europesays.com\/fr\/wp-json\/wp\/v2\/media?parent=343812"}],"wp:term":[{"taxonomy":"category","embeddable":true,"href":"https:\/\/www.europesays.com\/fr\/wp-json\/wp\/v2\/categories?post=343812"},{"taxonomy":"post_tag","embeddable":true,"href":"https:\/\/www.europesays.com\/fr\/wp-json\/wp\/v2\/tags?post=343812"}],"curies":[{"name":"wp","href":"https:\/\/api.w.org\/{rel}","templated":true}]}}