{"id":343814,"date":"2025-08-25T22:27:11","date_gmt":"2025-08-25T22:27:11","guid":{"rendered":"https:\/\/www.europesays.com\/fr\/343814\/"},"modified":"2025-08-25T22:27:11","modified_gmt":"2025-08-25T22:27:11","slug":"strasbourg-bakwa-nottingham-propose-35-m%c2%80-football","status":"publish","type":"post","link":"https:\/\/www.europesays.com\/fr\/343814\/","title":{"rendered":"Strasbourg : Bakwa, Nottingham propose 35 M\u0080 &#8211; Football"},"content":{"rendered":"<p>afficher la suite &#8230;<\/p>\n<p>\t\t\t\tTr\u00e8s int\u00e9ress\u00e9 par l&rsquo;ailier Dilane Bakwa (22 ans, 2 matchs en L1 cette saison), Nottingham Forest a formul\u00e9 une troisi\u00e8me offre au RC Strasbourg. Et celle-ci devrait correspondre aux attentes des Alsaciens, \u00e0 savoir une somme de 35 millions d&rsquo;euros. Selon le journaliste Sacha Tavolieri ce lundi, cette proposition comprend un montant fixe de 27,5 millions d&rsquo;euros, et des bonus pouvant atteindre 7,5 M\u0080. Les discussions se poursuivent entre les deux formations, alors que Leeds, \u00e9galement sur le coup, se trouve d\u00e9sormais distanc\u00e9.<b>Lu 8.263 fois<\/b> &#8211;  Cl\u00e9ment Barbier &#8211; 25\/08\/25 \u00e0 19h55 <a target=\"_blank\" rel=\"nofollow noopener\" class=\"impr\" href=\"https:\/\/news.maxifoot.fr\/439579\/imprime.php\" title=\"Imprimer cette breve\">\u00a0<\/a><br class=\"aut1\"\/><\/p>\n","protected":false},"excerpt":{"rendered":"afficher la suite &#8230; Tr\u00e8s int\u00e9ress\u00e9 par l&rsquo;ailier Dilane Bakwa (22 ans, 2 matchs en L1 cette saison),&hellip;\n","protected":false},"author":2,"featured_media":343815,"comment_status":"","ping_status":"","sticky":false,"template":"","format":"standard","meta":{"footnotes":""},"categories":[2820],"tags":[1111,11,1777,674,1011,27,775,12,25,640],"class_list":{"0":"post-343814","1":"post","2":"type-post","3":"status-publish","4":"format-standard","5":"has-post-thumbnail","7":"category-strasbourg","8":"tag-actu","9":"tag-actualites","10":"tag-eu","11":"tag-europe","12":"tag-fr","13":"tag-france","14":"tag-grand-est","15":"tag-news","16":"tag-republique-francaise","17":"tag-strasbourg"},"share_on_mastodon":{"url":"https:\/\/pubeurope.com\/@fr\/115091763676686715","error":""},"_links":{"self":[{"href":"https:\/\/www.europesays.com\/fr\/wp-json\/wp\/v2\/posts\/343814","targetHints":{"allow":["GET"]}}],"collection":[{"href":"https:\/\/www.europesays.com\/fr\/wp-json\/wp\/v2\/posts"}],"about":[{"href":"https:\/\/www.europesays.com\/fr\/wp-json\/wp\/v2\/types\/post"}],"author":[{"embeddable":true,"href":"https:\/\/www.europesays.com\/fr\/wp-json\/wp\/v2\/users\/2"}],"replies":[{"embeddable":true,"href":"https:\/\/www.europesays.com\/fr\/wp-json\/wp\/v2\/comments?post=343814"}],"version-history":[{"count":0,"href":"https:\/\/www.europesays.com\/fr\/wp-json\/wp\/v2\/posts\/343814\/revisions"}],"wp:featuredmedia":[{"embeddable":true,"href":"https:\/\/www.europesays.com\/fr\/wp-json\/wp\/v2\/media\/343815"}],"wp:attachment":[{"href":"https:\/\/www.europesays.com\/fr\/wp-json\/wp\/v2\/media?parent=343814"}],"wp:term":[{"taxonomy":"category","embeddable":true,"href":"https:\/\/www.europesays.com\/fr\/wp-json\/wp\/v2\/categories?post=343814"},{"taxonomy":"post_tag","embeddable":true,"href":"https:\/\/www.europesays.com\/fr\/wp-json\/wp\/v2\/tags?post=343814"}],"curies":[{"name":"wp","href":"https:\/\/api.w.org\/{rel}","templated":true}]}}