{"id":343817,"date":"2025-08-25T22:29:16","date_gmt":"2025-08-25T22:29:16","guid":{"rendered":"https:\/\/www.europesays.com\/fr\/343817\/"},"modified":"2025-08-25T22:29:16","modified_gmt":"2025-08-25T22:29:16","slug":"lextension-du-jardin-saint-jean-dangely-sera-inauguree-ce-mercredi-27-aout-a-nice","status":"publish","type":"post","link":"https:\/\/www.europesays.com\/fr\/343817\/","title":{"rendered":"L\u2019extension du jardin Saint-Jean-d\u2019Ang\u00e9ly sera inaugur\u00e9e ce mercredi 27 ao\u00fbt \u00e0 Nice"},"content":{"rendered":"<p>Des jeux et des plantes suppl\u00e9mentaires. Le poumon vert que constitue le jardin Saint-Jean-d\u2019Ang\u00e9ly s\u2019agrandit. Une f\u00eate est pr\u00e9vue pour marquer l\u2019inauguration des lieux, apr\u00e8s trois mois de travaux, ce mercredi 27 ao\u00fbt 2025, d\u00e8s 16h45. Au menu: un go\u00fbter en musique, un buffet ni\u00e7ois mais aussi de nombreuses animations pour les minots. C\u2019est gratuit et ouvert \u00e0 tous.<\/p>\n<p>Le prolongement de cet espace vert ouvert \u00e0 tous, c\u2019est aussi l\u2019am\u00e9nagement d\u2019agr\u00e8s pour tous, y compris les bambins en situation de handicap. Les 4.000 premiers m\u00e8tres carr\u00e9s avaient d\u00e9j\u00e0 int\u00e9gr\u00e9 la notion d\u2019inclusivit\u00e9. Forte de l\u2019enthousiasme du public, la Ville a continu\u00e9 dans cette d\u00e9marche pour ajouter un millier de m\u00e8tres carr\u00e9s suppl\u00e9mentaires.<\/p>\n<p>Cette requalification a \u00e9t\u00e9 \u00e9labor\u00e9e en concertation avec les directions des Sports, des Espaces verts et le mus\u00e9um d\u2019Histoire Naturelle. Car en plus de l\u2019aspect sport et nature, le jardin entend avoir une dimension p\u00e9dagogique. \u00ab\u00a0On se sert des jardins comme une \u00e9cole d\u2019apprentissage ludique\u00a0\u00bb, expliquait <a href=\"https:\/\/www.nicematin.com\/environnement\/-museum-itinerant-c-est-quoi-ce-velo-cargo-qui-sillonne-les-jardins-publics-de-nice--987479\" rel=\"nofollow noopener\" target=\"_blank\">Jean-Marc Giaume<\/a>, adjoint au maire d\u00e9l\u00e9gu\u00e9 \u00e0 la Culture scientifique, le 27 mai dernier. Le public pourra ainsi s\u2019approprier les lieux d\u00e8s ce mercredi.<\/p>\n","protected":false},"excerpt":{"rendered":"Des jeux et des plantes suppl\u00e9mentaires. Le poumon vert que constitue le jardin Saint-Jean-d\u2019Ang\u00e9ly s\u2019agrandit. Une f\u00eate est&hellip;\n","protected":false},"author":2,"featured_media":343818,"comment_status":"","ping_status":"","sticky":false,"template":"","format":"standard","meta":{"footnotes":""},"categories":[2819],"tags":[1111,11,1777,674,1011,27,12,2401,882,25,3366],"class_list":{"0":"post-343817","1":"post","2":"type-post","3":"status-publish","4":"format-standard","5":"has-post-thumbnail","7":"category-nice","8":"tag-actu","9":"tag-actualites","10":"tag-eu","11":"tag-europe","12":"tag-fr","13":"tag-france","14":"tag-news","15":"tag-nice","16":"tag-provence-alpes-cote-dazur","17":"tag-republique-francaise","18":"tag-vie-locale"},"share_on_mastodon":{"url":"https:\/\/pubeurope.com\/@fr\/115091771599345071","error":""},"_links":{"self":[{"href":"https:\/\/www.europesays.com\/fr\/wp-json\/wp\/v2\/posts\/343817","targetHints":{"allow":["GET"]}}],"collection":[{"href":"https:\/\/www.europesays.com\/fr\/wp-json\/wp\/v2\/posts"}],"about":[{"href":"https:\/\/www.europesays.com\/fr\/wp-json\/wp\/v2\/types\/post"}],"author":[{"embeddable":true,"href":"https:\/\/www.europesays.com\/fr\/wp-json\/wp\/v2\/users\/2"}],"replies":[{"embeddable":true,"href":"https:\/\/www.europesays.com\/fr\/wp-json\/wp\/v2\/comments?post=343817"}],"version-history":[{"count":0,"href":"https:\/\/www.europesays.com\/fr\/wp-json\/wp\/v2\/posts\/343817\/revisions"}],"wp:featuredmedia":[{"embeddable":true,"href":"https:\/\/www.europesays.com\/fr\/wp-json\/wp\/v2\/media\/343818"}],"wp:attachment":[{"href":"https:\/\/www.europesays.com\/fr\/wp-json\/wp\/v2\/media?parent=343817"}],"wp:term":[{"taxonomy":"category","embeddable":true,"href":"https:\/\/www.europesays.com\/fr\/wp-json\/wp\/v2\/categories?post=343817"},{"taxonomy":"post_tag","embeddable":true,"href":"https:\/\/www.europesays.com\/fr\/wp-json\/wp\/v2\/tags?post=343817"}],"curies":[{"name":"wp","href":"https:\/\/api.w.org\/{rel}","templated":true}]}}