{"id":343819,"date":"2025-08-25T22:30:18","date_gmt":"2025-08-25T22:30:18","guid":{"rendered":"https:\/\/www.europesays.com\/fr\/343819\/"},"modified":"2025-08-25T22:30:18","modified_gmt":"2025-08-25T22:30:18","slug":"journees-du-patrimoine-a-nantes-2025-programme-date-horaire","status":"publish","type":"post","link":"https:\/\/www.europesays.com\/fr\/343819\/","title":{"rendered":"Journ\u00e9es du Patrimoine \u00e0 Nantes 2025 : programme, date, horaire"},"content":{"rendered":"<p class=\"fw-bold font-size-16 my-1\"> Du 20\/09\/2025 au 21\/09\/2025<\/p>\n<p class=\"fw-bold font-size-16 my-1\"> <a href=\"https:\/\/www.jds.fr\/nantes\/\" rel=\"nofollow noopener\" target=\"_blank\">Nantes<\/a><\/p>\n<p class=\"intro\">Plongez au c\u0153ur des tr\u00e9sors historiques de la cit\u00e9 des Ducs \u00e0 l&rsquo;occasion des Journ\u00e9es du Patrimoine 2025 \u00e0 Nantes. Chaque ann\u00e9e, le troisi\u00e8me week-end de septembre, la ville ouvre les portes de son exceptionnel patrimoine pour offrir \u00e0 tous une occasion unique de d\u00e9couvrir ou red\u00e9couvrir les richesses qui ont fa\u00e7onn\u00e9 son identit\u00e9. Artistique, arch\u00e9ologique, industriel, agricole, fluvial ou militaire\u00a0: tous les patrimoines sont \u00e0 l\u2019honneur durant ce week-end exceptionnel. Pr\u00e9parez d\u00e8s maintenant vos visites pour le samedi 20 et dimanche 21 septembre 2025.\u00a0<\/p>\n<p class=\"intro\"><a data-lightbox=\"article\" data-title=\"La cour administrative d&#039;appel de Nantes \u00e0 visiter lors des Journ\u00e9es du Patrimoine  \u00a9 nantes.cour-administrative-appel.fr\/\" class=\"image detail fullwidth\" href=\"https:\/\/www.jds.fr\/medias\/image\/journees-du-patrimoine-a-nantes-700942-1200-0-F.webp\" title=\"La cour administrative d&#039;appel de Nantes \u00e0 visiter lors des Journ\u00e9es du Patrimoine  \u00a9 nantes.cour-administrative-appel.fr\/\" rel=\"nofollow noopener\" target=\"_blank\"><br \/>\n<img decoding=\"async\" loading=\"lazy\" src=\"https:\/\/www.europesays.com\/fr\/wp-content\/uploads\/2025\/08\/journees-du-patrimoine-a-nantes-700942-1200-0.webp.webp\"   alt=\"La cour administrative d'appel de Nantes \u00e0 visiter lors des Journ\u00e9es du Patrimoine \" class=\"shortcode_image border\"\/><br \/>\n\u00a9 nantes.cour-administrative-appel.fr\/<br \/>\nLa cour administrative d&rsquo;appel de Nantes \u00e0 visiter lors des Journ\u00e9es du Patrimoine<br \/>\n<\/a>\n<\/p>\n<p>Quand ont lieu les journ\u00e9es du Patrimoine \u00e0 Nantes en 2025\u00a0?<\/p>\n<p>\ud83d\udcc5 Journ\u00e9es du Patrimoine \u00e0 Nantes se d\u00e9rouleront le 3\u00e8me week-end du mois de septembre, c&rsquo;est \u00e0 dire <strong>le samedi 20 et dimanche 21 septembre 2025.<\/strong><\/p>\n<p>Programme des Journ\u00e9es du Patrimoine \u00e0 Nantes 2025<\/p>\n<p>Chaque ann\u00e9e, les Journ\u00e9es du Patrimoine sont l&rsquo;occasion de d\u00e9couvrir ou red\u00e9couvrir les tr\u00e9sors de la <a href=\"https:\/\/www.jds.fr\/nantes\/\" rel=\"nofollow noopener\" target=\"_blank\">ville de Nantes<\/a>. Entre balades th\u00e9matiques, qui vous plongent dans l&rsquo;histoire des quartiers et les secrets de la R\u00e9sistance, et visites de sites embl\u00e9matiques comme le Passage Pommeraye, les propositions sont nombreuses.<\/p>\n<p>Ce programme n&rsquo;est qu&rsquo;un aper\u00e7u des \u00e9v\u00e9nements qui vous attendent ce week-end, et beaucoup d&rsquo;autres sites seront ouverts gratuitement. Pour profiter pleinement de ces journ\u00e9es, n&rsquo;oubliez d&rsquo;effectuer votre r\u00e9servation.<\/p>\n<p>Balades (sur r\u00e9servation)<\/p>\n<ul>&#13;<\/p>\n<li>La Fosse et ses coteaux<\/li>\n<p>&#13;<\/p>\n<li>1 balade 2 castors<\/li>\n<p>&#13;<\/p>\n<li>Les femmes dans la r\u00e9sistance \u2013 quartier de la Halv\u00e8que<\/li>\n<p>&#13;<\/p>\n<li>Nantes bombard\u00e9e, la reconstruction \u2026<\/li>\n<p>&#13;<\/p>\n<li>Sur les pas des compositeurs nantais, quartier Graslin<\/li>\n<p>&#13;<\/p>\n<li>Sur les pas des compositeurs nantais, quartier du ch\u00e2teau<\/li>\n<p>&#13;<\/p>\n<li>Le Breil fait son cin\u00e9ma<\/li>\n<p>&#13;<\/p>\n<li>La femme dans la statuaire<\/li>\n<p>&#13;<\/p>\n<li>Balade th\u00e9\u00e2tralis\u00e9e humoristique\u00a0: Maison \u00e0 vendre ou presque\u2026!<\/li>\n<p>&#13;<\/p>\n<li>Footing patrimoine\u00a0: l\u2019art dans la ville<\/li>\n<p>&#13;\n<\/ul>\n<p>Visites de site (sur r\u00e9servation)<\/p>\n<ul>&#13;<\/p>\n<li>Passage Pommeraye<\/li>\n<p>&#13;<\/p>\n<li>Stade v\u00e9lodrome Petit Breton<\/li>\n<p>&#13;<\/p>\n<li>Piscine L\u00e9o Lagrange<\/li>\n<p>&#13;<\/p>\n<li>Parc de la Chantrerie<\/li>\n<p>&#13;<\/p>\n<li>Cours Administrative d\u2019Appel de Nantes<\/li>\n<p>&#13;<\/p>\n<li>Fibois Pays de la Loire<\/li>\n<p>&#13;<\/p>\n<li>P\u00f4le associatif D\u00e9sir\u00e9 Colombe et salons Mauduit<\/li>\n<p>&#13;<\/p>\n<li>Maison d\u2019accueil de jour de la Moutonnerie<\/li>\n<p>&#13;<\/p>\n<li>H\u00f4tel\u2011Dieu \u2013 terrasses<\/li>\n<p>&#13;<\/p>\n<li>H\u00f4tel\u2011Dieu \u2013 d\u00e9ambulation<\/li>\n<p>&#13;<\/p>\n<li>Chapelle et h\u00f4pital Saint\u2011Jacques<\/li>\n<p>&#13;<\/p>\n<li>Anciens Bains\u2011douches \u00ab Le Grand Bain \u00bb<\/li>\n<p>&#13;<\/p>\n<li>Cin\u00e9ma Bonne Garde<\/li>\n<p>&#13;<\/p>\n<li>Ancien Olympic \u2013 Fabrique Bellevue\u2011Chantenay<\/li>\n<p>&#13;<\/p>\n<li>CAP 44 \u2013 future Cit\u00e9 des imaginaires<\/li>\n<p>&#13;<\/p>\n<li>Maison de l\u2019apiculture<\/li>\n<p>&#13;\n<\/ul>\n<p>\ud83d\udc49<a href=\"https:\/\/www.calameo.com\/read\/000106866e9a3a570e198\" rel=\"nofollow noopener\" target=\"_blank\">Programmation compl\u00e8te des Journ\u00e9es du patrimoine \u00e0 Nantes juste ici<\/a>.\u00a0<\/p>\n<p>A d\u00e9couvrir aussi\u00a0: <a href=\"https:\/\/www.jds.fr\/rennes\/manifestations\/journees-du-patrimoine\/journees-europeennes-du-patrimoine-a-rennes-263657_A\" rel=\"nofollow noopener\" target=\"_blank\">Les journ\u00e9es du patrimoine \u00e0 Rennes<\/a>.<\/p>\n<p>            Renseignements<\/p>\n<p class=\"font-size-18 fw-bold m-0 lh-sm\">Ne ratez plus les prochaines informations \ud83d\ude31<\/p>\n<p class=\"font-size-16 mt-2 mb-3\">Inscrivez-vous gratuitement pour recevoir par mails les mises \u00e0 jour sur Journ\u00e9es du Patrimoine \u00e0 Nantes. Vous pouvez vous d\u00e9sinscrire \u00e0 tout moment !<\/p>\n<p><strong class=\"font-size-18\">O\u00f9\u00a0:<\/strong><br \/><a class=\"mt-1 d-block \" href=\"https:\/\/www.jds.fr\/nantes\/\" rel=\"nofollow noopener\" target=\"_blank\">  44000 Nantes<\/a><\/p>\n<p>Dates et horaires\u00a0: <\/p>\n<ul class=\"liste-dates list-unstyled\" id=\"liste-dates-68acdd75814ac\">\n<li>du Samedi 20 Septembre 2025 au Dimanche 21 Septembre 2025<\/li>\n<\/ul>\n<p>    Tous les avis<br \/>Journ\u00e9es du Patrimoine \u00e0 Nantes    <\/p>\n<p class=\"m-0\">Aucun avis pour le moment. Soyez le premier \u00e0 partager votre avis !\n                    <\/p>\n<p class=\"font-size-30 fw-bold lh-1 mt-0 mb-4\">Je trouve les meilleures sorties dans ma ville<\/p>\n<p>Les actualit\u00e9s \u00e0  Nantes<\/p>\n<ul class=\"mt-3 list-unstyled list-articles-v2\">\n<li class=\"col-12 pt-4\" data-view-id-type=\"1\" data-view-id=\"1042371\" data-view-bc=\"0\"><a class=\"image\" href=\"https:\/\/www.jds.fr\/nantes\/magazine\/actu-magazine\/demenagement-a-nantes-conseils-pratiques-pour-bien-s-organiser-1042371_A\" rel=\"nofollow noopener\" target=\"_blank\"><img decoding=\"async\" loading=\"lazy\" src=\"https:\/\/www.europesays.com\/fr\/wp-content\/uploads\/2025\/08\/demenagement-a-nantes-conseils-pratiques-pour-bien-649845-180-180.webp.webp\" width=\"180\" height=\"180\" alt=\"D\u00e9m\u00e9nagement \u00e0 Nantes : conseils pratiques pour bien s'organiser\" class=\"border\"\/><\/a><\/li>\n<\/ul>\n<p><a href=\"https:\/\/www.jds.fr\/nantes\/magazine\/\" class=\"btn btn-outline-primary py-2 px-4\" rel=\"nofollow noopener\" target=\"_blank\">Voir toutes les actualit\u00e9s \u00e0  Nantes<\/a><\/p>\n<p class=\"mt-0 mb-3 h2\">Newsletter JDS Nantes<\/p>\n<p class=\"font-size-18 fw-normal lh-sm\">Pr\u00eat pour un week-end de folie\u00a0? Chaque jeudi tous les bons plans sorties<\/p>\n","protected":false},"excerpt":{"rendered":"Du 20\/09\/2025 au 21\/09\/2025 Nantes Plongez au c\u0153ur des tr\u00e9sors historiques de la cit\u00e9 des Ducs \u00e0 l&rsquo;occasion&hellip;\n","protected":false},"author":2,"featured_media":343820,"comment_status":"","ping_status":"","sticky":false,"template":"","format":"standard","meta":{"footnotes":""},"categories":[2818],"tags":[1111,11,1777,674,1011,27,766,12,2636,25],"class_list":{"0":"post-343819","1":"post","2":"type-post","3":"status-publish","4":"format-standard","5":"has-post-thumbnail","7":"category-nantes","8":"tag-actu","9":"tag-actualites","10":"tag-eu","11":"tag-europe","12":"tag-fr","13":"tag-france","14":"tag-nantes","15":"tag-news","16":"tag-pays-de-la-loire","17":"tag-republique-francaise"},"share_on_mastodon":{"url":"https:\/\/pubeurope.com\/@fr\/115091775620396618","error":""},"_links":{"self":[{"href":"https:\/\/www.europesays.com\/fr\/wp-json\/wp\/v2\/posts\/343819","targetHints":{"allow":["GET"]}}],"collection":[{"href":"https:\/\/www.europesays.com\/fr\/wp-json\/wp\/v2\/posts"}],"about":[{"href":"https:\/\/www.europesays.com\/fr\/wp-json\/wp\/v2\/types\/post"}],"author":[{"embeddable":true,"href":"https:\/\/www.europesays.com\/fr\/wp-json\/wp\/v2\/users\/2"}],"replies":[{"embeddable":true,"href":"https:\/\/www.europesays.com\/fr\/wp-json\/wp\/v2\/comments?post=343819"}],"version-history":[{"count":0,"href":"https:\/\/www.europesays.com\/fr\/wp-json\/wp\/v2\/posts\/343819\/revisions"}],"wp:featuredmedia":[{"embeddable":true,"href":"https:\/\/www.europesays.com\/fr\/wp-json\/wp\/v2\/media\/343820"}],"wp:attachment":[{"href":"https:\/\/www.europesays.com\/fr\/wp-json\/wp\/v2\/media?parent=343819"}],"wp:term":[{"taxonomy":"category","embeddable":true,"href":"https:\/\/www.europesays.com\/fr\/wp-json\/wp\/v2\/categories?post=343819"},{"taxonomy":"post_tag","embeddable":true,"href":"https:\/\/www.europesays.com\/fr\/wp-json\/wp\/v2\/tags?post=343819"}],"curies":[{"name":"wp","href":"https:\/\/api.w.org\/{rel}","templated":true}]}}