{"id":343827,"date":"2025-08-25T22:34:13","date_gmt":"2025-08-25T22:34:13","guid":{"rendered":"https:\/\/www.europesays.com\/fr\/343827\/"},"modified":"2025-08-25T22:34:13","modified_gmt":"2025-08-25T22:34:13","slug":"le-conducteur-a-tout-tente-pour-fuir-la-police","status":"publish","type":"post","link":"https:\/\/www.europesays.com\/fr\/343827\/","title":{"rendered":"le conducteur a tout tent\u00e9 pour fuir la police"},"content":{"rendered":"<p>            Par<br \/>\n        <strong><br \/>\n            <a href=\"https:\/\/actu.fr\/auteur\/david-saint-sernin\" title=\"Consulter tous les articles de David Saint-Sernin\" rel=\"nofollow noopener\" target=\"_blank\">David Saint-Sernin<\/a><br \/>\n        <\/strong><\/p>\n<p>        Publi\u00e9 le<\/p>\n<p>            25 ao\u00fbt 2025 \u00e0 15h48        <\/p>\n<p>Dimanche 24\u00a0ao\u00fbt 2025, vers 5h du matin, avenue des Minimes <a href=\"https:\/\/actu.fr\/toulouse\/\" rel=\"nofollow noopener\" target=\"_blank\">\u00e0 Toulouse<\/a>, deux v\u00e9hicules s\u2019immobilisent \u00e0 un feu rouge. \u00ab\u2009Pour une raison que nous ne savons pas, deux individus du v\u00e9hicule de devant sortent pour s\u2019expliquer avec ceux du v\u00e9hicule de derri\u00e8re. Sauf que des policiers observent la sc\u00e8ne et s\u2019interposent\u2009\u00bb, indique une source polici\u00e8re \u00e0 Actu Toulouse.<\/p>\n<p class=\" wall-content\">D\u00e9butent alors les v\u00e9rifications. Si les individus du v\u00e9hicule arri\u00e8re peuvent rapidement reprendre la route, il y a plusieurs hics pour le v\u00e9hicule stopp\u00e9 au feu rouge.<\/p>\n<p>Un conducteur qui accumule les infractions<\/p>\n<p class=\" wall-content\">\u00ab\u2009La voiture n\u2019est pas assur\u00e9e, le conducteur, n\u00e9 en 1997 et connu des services, n\u2019a pas de permis. Surtout, il est alcoolis\u00e9\u2009\u00bb, rapporte la m\u00eame source polici\u00e8re. L\u2019homme a pr\u00e8s d\u20191 gramme d\u2019alcool par litre de sang.<\/p>\n<p class=\" wall-content\">Les policiers poursuivent ensuite leurs investigations avec l\u2019un des passagers quand le conducteur reprend sa place derri\u00e8re le volant, red\u00e9marre le v\u00e9hicule, et tente de semer la police avec un des passagers assis \u00e0 l\u2019arri\u00e8re. Refus d\u2019obtemp\u00e9rer. Une <strong>br\u00e8ve course-poursuite<\/strong> s\u2019engage.<\/p>\n<p>Une br\u00e8ve course-poursuite<\/p>\n<p class=\" wall-content\">Avenue des Minimes, avenue des \u00c9tats-Unis\u2026 Au bout de quelques centaines de m\u00e8tres, le conducteur percute un autre v\u00e9hicule, une Peugeot 206. Ce dernier v\u00e9hicule termine sur le terre-plein. Le conducteur n\u2019est heureusement pas bless\u00e9.<\/p>\n<p>Vid\u00e9os : en ce moment sur Actu<\/p>\n<p class=\" wall-content\">Dans l\u2019autre v\u00e9hicule, le fuyard sort de l\u2019habitacle en courant, mais il est rapidement repris par la police qui doit n\u00e9anmoins faire usage d\u2019un pistolet \u00e0 impulsion \u00e9lectrique pour le stopper. Le passager est aussi arr\u00eat\u00e9.<\/p>\n<p>En comparution imm\u00e9diate<\/p>\n<p class=\" wall-content\">\u00ab\u2009Tr\u00e8s excit\u00e9, le conducteur insulte un agent qui a d\u00e9pos\u00e9 plainte pour outrage\u2009\u00bb, termine notre source polici\u00e8re.<\/p>\n<p>Votre r\u00e9gion, votre actu !<\/p>\n<p>Recevez chaque jour les infos qui comptent pour vous.<\/p>\n<p>\t<a href=\"https:\/\/actu.fr\/newsletter\" class=\"ac-btn ac-btn--corner ac-btn--medium ac-btn--blue800\" rel=\"nofollow noopener\" target=\"_blank\">S&rsquo;incrire<\/a><\/p>\n<p class=\" wall-content\">Il a \u00e9t\u00e9 plac\u00e9 en garde \u00e0 vue, puis d\u00e9f\u00e9r\u00e9 ce lundi. Il devait passer en comparution imm\u00e9diate ce lundi\u00a0\u00bb.\u00a0<\/p>\n<p class=\" wall-content\">Personnalisez votre actualit\u00e9 en ajoutant vos villes et m\u00e9dias en favori avec <a href=\"https:\/\/moncompte.actu.fr\" title=\"D\u00e9couvez Mon Actu\" rel=\"nofollow noopener\" data-trk=\"{&quot;cta&quot;:{&quot;action&quot;:&quot;https:\\\/\\\/moncompte.actu.fr&quot;,&quot;category&quot;:&quot;mon compte&quot;,&quot;from&quot;:&quot;article footer&quot;,&quot;name&quot;:&quot;Mon actu&quot;,&quot;type&quot;:&quot;cta&quot;}}\" target=\"_blank\">Mon Actu<\/a>.<\/p>\n","protected":false},"excerpt":{"rendered":"Par David Saint-Sernin Publi\u00e9 le 25 ao\u00fbt 2025 \u00e0 15h48 Dimanche 24\u00a0ao\u00fbt 2025, vers 5h du matin, avenue&hellip;\n","protected":false},"author":2,"featured_media":343828,"comment_status":"","ping_status":"","sticky":false,"template":"","format":"standard","meta":{"footnotes":""},"categories":[2816],"tags":[1111,11,1777,674,1011,27,12,2680,1072,25,104,2312],"class_list":{"0":"post-343827","1":"post","2":"type-post","3":"status-publish","4":"format-standard","5":"has-post-thumbnail","7":"category-toulouse","8":"tag-actu","9":"tag-actualites","10":"tag-eu","11":"tag-europe","12":"tag-fr","13":"tag-france","14":"tag-news","15":"tag-occitanie","16":"tag-police","17":"tag-republique-francaise","18":"tag-societe","19":"tag-toulouse"},"share_on_mastodon":{"url":"https:\/\/pubeurope.com\/@fr\/115091791307114350","error":""},"_links":{"self":[{"href":"https:\/\/www.europesays.com\/fr\/wp-json\/wp\/v2\/posts\/343827","targetHints":{"allow":["GET"]}}],"collection":[{"href":"https:\/\/www.europesays.com\/fr\/wp-json\/wp\/v2\/posts"}],"about":[{"href":"https:\/\/www.europesays.com\/fr\/wp-json\/wp\/v2\/types\/post"}],"author":[{"embeddable":true,"href":"https:\/\/www.europesays.com\/fr\/wp-json\/wp\/v2\/users\/2"}],"replies":[{"embeddable":true,"href":"https:\/\/www.europesays.com\/fr\/wp-json\/wp\/v2\/comments?post=343827"}],"version-history":[{"count":0,"href":"https:\/\/www.europesays.com\/fr\/wp-json\/wp\/v2\/posts\/343827\/revisions"}],"wp:featuredmedia":[{"embeddable":true,"href":"https:\/\/www.europesays.com\/fr\/wp-json\/wp\/v2\/media\/343828"}],"wp:attachment":[{"href":"https:\/\/www.europesays.com\/fr\/wp-json\/wp\/v2\/media?parent=343827"}],"wp:term":[{"taxonomy":"category","embeddable":true,"href":"https:\/\/www.europesays.com\/fr\/wp-json\/wp\/v2\/categories?post=343827"},{"taxonomy":"post_tag","embeddable":true,"href":"https:\/\/www.europesays.com\/fr\/wp-json\/wp\/v2\/tags?post=343827"}],"curies":[{"name":"wp","href":"https:\/\/api.w.org\/{rel}","templated":true}]}}