{"id":343829,"date":"2025-08-25T22:35:18","date_gmt":"2025-08-25T22:35:18","guid":{"rendered":"https:\/\/www.europesays.com\/fr\/343829\/"},"modified":"2025-08-25T22:35:18","modified_gmt":"2025-08-25T22:35:18","slug":"cest-juste-une-faute-de-frappe-une-pergola-a-plus-de-100-000-euros-choque-les-reseaux-sociaux-la-mairie-de-toulouse-oppose-un-dementi","status":"publish","type":"post","link":"https:\/\/www.europesays.com\/fr\/343829\/","title":{"rendered":"\u00ab\u00a0C\u2019est juste une faute de frappe\u00a0\u00bb\u00a0: Une pergola \u00e0 plus de 100\u00a0000\u00a0euros choque les r\u00e9seaux sociaux, la mairie de Toulouse oppose un d\u00e9menti"},"content":{"rendered":"<p>\n                                                                    l&rsquo;essentiel<br \/>\n                                                                La pergola du Jardin de la Salade \u00e0 Toulouse a d\u00e9clench\u00e9 une vague d\u2019indignation en ligne. Non l\u2019abri en bois n\u2019a pas co\u00fbt\u00e9 plus de 100\u00a0000\u00a0euros, on vous explique.\n                            <\/p>\n<p>C\u2019est un d\u00e9tail qui n\u2019a \u00e9chapp\u00e9 \u00e0 personne. Dans le Jardin de la Salade, avenue de Fronton, un panneau r\u00e9cemment install\u00e9 a suscit\u00e9 de nombreuses r\u00e9actions parmi les promeneurs. Certains se sont arr\u00eat\u00e9s, interloqu\u00e9s, avant de d\u00e9gainer leur t\u00e9l\u00e9phone pour immortaliser l\u2019information.<\/p>\n<blockquote data-class=\"twitter-tweet\">\n<p lang=\"fr\" dir=\"ltr\">L&rsquo;extorsion se fait a tous les niveaux. Ici dans un parc Toulousain ou une pergola en bois est factur\u00e9e 105 k\u20ac.<\/p>\n<p>Et comme toujours c&rsquo;est <a href=\"https:\/\/twitter.com\/NicolasQuiPaie?ref_src=twsrc%5Etfw\" rel=\"nofollow noopener\" target=\"_blank\">@NicolasQuiPaie<\/a> <a href=\"https:\/\/t.co\/QSLpgsXYhW\" rel=\"nofollow\">pic.twitter.com\/QSLpgsXYhW<\/a><\/p>\n<p>\u2014 Cyrille (@cyrille_briere) <a href=\"https:\/\/twitter.com\/cyrille_briere\/status\/1959643780245590072?ref_src=twsrc%5Etfw\" rel=\"nofollow noopener\" target=\"_blank\">August 24, 2025<\/a><\/p><\/blockquote>\n<p>Ce chiffre en trop a imm\u00e9diatement d\u00e9clench\u00e9 une vague de r\u00e9actions indign\u00e9es sur les r\u00e9seaux sociaux. Sur X (ex-Twitter), les commentaires ont fus\u00e9\u00a0: \u00ab\u00a0Les contrats avec le public sont totalement d\u00e9lirants\u2026\u00a0\u00bb, \u00ab\u00a0\u00c7a s\u2019appelle du d\u00e9tournement de fonds publics\u00a0\u00bb, \u00ab\u00a0Ce n\u2019est pas cher c\u2019est toujours les Con-tribuables qui paient\u00a0\u00bb.<\/p>\n<p class=\"std-elt__inline\">\n        <strong>\u00c0 lire aussi :<\/strong><br \/>\n        <a href=\"https:\/\/www.ladepeche.fr\/2025\/08\/24\/canicule-pelouse-jaunie-plantes-assoiffees-comment-sauver-son-jardin-apres-les-vacances-les-conseils-dun-expert-12888962.php\" rel=\"nofollow noopener\" target=\"_blank\">Canicule, pelouse jaunie, plantes assoiff\u00e9es\u2026 Comment sauver son jardin apr\u00e8s les vacances\u00a0? Les conseils d\u2019un expert<\/a>\n    <\/p>\n<p>La raison de cette agitation\u00a0? Le panneau mentionne un co\u00fbt de 105\u00a0258\u00a0euros, mais il s\u2019agit en r\u00e9alit\u00e9 d\u2019une simple erreur d\u2019impression. Selon la mairie de quartier des Minimes, le montant exact s\u2019\u00e9l\u00e8ve \u00e0 10\u00a0528\u00a0euros. \u00ab\u00a0C\u2019est juste une faute de frappe\u00a0\u00bb, tranche C\u00e9cile Dufraisse, adjointe au maire de Toulouse et maire du quartier Minimes-Barri\u00e8re de Paris-Ponts Jumeaux.<\/p>\n<p>        <img decoding=\"async\" class=\"std-img__img responsive-img\" src=\"https:\/\/www.europesays.com\/fr\/wp-content\/uploads\/2025\/08\/1756161318_632_image.jpg\" alt=\"Des contribuables interloqu\u00e9s ont tagu\u00e9 le panneau\u2026\"\/><\/p>\n<p>                Des contribuables interloqu\u00e9s ont tagu\u00e9 le panneau\u2026<br \/>\n                                    DDM &#8211; MARC SALVET<\/p>\n<p>Un projet bient\u00f4t achev\u00e9<\/p>\n<p>Lanc\u00e9 en 2018, le projet arrive aujourd\u2019hui en phase finale de construction et pr\u00e9voit l\u2019installation d\u2019une pergola sur le parvis nord du parc, un parking et un r\u00e9am\u00e9nagement de l\u2019aire de jeux. \u00ab\u00a0L\u2019id\u00e9e de ce projet est que les promeneurs puissent se prot\u00e9ger du soleil tout en profitant du parc\u00a0\u00bb, explique l\u2019\u00e9lue.<\/p>\n<p class=\"std-elt__inline\">\n        <strong>\u00c0 lire aussi :<\/strong><br \/>\n        <a href=\"https:\/\/www.ladepeche.fr\/2025\/08\/15\/les-jeunes-ont-amenage-le-chemin-menant-a-la-cascade-12877268.php\" rel=\"nofollow noopener\" target=\"_blank\">Les jeunes ont am\u00e9nag\u00e9 le chemin menant \u00e0 la cascade<\/a>\n    <\/p>\n<p>L\u2019entreprise Caussat, bas\u00e9e \u00e0 Daux, \u00e0 une trentaine de minutes de Toulouse, est en charge des travaux. Elle est notamment intervenue sur les Ramblas des All\u00e9es Jean-Jaur\u00e8s, mais aussi sur l\u2019\u00cele du Ramier et le Grand Parc Garonne. Int\u00e9gr\u00e9e au groupe Cap Vert, elle est sp\u00e9cialis\u00e9e dans les projets de v\u00e9g\u00e9talisation, d\u2019engazonnement, de ma\u00e7onnerie paysag\u00e8re et d\u2019entretien d\u2019espaces verts en Haute-Garonne.<\/p>\n<p>                                                                                                                                                                                                        <script async src=\"https:\/\/platform.twitter.com\/widgets.js\" charset=\"utf-8\"><\/script><\/p>\n","protected":false},"excerpt":{"rendered":"l&rsquo;essentiel La pergola du Jardin de la Salade \u00e0 Toulouse a d\u00e9clench\u00e9 une vague d\u2019indignation en ligne. Non&hellip;\n","protected":false},"author":2,"featured_media":343830,"comment_status":"","ping_status":"","sticky":false,"template":"","format":"standard","meta":{"footnotes":""},"categories":[2816],"tags":[1111,11,1777,674,1011,27,12,2680,25,2312],"class_list":{"0":"post-343829","1":"post","2":"type-post","3":"status-publish","4":"format-standard","5":"has-post-thumbnail","7":"category-toulouse","8":"tag-actu","9":"tag-actualites","10":"tag-eu","11":"tag-europe","12":"tag-fr","13":"tag-france","14":"tag-news","15":"tag-occitanie","16":"tag-republique-francaise","17":"tag-toulouse"},"share_on_mastodon":{"url":"https:\/\/pubeurope.com\/@fr\/115091795054777614","error":""},"_links":{"self":[{"href":"https:\/\/www.europesays.com\/fr\/wp-json\/wp\/v2\/posts\/343829","targetHints":{"allow":["GET"]}}],"collection":[{"href":"https:\/\/www.europesays.com\/fr\/wp-json\/wp\/v2\/posts"}],"about":[{"href":"https:\/\/www.europesays.com\/fr\/wp-json\/wp\/v2\/types\/post"}],"author":[{"embeddable":true,"href":"https:\/\/www.europesays.com\/fr\/wp-json\/wp\/v2\/users\/2"}],"replies":[{"embeddable":true,"href":"https:\/\/www.europesays.com\/fr\/wp-json\/wp\/v2\/comments?post=343829"}],"version-history":[{"count":0,"href":"https:\/\/www.europesays.com\/fr\/wp-json\/wp\/v2\/posts\/343829\/revisions"}],"wp:featuredmedia":[{"embeddable":true,"href":"https:\/\/www.europesays.com\/fr\/wp-json\/wp\/v2\/media\/343830"}],"wp:attachment":[{"href":"https:\/\/www.europesays.com\/fr\/wp-json\/wp\/v2\/media?parent=343829"}],"wp:term":[{"taxonomy":"category","embeddable":true,"href":"https:\/\/www.europesays.com\/fr\/wp-json\/wp\/v2\/categories?post=343829"},{"taxonomy":"post_tag","embeddable":true,"href":"https:\/\/www.europesays.com\/fr\/wp-json\/wp\/v2\/tags?post=343829"}],"curies":[{"name":"wp","href":"https:\/\/api.w.org\/{rel}","templated":true}]}}