{"id":343833,"date":"2025-08-25T22:38:31","date_gmt":"2025-08-25T22:38:31","guid":{"rendered":"https:\/\/www.europesays.com\/fr\/343833\/"},"modified":"2025-08-25T22:38:31","modified_gmt":"2025-08-25T22:38:31","slug":"une-edition-dediee-a-roger-pailhas","status":"publish","type":"post","link":"https:\/\/www.europesays.com\/fr\/343833\/","title":{"rendered":"Une \u00e9dition d\u00e9di\u00e9e \u00e0 Roger Pailhas"},"content":{"rendered":"<p style=\"font-size:18px\">\u00c0 la fin de l\u2019\u00e9t\u00e9, Marseille sera \u00e0 nouveau le point de convergence de la sc\u00e8ne artistique internationale. Du <strong>29 au 31\u00a0ao\u00fbt 2025<\/strong>, la <strong>Friche la Belle de Mai<\/strong> accueille <strong>Art-o-rama<\/strong> 2025, le salon qui, depuis pr\u00e8s de vingt ans, s\u2019impose comme l\u2019un des rendez-vous les plus singuliers et exigeants de l\u2019art contemporain en Europe.<\/p>\n<p><strong>Une \u00e9dition en hommage \u00e0 Roger Pailhas<\/strong><\/p>\n<p>Cette ann\u00e9e, le salon c\u00e9l\u00e8bre la m\u00e9moire de <strong>Roger Pailhas<\/strong>, figure majeure du monde de l\u2019art et fondateur d\u2019Art Dealers, qui disparaissait en 2005. Visionnaire dans sa mani\u00e8re d\u2019imaginer les foires et les collaborations entre galeries, il avait contribu\u00e9 \u00e0 faire rayonner Marseille sur la sc\u00e8ne internationale. A la disparition de Roger Pailhas, en 2005, J\u00e9r\u00f4me Pantalacci et Ga\u00efd Beaulieu, qui travaillaient \u00e0 ses c\u00f4t\u00e9s, d\u00e9cid\u00e8rent de poursuivre cette aventure d\u2019un salon atypique depuis Marseille, qui \u00e9tait devenu incontournable pour nombre de collectionneurs et de professionnels fran\u00e7ais et internationaux. Dans cette continuit\u00e9, ils cr\u00e9ent Art-o-rama en 2007.<\/p>\n<p style=\"font-size:11px\"> \u2013 Hommage \u00e0 Roger Pailhas. Portrait de Roger Pailhas ; Roger Pailhas, exposition Daniel Buren, \u00ab\u00a0Travaux situ\u00e9s\u00a0\u00bb, galerie Roger Pailhas, Cours Julien, 1991 ; Art Dealers 2004, de gauche \u00e0 droite Roger Pailhas, \u00c9ric Troncy, Piere Cornette de Saint-Cyr ; Art Dealers 2005, galerie Hoet Bekaert, Gand, solo de Surasi Kusolwong ; Art Dealers 2004, stand de la galerie Catherine Bastide, Bruxelles ; Art Dealers 2005, vue du montage, Jan Hoet Junior, galerie Hoet Bekaert, Gand.<\/p>\n<p>Vingt ans plus tard, Art-o-rama 2025 lui d\u00e9die cette \u00e9dition. Pour lui rendre hommage, Gabrielle Bryers, partenaire et complice de Roger Pailhas, a r\u00e9uni dans un esprit collaboratif, huit galeries qui ont marqu\u00e9 l\u2019histoire hors norme d\u2019Art Dealers. Elles partageront un stand commun et exposeront chacune une \u0153uvre de leur choix, soulignant ainsi l\u2019engagement et la vision de l\u2019amoureux passionn\u00e9 de l\u2019Art et de Marseille qu\u2019\u00e9tait Roger Pailhas.<br \/>Galeries pr\u00e9sentes et \u00e9ditions d\u2019Art Dealers o\u00f9 elles ont \u00e9t\u00e9 pr\u00e9sentes Air de Paris (1997, 1999, 2001 et 2004)\u2009; Art\u00a0: Concept (1997 et 1999)\u2009; Catherine Bastide (2004)\u2009; Esther Schipper (2004)\u2009; Galleria Continua (2002)\u2009; Les Filles du Calvaire (2002)\u2009; Loevenbruck (2002 et 2005)\u00a0; Mennour (2004).<\/p>\n<p><strong>65 exposants venus de 15 pays : une s\u00e9lection qui attise la curiosit\u00e9<\/strong><\/p>\n<p>Cette ann\u00e9e, le salon r\u00e9unit <strong>65\u00a0exposants<\/strong> originaires de <strong>15\u00a0pays<\/strong>. La s\u00e9lection, toujours internationale, laisse cependant une place grandissante \u00e0 la sc\u00e8ne locale. Plusieurs projets suscitent une attention toute particuli\u00e8re. On attend avec int\u00e9r\u00eat et curiosit\u00e9 <strong>Andrea Zabric<\/strong> avec la galerie <strong>Alexandra Toth<\/strong> (Vienne), <strong>Anna Irina Russell<\/strong> chez <strong>Bombon Projects<\/strong> (Barcelone), ou encore les c\u00e9ramiques de <strong>Laia Arqueros Claramunt<\/strong> \u00e0 la <strong>Chiquita Room<\/strong>. <strong>Antoine Cond\u00e9<\/strong> b\u00e9n\u00e9ficiera d\u2019une exposition personnelle avec <strong>DS Galerie<\/strong> (Paris), tandis que la <strong>Galerie Maubert<\/strong> mettra \u00e0 l\u2019honneur <strong>Nathalie Talec<\/strong>.<\/p>\n<p><img decoding=\"async\" data-attachment-id=\"66767\" data-permalink=\"https:\/\/www.enrevenantdelexpo.com\/nathalie-talec-stand-by-me-2023\/\" data-orig-file=\"https:\/\/i0.wp.com\/www.enrevenantdelexpo.com\/wp-content\/uploads\/2025\/08\/Nathalie-Talec-STAND-BY-ME-2023.jpg?fit=2560%2C2468&amp;ssl=1\" data-orig-size=\"2560,2468\" data-comments-opened=\"1\" data-image-meta=\"{&quot;aperture&quot;:&quot;0&quot;,&quot;credit&quot;:&quot;&quot;,&quot;camera&quot;:&quot;&quot;,&quot;caption&quot;:&quot;&quot;,&quot;created_timestamp&quot;:&quot;0&quot;,&quot;copyright&quot;:&quot;&quot;,&quot;focal_length&quot;:&quot;0&quot;,&quot;iso&quot;:&quot;0&quot;,&quot;shutter_speed&quot;:&quot;0&quot;,&quot;title&quot;:&quot;&quot;,&quot;orientation&quot;:&quot;0&quot;}\" data-image-title=\"Nathalie Talec \u2013 STAND BY ME, 2023\" data-image-description=\"\" data-image-caption=\"&lt;p&gt;Nathalie Talec \u2013 STAND BY ME, 2023&lt;\/p&gt;&#10;\" data-medium-file=\"https:\/\/i0.wp.com\/www.enrevenantdelexpo.com\/wp-content\/uploads\/2025\/08\/Nathalie-Talec-STAND-BY-ME-2023.jpg?fit=300%2C289&amp;ssl=1\" data-large-file=\"https:\/\/i0.wp.com\/www.enrevenantdelexpo.com\/wp-content\/uploads\/2025\/08\/Nathalie-Talec-STAND-BY-ME-2023.jpg?fit=696%2C671&amp;ssl=1\" role=\"button\" tabindex=\"0\" aria-label=\"Ouvrir l\u2019image 4 sur 5 en plein \u00e9cran\"  alt=\"Nathalie Talec - STAND BY ME, 2023\" data-height=\"2468\" data-id=\"66767\" data-link=\"https:\/\/www.enrevenantdelexpo.com\/nathalie-talec-stand-by-me-2023\/\" data-url=\"https:\/\/www.enrevenantdelexpo.com\/wp-content\/uploads\/2025\/08\/Nathalie-Talec-STAND-BY-ME-2023-1024x987.jpg\" data-width=\"2560\" src=\"https:\/\/www.europesays.com\/fr\/wp-content\/uploads\/2025\/08\/Nathalie-Talec-STAND-BY-ME-2023-1024x987.jpg\" data-amp-layout=\"responsive\"\/><img decoding=\"async\" data-attachment-id=\"66757\" data-permalink=\"https:\/\/www.enrevenantdelexpo.com\/antoine-conde-eight-point-five-grames-of-tears-2024\/\" data-orig-file=\"https:\/\/i0.wp.com\/www.enrevenantdelexpo.com\/wp-content\/uploads\/2025\/08\/Antoine-Conde-EIGHT-POINT-FIVE-GRAMES-OF-TEARS-2024.jpg?fit=898%2C1250&amp;ssl=1\" data-orig-size=\"898,1250\" data-comments-opened=\"1\" data-image-meta=\"{&quot;aperture&quot;:&quot;0&quot;,&quot;credit&quot;:&quot;&quot;,&quot;camera&quot;:&quot;&quot;,&quot;caption&quot;:&quot;&quot;,&quot;created_timestamp&quot;:&quot;0&quot;,&quot;copyright&quot;:&quot;&quot;,&quot;focal_length&quot;:&quot;0&quot;,&quot;iso&quot;:&quot;0&quot;,&quot;shutter_speed&quot;:&quot;0&quot;,&quot;title&quot;:&quot;&quot;,&quot;orientation&quot;:&quot;1&quot;}\" data-image-title=\"Antoine Conde \u2013 EIGHT POINT FIVE GRAMES OF TEARS, 2024\" data-image-description=\"\" data-image-caption=\"&lt;p&gt;Antoine Conde \u2013 EIGHT POINT FIVE GRAMES OF TEARS, 2024&lt;\/p&gt;&#10;\" data-medium-file=\"https:\/\/i0.wp.com\/www.enrevenantdelexpo.com\/wp-content\/uploads\/2025\/08\/Antoine-Conde-EIGHT-POINT-FIVE-GRAMES-OF-TEARS-2024.jpg?fit=216%2C300&amp;ssl=1\" data-large-file=\"https:\/\/i0.wp.com\/www.enrevenantdelexpo.com\/wp-content\/uploads\/2025\/08\/Antoine-Conde-EIGHT-POINT-FIVE-GRAMES-OF-TEARS-2024.jpg?fit=696%2C968&amp;ssl=1\" role=\"button\" tabindex=\"0\" aria-label=\"Ouvrir l\u2019image 5 sur 5 en plein \u00e9cran\"  alt=\"Antoine Conde - EIGHT POINT FIVE GRAMES OF TEARS, 2024\" data-height=\"1250\" data-id=\"66757\" data-link=\"https:\/\/www.enrevenantdelexpo.com\/antoine-conde-eight-point-five-grames-of-tears-2024\/\" data-url=\"https:\/\/www.enrevenantdelexpo.com\/wp-content\/uploads\/2025\/08\/Antoine-Conde-EIGHT-POINT-FIVE-GRAMES-OF-TEARS-2024-736x1024.jpg\" data-width=\"898\" src=\"https:\/\/www.europesays.com\/fr\/wp-content\/uploads\/2025\/08\/Antoine-Conde-EIGHT-POINT-FIVE-GRAMES-OF-TEARS-2024-736x1024.jpg\" data-amp-layout=\"responsive\"\/><\/p>\n<p style=\"font-size:11px\"><strong>Art-o-rama 2025<\/strong> \u2013 <strong>Andrea Zabric<\/strong> \u2013 Untitled (from the series Fassade II), 2025 ; <strong>Anna Irina Russell<\/strong> \u2013 Segon temps (II), 2025 ; <strong>Laia Arqueros Claramunt<\/strong> \u2013 Corifeas, xilofon, 2018 ; <strong>Nathalie Talec<\/strong> \u2013 Stand by me, 2023 ; <strong>Antoine Conde<\/strong> \u2013 Eight Point Five Grames of Tears, 2024<\/p>\n<p>D\u2019autres temps forts devraient marquer cette \u00e9dition\u00a0:<br \/>\u2013 Permanent Collapsing (2025) et Embedded Language (2013) de <strong>Gabriela L\u00f6ffel<\/strong> chez <strong>Cable Depot<\/strong> (Sofia), o\u00f9 sont particuli\u00e8rement attendu la d\u00e9construction du langage utilis\u00e9 par les marchands d\u2019armes et la pr\u00e9sentation des produits et prototypes militaires dans les salons et les foires d\u2019armement.<\/p>\n<p><img data-recalc-dims=\"1\" fetchpriority=\"high\" decoding=\"async\" width=\"696\" height=\"472\" data-attachment-id=\"66761\" data-permalink=\"https:\/\/www.enrevenantdelexpo.com\/gabriela-loffel-embedded-language-2013\/\" data-orig-file=\"https:\/\/i0.wp.com\/www.enrevenantdelexpo.com\/wp-content\/uploads\/2025\/08\/Gabriela-Loffel-Embedded-Language-2013.jpg?fit=2560%2C1735&amp;ssl=1\" data-orig-size=\"2560,1735\" data-comments-opened=\"1\" data-image-meta=\"{&quot;aperture&quot;:&quot;0&quot;,&quot;credit&quot;:&quot;&quot;,&quot;camera&quot;:&quot;&quot;,&quot;caption&quot;:&quot;&quot;,&quot;created_timestamp&quot;:&quot;0&quot;,&quot;copyright&quot;:&quot;&quot;,&quot;focal_length&quot;:&quot;0&quot;,&quot;iso&quot;:&quot;0&quot;,&quot;shutter_speed&quot;:&quot;0&quot;,&quot;title&quot;:&quot;&quot;,&quot;orientation&quot;:&quot;0&quot;}\" data-image-title=\"Gabriela Lo\u0308ffel \u2013 Embedded Language, 2013\" data-image-description=\"\" data-image-caption=\"&lt;p&gt;Gabriela Lo\u0308ffel \u2013 Embedded Language, 2013&lt;\/p&gt;&#10;\" data-medium-file=\"https:\/\/i0.wp.com\/www.enrevenantdelexpo.com\/wp-content\/uploads\/2025\/08\/Gabriela-Loffel-Embedded-Language-2013.jpg?fit=300%2C203&amp;ssl=1\" data-large-file=\"https:\/\/i0.wp.com\/www.enrevenantdelexpo.com\/wp-content\/uploads\/2025\/08\/Gabriela-Loffel-Embedded-Language-2013.jpg?fit=696%2C472&amp;ssl=1\" src=\"https:\/\/www.europesays.com\/fr\/wp-content\/uploads\/2025\/08\/Gabriela-Loffel-Embedded-Language-2013.jpg\" alt=\"Gabriela Lo\u0308ffel - Embedded Language, 2013\" class=\"wp-image-66761\"  \/><strong>Art-o-rama 2025<\/strong> \u2013 Gabriela Lo\u0308ffel \u2013 Embedded Language, 2013<\/p>\n<p>Les Arch\u00e9ologies chim\u00e9riques de <strong>Ka\u00efs Dhifi<\/strong> et <strong>A\u00efcha Snoussi<\/strong> \u00e0 la <strong>Galerie La La Lande<\/strong> (Paris\/Riyad), qui m\u00ealent fouilles imaginaires, mythes et r\u00e9cits po\u00e9tiques. Celles et ceux qui ont d\u00e9couvert le travail d\u2019<strong>A\u00efcha Snoussi<\/strong> au Mo.Co. \u00e0 Montpellier il y a quelques ann\u00e9es seront certainement attentifs \u00e0 l\u2019\u00e9volution de sa pratique artistique autour de l\u2019\u00eele de Zembra, des messages ind\u00e9chiffrables, d\u00e9riv\u00e9s de langues tr\u00e8s anciennes et des calligraphies de chansons populaires arabes, ajout\u00e9es par leurs descendants\u2026<\/p>\n<p><img loading=\"lazy\" data-recalc-dims=\"1\" decoding=\"async\" width=\"696\" height=\"464\" data-attachment-id=\"66753\" data-permalink=\"https:\/\/www.enrevenantdelexpo.com\/aicha-snoussi-sans-titre-2-2024\/\" data-orig-file=\"https:\/\/i0.wp.com\/www.enrevenantdelexpo.com\/wp-content\/uploads\/2025\/08\/Aicha-Snoussi-Sans-titre-2-2024.jpg?fit=1600%2C1066&amp;ssl=1\" data-orig-size=\"1600,1066\" data-comments-opened=\"1\" data-image-meta=\"{&quot;aperture&quot;:&quot;0&quot;,&quot;credit&quot;:&quot;&quot;,&quot;camera&quot;:&quot;&quot;,&quot;caption&quot;:&quot;&quot;,&quot;created_timestamp&quot;:&quot;0&quot;,&quot;copyright&quot;:&quot;&quot;,&quot;focal_length&quot;:&quot;0&quot;,&quot;iso&quot;:&quot;0&quot;,&quot;shutter_speed&quot;:&quot;0&quot;,&quot;title&quot;:&quot;&quot;,&quot;orientation&quot;:&quot;0&quot;}\" data-image-title=\"A\u00efcha Snoussi \u2013 Sans titre 2, 2024\" data-image-description=\"\" data-image-caption=\"&lt;p&gt;A\u00efcha Snoussi \u2013 Sans titre 2, 2024&lt;\/p&gt;&#10;\" data-medium-file=\"https:\/\/i0.wp.com\/www.enrevenantdelexpo.com\/wp-content\/uploads\/2025\/08\/Aicha-Snoussi-Sans-titre-2-2024.jpg?fit=300%2C200&amp;ssl=1\" data-large-file=\"https:\/\/i0.wp.com\/www.enrevenantdelexpo.com\/wp-content\/uploads\/2025\/08\/Aicha-Snoussi-Sans-titre-2-2024.jpg?fit=696%2C464&amp;ssl=1\" src=\"https:\/\/www.europesays.com\/fr\/wp-content\/uploads\/2025\/08\/Aicha-Snoussi-Sans-titre-2-2024.jpg\" alt=\"A\u00efcha Snoussi - Sans titre 2, 2024\" class=\"wp-image-66753\"  \/><strong>Art-o-rama 2025<\/strong> \u2013 A\u00efcha Snoussi \u2013 Sans titre 2, 2024<\/p>\n<p>Les sculptures d\u2019<strong>Anna de\u00a0Castro Barbosa<\/strong>, pr\u00e9sent\u00e9es par <strong>Spiaggia Libera<\/strong> (Paris\/Marseille) et <strong>Scroll Galerie<\/strong> (Nantes), suspendues entre \u00e9quilibre et tension.<\/p>\n<p><img loading=\"lazy\" data-recalc-dims=\"1\" decoding=\"async\" width=\"696\" height=\"963\" data-attachment-id=\"66755\" data-permalink=\"https:\/\/www.enrevenantdelexpo.com\/anna-de-castro-barbosa-qui-trop-embrase-mal-etrait-2025\/\" data-orig-file=\"https:\/\/i0.wp.com\/www.enrevenantdelexpo.com\/wp-content\/uploads\/2025\/08\/Anna-De-Castro-Barbosa-Qui-trop-embrase-mal-etrait-2025.png?fit=902%2C1248&amp;ssl=1\" data-orig-size=\"902,1248\" data-comments-opened=\"1\" data-image-meta=\"{&quot;aperture&quot;:&quot;0&quot;,&quot;credit&quot;:&quot;&quot;,&quot;camera&quot;:&quot;&quot;,&quot;caption&quot;:&quot;&quot;,&quot;created_timestamp&quot;:&quot;0&quot;,&quot;copyright&quot;:&quot;&quot;,&quot;focal_length&quot;:&quot;0&quot;,&quot;iso&quot;:&quot;0&quot;,&quot;shutter_speed&quot;:&quot;0&quot;,&quot;title&quot;:&quot;&quot;,&quot;orientation&quot;:&quot;0&quot;}\" data-image-title=\"Anna De Castro Barbosa \u2013 Qui trop embrase mal \u00e9trait, 2025\" data-image-description=\"\" data-image-caption=\"&lt;p&gt;Anna De Castro Barbosa \u2013 Qui trop embrase mal \u00e9trait, 2025&lt;\/p&gt;&#10;\" data-medium-file=\"https:\/\/i0.wp.com\/www.enrevenantdelexpo.com\/wp-content\/uploads\/2025\/08\/Anna-De-Castro-Barbosa-Qui-trop-embrase-mal-etrait-2025.png?fit=217%2C300&amp;ssl=1\" data-large-file=\"https:\/\/i0.wp.com\/www.enrevenantdelexpo.com\/wp-content\/uploads\/2025\/08\/Anna-De-Castro-Barbosa-Qui-trop-embrase-mal-etrait-2025.png?fit=696%2C963&amp;ssl=1\" src=\"https:\/\/www.europesays.com\/fr\/wp-content\/uploads\/2025\/08\/Anna-De-Castro-Barbosa-Qui-trop-embrase-mal-etrait-2025.png\" alt=\"Anna De Castro Barbosa - Qui trop embrase mal \u00e9trait, 2025\" class=\"wp-image-66755\"  \/><strong>Art-o-rama 2025<\/strong> \u2013 Anna De Castro Barbosa \u2013 Qui trop embrase mal \u00e9trait, 2025<\/p>\n<p>La proposition de <strong>Longtermhandstand<\/strong> (Budapest), construite \u00e0 partir de la correspondance entre <strong>Marcel Duchamp<\/strong> et <strong>Constantin Brancusi<\/strong> et inspir\u00e9e de La Bo\u00eete en valise promet de relire avec audace le dialogue entre ces deux figures de l\u2019art moderne avec les \u0153uvres d\u2019une quinzaine d\u2019artistes.<\/p>\n<p><img loading=\"lazy\" data-recalc-dims=\"1\" decoding=\"async\" width=\"696\" height=\"939\" data-attachment-id=\"66758\" data-permalink=\"https:\/\/www.enrevenantdelexpo.com\/attila-bagi-nude-descending-a-flame-2025\/\" data-orig-file=\"https:\/\/i0.wp.com\/www.enrevenantdelexpo.com\/wp-content\/uploads\/2025\/08\/Attila-Bagi-Nude-descending-a-flame-2025.jpg?fit=1898%2C2560&amp;ssl=1\" data-orig-size=\"1898,2560\" data-comments-opened=\"1\" data-image-meta=\"{&quot;aperture&quot;:&quot;0&quot;,&quot;credit&quot;:&quot;&quot;,&quot;camera&quot;:&quot;&quot;,&quot;caption&quot;:&quot;&quot;,&quot;created_timestamp&quot;:&quot;0&quot;,&quot;copyright&quot;:&quot;&quot;,&quot;focal_length&quot;:&quot;0&quot;,&quot;iso&quot;:&quot;0&quot;,&quot;shutter_speed&quot;:&quot;0&quot;,&quot;title&quot;:&quot;&quot;,&quot;orientation&quot;:&quot;0&quot;}\" data-image-title=\"Attila Bagi, Nude descending a flame, 2025\" data-image-description=\"\" data-image-caption=\"&lt;p&gt;Attila Bagi, Nude descending a flame, 2025&lt;\/p&gt;&#10;\" data-medium-file=\"https:\/\/i0.wp.com\/www.enrevenantdelexpo.com\/wp-content\/uploads\/2025\/08\/Attila-Bagi-Nude-descending-a-flame-2025.jpg?fit=222%2C300&amp;ssl=1\" data-large-file=\"https:\/\/i0.wp.com\/www.enrevenantdelexpo.com\/wp-content\/uploads\/2025\/08\/Attila-Bagi-Nude-descending-a-flame-2025.jpg?fit=696%2C939&amp;ssl=1\" src=\"https:\/\/www.europesays.com\/fr\/wp-content\/uploads\/2025\/08\/Attila-Bagi-Nude-descending-a-flame-2025.jpg\" alt=\"Attila Bagi, Nude descending a flame, 2025\" class=\"wp-image-66758\"  \/><strong>Art-o-rama 2025<\/strong> \u2013 Attila Bagi, Nude descending a flame, 2025<\/p>\n<p>On ne manquera pas de poser un regard attentif au travail de <strong>Dylan Spaysky<\/strong> (Good Weather, Chicago), <strong>Maya In\u00e8s Touam<\/strong> (Les Filles du Calvaire, Paris), ou encore le duo <strong>Amalia Laurent<\/strong> et <strong>Marion Ellena<\/strong> pr\u00e9sent\u00e9 par <strong>sissi club<\/strong> (Marseille). La <strong>Double V Gallery<\/strong> collaborera quant \u00e0 elle avec <strong>Xxijra Hii<\/strong> et <strong>Studio\/Chapple<\/strong> (Londres) dans une proposition tr\u00e8s attendue dans laquelle on retrouvera avec int\u00e9r\u00eat des \u0153uvres r\u00e9centes d\u2019<strong>Elvire Bonduelle<\/strong>. Enfin, chez <strong>Meessen<\/strong> (Bruxelles), le dialogue entre <strong>L\u00e9a Belooussovitch<\/strong> et <strong>Jorge M\u00e9ndez Blake<\/strong> promet une rencontre sensible entre deux pratiques, tandis que <strong>sans titre<\/strong> et <strong>Ilenia<\/strong> (Paris\/Londres) r\u00e9uniront <strong>Romain Sarrot<\/strong> et <strong>Daria Blum<\/strong>.<\/p>\n<p style=\"font-size:11px\"><strong>Art-o-rama 2025<\/strong> \u2013 <strong>Dylan Spaysky<\/strong> \u2013 Pig, 2020 ; <strong>Maya Ine\u0300s Touam<\/strong> \u2013 Paravent, ce que le jour doit \u00e0 la nuit, 2024 ; <strong>Elvire Bonduelle<\/strong>, BOY WITH TOY, 2025 ; <strong>Le\u0301a Belooussovitch<\/strong> \u2013 Burned to ashes (vache), 2023<\/p>\n<p><strong>\u00c9dition et design : Une forte pr\u00e9sence marseillaise<\/strong><\/p>\n<p>Si la section Galeries reste majoritairement internationale, les sections <strong>\u00c9dition<\/strong> et <strong>Design<\/strong> rappelleront l\u2019importance de Marseille comme lieu de cr\u00e9ation.<br \/>Du c\u00f4t\u00e9 des \u00e9diteurs, les visiteurs d\u00e9couvriront <strong>Atelier Vis-\u00e0-Vis<\/strong>, <strong>Salon du Salon<\/strong> ou encore <strong>Tchikebe<\/strong>, tous implant\u00e9s \u00e0 Marseille, aux c\u00f4t\u00e9s de projets venus de Londres (<strong>P\u00e2me<\/strong>), Vienne ou Paris (<strong>Atelier Arcay<\/strong>, <strong>UNBUILT<\/strong>). On attend \u00e9galement avec curiosit\u00e9 la s\u00e9lection d\u2019\u00e9ditions pr\u00e9sent\u00e9e par <strong>Keijiban<\/strong> et celle propos\u00e9e par <strong>Royal Book Lodge<\/strong>.<br \/>Quant au <strong>Design from Marseille<\/strong>, il r\u00e9unira des studios et designers locaux tels que <strong>Atelier Mare<\/strong>, <strong>Moodo\u00efd<\/strong>, <strong>Studio Roule<\/strong><strong>,<\/strong> <strong>Michel Bresson<\/strong>, <strong>Emmanuelle Roule<\/strong>, <strong>Substance<\/strong> ou <strong>Mimo Studio<\/strong>, t\u00e9moignant de la vitalit\u00e9 du design contemporain m\u00e9diterran\u00e9en. On retrouvera avec plaisir le dernier avatar du Moly shop par <strong>Moly-Sabata<\/strong>.<\/p>\n<p><strong>\u00c9mergence et transmission<\/strong><\/p>\n<p>Art-o-rama 2025 continuera de soutenir la jeune cr\u00e9ation gr\u00e2ce aux <strong>Prix R\u00e9gion Sud<\/strong>. L\u2019artiste invit\u00e9\u00b7e sera <strong>Moye\u00b7Cassandra Naigre<\/strong> (Prix R\u00e9gion Sud Art 2024) et la designer invit\u00e9e <strong>Zo\u00e9 Saudrais<\/strong> (Prix R\u00e9gion Sud Design 2024).<\/p>\n<p><img decoding=\"async\" data-attachment-id=\"66766\" data-permalink=\"https:\/\/www.enrevenantdelexpo.com\/moy-%c2%b7-cassandra-naigre-projet-en-cours-broderie-nina-medioni\/\" data-orig-file=\"https:\/\/i0.wp.com\/www.enrevenantdelexpo.com\/wp-content\/uploads\/2025\/08\/Moy-%C2%B7-Cassandra-Naigre-Projet-en-cours-broderie-%C2%A9-Nina-Medioni.jpg?fit=1920%2C2560&amp;ssl=1\" data-orig-size=\"1920,2560\" data-comments-opened=\"1\" data-image-meta=\"{&quot;aperture&quot;:&quot;0&quot;,&quot;credit&quot;:&quot;&quot;,&quot;camera&quot;:&quot;&quot;,&quot;caption&quot;:&quot;&quot;,&quot;created_timestamp&quot;:&quot;0&quot;,&quot;copyright&quot;:&quot;&quot;,&quot;focal_length&quot;:&quot;0&quot;,&quot;iso&quot;:&quot;0&quot;,&quot;shutter_speed&quot;:&quot;0&quot;,&quot;title&quot;:&quot;&quot;,&quot;orientation&quot;:&quot;0&quot;}\" data-image-title=\"Moy \u00b7 Cassandra Naigre \u2013 Projet en cours, broderie \u00a9 Nina M\u00e9dioni\" data-image-description=\"\" data-image-caption=\"&lt;p&gt;Moy \u00b7 Cassandra Naigre \u2013 Projet en cours, broderie \u00a9 Nina M\u00e9dioni&lt;\/p&gt;&#10;\" data-medium-file=\"https:\/\/i0.wp.com\/www.enrevenantdelexpo.com\/wp-content\/uploads\/2025\/08\/Moy-%C2%B7-Cassandra-Naigre-Projet-en-cours-broderie-%C2%A9-Nina-Medioni.jpg?fit=225%2C300&amp;ssl=1\" data-large-file=\"https:\/\/i0.wp.com\/www.enrevenantdelexpo.com\/wp-content\/uploads\/2025\/08\/Moy-%C2%B7-Cassandra-Naigre-Projet-en-cours-broderie-%C2%A9-Nina-Medioni.jpg?fit=696%2C928&amp;ssl=1\" role=\"button\" tabindex=\"0\" aria-label=\"Ouvrir l\u2019image 1 sur 2 en plein \u00e9cran\"  alt=\"Moy \u00b7 Cassandra Naigre - Projet en cours, broderie \u00a9 Nina M\u00e9dioni\" data-height=\"2560\" data-id=\"66766\" data-link=\"https:\/\/www.enrevenantdelexpo.com\/moy-%c2%b7-cassandra-naigre-projet-en-cours-broderie-nina-medioni\/\" data-url=\"https:\/\/www.enrevenantdelexpo.com\/wp-content\/uploads\/2025\/08\/Moy-\u00b7-Cassandra-Naigre-Projet-en-cours-broderie-\u00a9-Nina-Medioni-768x1024.jpg\" data-width=\"1920\" src=\"https:\/\/www.europesays.com\/fr\/wp-content\/uploads\/2025\/08\/Moy-\u00b7-Cassandra-Naigre-Projet-en-cours-broderie-\u00a9-Nina-Medioni-768x1024.jpg\" data-amp-layout=\"responsive\"\/><img decoding=\"async\" data-attachment-id=\"66768\" data-permalink=\"https:\/\/www.enrevenantdelexpo.com\/zoe-saudrais-credit-photo-nassimo-bethomme\/\" data-orig-file=\"https:\/\/i0.wp.com\/www.enrevenantdelexpo.com\/wp-content\/uploads\/2025\/08\/Zoe-Saudrais-Credit-photo-Nassimo-Bethomme.jpg?fit=1692%2C2560&amp;ssl=1\" data-orig-size=\"1692,2560\" data-comments-opened=\"1\" data-image-meta=\"{&quot;aperture&quot;:&quot;0&quot;,&quot;credit&quot;:&quot;&quot;,&quot;camera&quot;:&quot;&quot;,&quot;caption&quot;:&quot;&quot;,&quot;created_timestamp&quot;:&quot;0&quot;,&quot;copyright&quot;:&quot;&quot;,&quot;focal_length&quot;:&quot;0&quot;,&quot;iso&quot;:&quot;0&quot;,&quot;shutter_speed&quot;:&quot;0&quot;,&quot;title&quot;:&quot;&quot;,&quot;orientation&quot;:&quot;0&quot;}\" data-image-title=\"Zo\u00e9 Saudrais \u2013 Cr\u00e9dit photo Nassimo Bethomm\u00e9\" data-image-description=\"\" data-image-caption=\"&lt;p&gt;Zo\u00e9 Saudrais \u2013 Cr\u00e9dit photo Nassimo Bethomm\u00e9&lt;\/p&gt;&#10;\" data-medium-file=\"https:\/\/i0.wp.com\/www.enrevenantdelexpo.com\/wp-content\/uploads\/2025\/08\/Zoe-Saudrais-Credit-photo-Nassimo-Bethomme.jpg?fit=198%2C300&amp;ssl=1\" data-large-file=\"https:\/\/i0.wp.com\/www.enrevenantdelexpo.com\/wp-content\/uploads\/2025\/08\/Zoe-Saudrais-Credit-photo-Nassimo-Bethomme.jpg?fit=677%2C1024&amp;ssl=1\" role=\"button\" tabindex=\"0\" aria-label=\"Ouvrir l\u2019image 2 sur 2 en plein \u00e9cran\"  alt=\"Zo\u00e9 Saudrais - Cr\u00e9dit photo Nassimo Bethomm\u00e9\" data-height=\"2560\" data-id=\"66768\" data-link=\"https:\/\/www.enrevenantdelexpo.com\/zoe-saudrais-credit-photo-nassimo-bethomme\/\" data-url=\"https:\/\/www.enrevenantdelexpo.com\/wp-content\/uploads\/2025\/08\/Zoe-Saudrais-Credit-photo-Nassimo-Bethomme-677x1024.jpg\" data-width=\"1692\" src=\"https:\/\/www.europesays.com\/fr\/wp-content\/uploads\/2025\/08\/Zoe-Saudrais-Credit-photo-Nassimo-Bethomme-677x1024.jpg\" data-amp-layout=\"responsive\"\/><\/p>\n<p style=\"font-size:11px\"><strong>Art-o-rama 2025<\/strong> \u2013 <strong>Moy \u00b7 Cassandra Naigre<\/strong> \u2013 Projet en cours, broderie \u00a9 Nina M\u00e9dioni ; <strong>Zo\u00e9 Saudrais<\/strong> \u2013 Cr\u00e9dit photo Nassimo Bethomm\u00e9<\/p>\n<p>Les Showrooms \u2014 espaces prospectifs confi\u00e9s cette ann\u00e9e \u00e0 <strong>Sa\u00e2dane Afif et Yasmine d\u2019\u00d4<\/strong> pour l\u2019art, et \u00e0 <strong>Camille Lamy<\/strong> pour le design \u2014 rassemblent une s\u00e9lection de jeunes artistes et designers prometteurs, parmi lesquels <strong>Ix Dartayre, Juliette George, R\u00e9mi L\u00e9cussan, L\u00e9on Nullans, Clo\u00e9 Berthon, Fabrice Peyrolles, Edda Rabold<\/strong> et <strong>Atelier Zerma<\/strong>.<\/p>\n<p><img loading=\"lazy\" data-recalc-dims=\"1\" decoding=\"async\" width=\"696\" height=\"464\" data-attachment-id=\"66762\" data-permalink=\"https:\/\/www.enrevenantdelexpo.com\/juliette-george-sympathies-n1-salle-principale-3-bis-f-commissariat-marion-zilio-2024-jclett\/\" data-orig-file=\"https:\/\/i0.wp.com\/www.enrevenantdelexpo.com\/wp-content\/uploads\/2025\/08\/Juliette-George-Sympathies-n%C2%B01.-Salle-principale-3-bis-f-Commissariat-Marion-Zilio-2024.-%C2%A9jcLett.jpg?fit=2268%2C1512&amp;ssl=1\" data-orig-size=\"2268,1512\" data-comments-opened=\"1\" data-image-meta=\"{&quot;aperture&quot;:&quot;0&quot;,&quot;credit&quot;:&quot;&quot;,&quot;camera&quot;:&quot;&quot;,&quot;caption&quot;:&quot;&quot;,&quot;created_timestamp&quot;:&quot;0&quot;,&quot;copyright&quot;:&quot;&quot;,&quot;focal_length&quot;:&quot;0&quot;,&quot;iso&quot;:&quot;0&quot;,&quot;shutter_speed&quot;:&quot;0&quot;,&quot;title&quot;:&quot;&quot;,&quot;orientation&quot;:&quot;0&quot;}\" data-image-title=\"Juliette George \u2013 Sympathies n\u00b01. Salle principale, 3 bis f, Commissariat Marion Zilio, 2024. \u00a9jcLett\" data-image-description=\"\" data-image-caption=\"&lt;p&gt;Juliette George \u2013 Sympathies n\u00b01. Salle principale, 3 bis f, Commissariat Marion Zilio, 2024. \u00a9jcLett&lt;\/p&gt;&#10;\" data-medium-file=\"https:\/\/i0.wp.com\/www.enrevenantdelexpo.com\/wp-content\/uploads\/2025\/08\/Juliette-George-Sympathies-n%C2%B01.-Salle-principale-3-bis-f-Commissariat-Marion-Zilio-2024.-%C2%A9jcLett.jpg?fit=300%2C200&amp;ssl=1\" data-large-file=\"https:\/\/i0.wp.com\/www.enrevenantdelexpo.com\/wp-content\/uploads\/2025\/08\/Juliette-George-Sympathies-n%C2%B01.-Salle-principale-3-bis-f-Commissariat-Marion-Zilio-2024.-%C2%A9jcLett.jpg?fit=696%2C464&amp;ssl=1\" src=\"https:\/\/www.europesays.com\/fr\/wp-content\/uploads\/2025\/08\/Juliette-George-Sympathies-n\u00b01.-Salle-principale-3-bis-f-Commissariat-Marion-Zilio-2024.-\u00a9jcLett.jpg\" alt=\"Juliette George - Sympathies n\u00b01. Salle principale, 3 bis f, Commissariat Marion Zilio, 2024. \u00a9jcLett\" class=\"wp-image-66762\"  \/><strong>Juliette George<\/strong> \u2013 Sympathies n\u00b01. Salle principale, 3 bis f, Commissariat Marion Zilio, 2024. \u00a9jcLett<\/p>\n<p>En m\u00ealant artistes confirm\u00e9s et \u00e9mergents, pratiques locales et propositions internationales, Art-o-rama s\u2019annonce une nouvelle fois un \u00e9v\u00e9nement incontournable qui marque la rentr\u00e9e de l\u2019art contemporain \u00e0 Marseille, un salon fid\u00e8le \u00e0 son histoire et ouvert aux formes artistiques les plus actuelles.<\/p>\n<p>Chroniques \u00e0 suivre apr\u00e8s l\u2019ouverture d\u2019Art-o-rama 2025<\/p>\n<p><strong>En savoir plus\u00a0:<\/strong><br \/>Sur le <a href=\"https:\/\/art-o-rama.fr\/fr\/type\/galerie\/\" target=\"_blank\" rel=\"noreferrer noopener nofollow\">site d\u2019<strong>Art-o-rama 2025<\/strong><\/a><br \/>Suivre l\u2019actualit\u00e9 d\u2019<strong>Art-o-rama 2025<\/strong> sur <strong><a href=\"https:\/\/www.facebook.com\/ART.O.RAMA.marseille\" target=\"_blank\" rel=\"noreferrer noopener nofollow\">Facebook<\/a><\/strong> et <strong><a href=\"https:\/\/www.instagram.com\/artorama_marseille\/\" target=\"_blank\" rel=\"noreferrer noopener nofollow\">Instagram<\/a><\/strong><br \/>Le <strong><a href=\"https:\/\/immateriel.art-o-rama.fr\/\" target=\"_blank\" rel=\"noreferrer noopener nofollow\">Salon immat\u00e9riel<\/a><\/strong>, plateforme d\u00e9di\u00e9e aux \u0153uvres dont on peut faire l\u2019exp\u00e9rience en ligne est accessible depuis plusieurs semaines<\/p>\n<p><strong>Art-o-rama<\/strong> est produit par\u00a0<a href=\"http:\/\/www.fraeme.art\/\" target=\"_blank\" rel=\"noreferrer noopener nofollow\">Fr\u00e6me<\/a>, association r\u00e9sidente de\u00a0<a href=\"http:\/\/www.lafriche.org\/fr\/\" target=\"_blank\" rel=\"noreferrer noopener nofollow\">La Friche la Belle de Mai<\/a>.<\/p>\n<p><strong>Comit\u00e9 artistique pour les Galeries et le Salon immat\u00e9riel :<\/strong><br \/><strong>Fr\u00e9d\u00e9ric de Goldschmidt<\/strong>, collectionneur, Bruxelles<br \/><strong>C\u00e9dric Fauq<\/strong>, commissaire d\u2019exposition, Bordeaux<br \/><strong>Marie Madec<\/strong>, galeriste, sans titre, Paris<br \/><strong>Haynes Riley<\/strong>, galeriste, Good Weather, Chicago \/ Little Rock \/ North Little Rock<br \/><strong>Joana Roda<\/strong>, galeriste, Bombon Projects, Barcelone<br \/><strong>Sophie Tappeiner<\/strong>, galeriste, galerie Sophie Tappeiner, Vienne<\/p>\n<p><strong>Comit\u00e9 artistique pour la section \u00c9dition &amp; Design<\/strong> : <br \/><strong>Nathalie Dewez<\/strong>, designer, Marseille<br \/><strong>Gilles Drouault<\/strong>, directeur de Gilles Drouault galerie\/multiples, Paris<br \/><strong>Nathalie Guiot<\/strong>, President and founder of the Fondation Thalie, curator, Brussels\/Arles<br \/><strong>Olivier Ludwig-Legardez<\/strong>, directeur de Tchikebe, Marseille<\/p>\n<p><script async src=\"\/\/www.instagram.com\/embed.js\"><\/script><\/p>\n","protected":false},"excerpt":{"rendered":"\u00c0 la fin de l\u2019\u00e9t\u00e9, Marseille sera \u00e0 nouveau le point de convergence de la sc\u00e8ne artistique internationale.&hellip;\n","protected":false},"author":2,"featured_media":343834,"comment_status":"","ping_status":"","sticky":false,"template":"","format":"standard","meta":{"footnotes":""},"categories":[2814],"tags":[1111,11,1777,674,1011,27,884,12,882,25],"class_list":{"0":"post-343833","1":"post","2":"type-post","3":"status-publish","4":"format-standard","5":"has-post-thumbnail","7":"category-marseille","8":"tag-actu","9":"tag-actualites","10":"tag-eu","11":"tag-europe","12":"tag-fr","13":"tag-france","14":"tag-marseille","15":"tag-news","16":"tag-provence-alpes-cote-dazur","17":"tag-republique-francaise"},"share_on_mastodon":{"url":"https:\/\/pubeurope.com\/@fr\/115091807206030768","error":""},"_links":{"self":[{"href":"https:\/\/www.europesays.com\/fr\/wp-json\/wp\/v2\/posts\/343833","targetHints":{"allow":["GET"]}}],"collection":[{"href":"https:\/\/www.europesays.com\/fr\/wp-json\/wp\/v2\/posts"}],"about":[{"href":"https:\/\/www.europesays.com\/fr\/wp-json\/wp\/v2\/types\/post"}],"author":[{"embeddable":true,"href":"https:\/\/www.europesays.com\/fr\/wp-json\/wp\/v2\/users\/2"}],"replies":[{"embeddable":true,"href":"https:\/\/www.europesays.com\/fr\/wp-json\/wp\/v2\/comments?post=343833"}],"version-history":[{"count":0,"href":"https:\/\/www.europesays.com\/fr\/wp-json\/wp\/v2\/posts\/343833\/revisions"}],"wp:featuredmedia":[{"embeddable":true,"href":"https:\/\/www.europesays.com\/fr\/wp-json\/wp\/v2\/media\/343834"}],"wp:attachment":[{"href":"https:\/\/www.europesays.com\/fr\/wp-json\/wp\/v2\/media?parent=343833"}],"wp:term":[{"taxonomy":"category","embeddable":true,"href":"https:\/\/www.europesays.com\/fr\/wp-json\/wp\/v2\/categories?post=343833"},{"taxonomy":"post_tag","embeddable":true,"href":"https:\/\/www.europesays.com\/fr\/wp-json\/wp\/v2\/tags?post=343833"}],"curies":[{"name":"wp","href":"https:\/\/api.w.org\/{rel}","templated":true}]}}