{"id":343835,"date":"2025-08-25T22:39:11","date_gmt":"2025-08-25T22:39:11","guid":{"rendered":"https:\/\/www.europesays.com\/fr\/343835\/"},"modified":"2025-08-25T22:39:11","modified_gmt":"2025-08-25T22:39:11","slug":"a-marseille-le-delta-festival-mele-grands-noms-de-lelectro-et-engagement-societal","status":"publish","type":"post","link":"https:\/\/www.europesays.com\/fr\/343835\/","title":{"rendered":"\u00c0 Marseille, le Delta Festival m\u00eale grands noms de l\u2019\u00e9lectro et engagement soci\u00e9tal"},"content":{"rendered":"\n<p>Le plus grand festival de musique \u00e9lectronique de France revient \u00e0 Marseille sur les plages du Prado \u00e0 compter de mercredi et ce jusqu\u2019\u00e0 dimanche. Avec le Delta Festival, ce sont pr\u00e8s de 150\u00a0000\u00a0participants qui vont se croiser pendant ces cinq jours. L\u2019affiche est tr\u00e8s riche avec plus de 250\u00a0artistes \u00e0 rayonnement international attendus. Ils se produiront sur cinq sc\u00e8nes diff\u00e9rentes\u00a0: la retro house, la sc\u00e8ne d\u00e9couverte ou encore la 360\u00a0degr\u00e9s de laquelle on peut profiter d\u2019une vue sur la mer et le festival.<\/p>\n<p>Bob Sinclar, v\u00e9ritable roi de la sc\u00e8ne house, va se produire, d\u00e8s le premier soir, en collaboration avec sa fille, Paloma Le Friant. Leur duo est d\u00e9tonnant comme celui des DJ d\u2019Ofenbach, le groupe fran\u00e7ais actuel qui s\u2019exporte le plus. Petite nouveaut\u00e9 pour les plus nostalgiques\u00a0: \u00ab\u00a0la sc\u00e8ne secr\u00e8te 2000\u2019s\u00a0\u00bb. Elle se cache sur le domaine du festival. Il faut donc la retrouver pour pouvoir se d\u00e9lecter \u00e0 l\u2019\u00e9coute d\u2019un DJ qui revisite chaque soir les classiques des ann\u00e9es 2000.<\/p>\n<p>Plus que la musique<\/p>\n<p>Le Delta Festival ne se cantonne pas uniquement \u00e0 la musique. Ses organisateurs entendent y relayer les questionnements de notre soci\u00e9t\u00e9 aupr\u00e8s des jeunes. En marge de la programmation musicale, se tiendra un forum avec des d\u00e9bats mettant en sc\u00e8ne le monde associatif aux c\u00f4t\u00e9s de personnalit\u00e9s publiques tel le d\u00e9put\u00e9 europ\u00e9en Rapha\u00ebl Glucksmann. Sont pr\u00e9sents \u00e9galement 10\u00a0villages touchant \u00e0 des th\u00e9matiques vari\u00e9es\u00a0: l\u2019environnement (sensibilisation \u00e0 la lutte contre les d\u00e9chets sauvages&#8230;), la sant\u00e9 (\u00e9changes autour de la sant\u00e9 mentale, distribution de pr\u00e9servatifs et d\u2019\u00e9thylotest), les arts (expositions d\u2019artistes), les opportunit\u00e9s (pr\u00e9sence de 25 entreprises qui recrutent) ou le vivre ensemble (acteurs de la solidarit\u00e9 avec les Restos du C\u0153ur&#8230;). De quoi faire.<\/p>\n","protected":false},"excerpt":{"rendered":"Le plus grand festival de musique \u00e9lectronique de France revient \u00e0 Marseille sur les plages du Prado \u00e0&hellip;\n","protected":false},"author":2,"featured_media":343836,"comment_status":"","ping_status":"","sticky":false,"template":"","format":"standard","meta":{"footnotes":""},"categories":[2814],"tags":[1111,11,36390,1777,674,1011,27,884,12,882,25],"class_list":{"0":"post-343835","1":"post","2":"type-post","3":"status-publish","4":"format-standard","5":"has-post-thumbnail","7":"category-marseille","8":"tag-actu","9":"tag-actualites","10":"tag-claire-mangeard","11":"tag-eu","12":"tag-europe","13":"tag-fr","14":"tag-france","15":"tag-marseille","16":"tag-news","17":"tag-provence-alpes-cote-dazur","18":"tag-republique-francaise"},"share_on_mastodon":{"url":"","error":""},"_links":{"self":[{"href":"https:\/\/www.europesays.com\/fr\/wp-json\/wp\/v2\/posts\/343835","targetHints":{"allow":["GET"]}}],"collection":[{"href":"https:\/\/www.europesays.com\/fr\/wp-json\/wp\/v2\/posts"}],"about":[{"href":"https:\/\/www.europesays.com\/fr\/wp-json\/wp\/v2\/types\/post"}],"author":[{"embeddable":true,"href":"https:\/\/www.europesays.com\/fr\/wp-json\/wp\/v2\/users\/2"}],"replies":[{"embeddable":true,"href":"https:\/\/www.europesays.com\/fr\/wp-json\/wp\/v2\/comments?post=343835"}],"version-history":[{"count":0,"href":"https:\/\/www.europesays.com\/fr\/wp-json\/wp\/v2\/posts\/343835\/revisions"}],"wp:featuredmedia":[{"embeddable":true,"href":"https:\/\/www.europesays.com\/fr\/wp-json\/wp\/v2\/media\/343836"}],"wp:attachment":[{"href":"https:\/\/www.europesays.com\/fr\/wp-json\/wp\/v2\/media?parent=343835"}],"wp:term":[{"taxonomy":"category","embeddable":true,"href":"https:\/\/www.europesays.com\/fr\/wp-json\/wp\/v2\/categories?post=343835"},{"taxonomy":"post_tag","embeddable":true,"href":"https:\/\/www.europesays.com\/fr\/wp-json\/wp\/v2\/tags?post=343835"}],"curies":[{"name":"wp","href":"https:\/\/api.w.org\/{rel}","templated":true}]}}