{"id":343837,"date":"2025-08-25T22:40:12","date_gmt":"2025-08-25T22:40:12","guid":{"rendered":"https:\/\/www.europesays.com\/fr\/343837\/"},"modified":"2025-08-25T22:40:12","modified_gmt":"2025-08-25T22:40:12","slug":"la-ligne-ter-lyon-givors-st-etienne-perturbee-par-un-conflit-social-le-president-de-la-region-tape-du-poing-sur-la-table","status":"publish","type":"post","link":"https:\/\/www.europesays.com\/fr\/343837\/","title":{"rendered":"La ligne TER Lyon\/Givors\/St-Etienne perturb\u00e9e par un conflit social : le pr\u00e9sident de la R\u00e9gion tape du poing sur la table\u2028"},"content":{"rendered":"<p><strong>On le sait que la ligne TER cadenc\u00e9e Lyon\/Givors\/Saint-Etienne est l\u2019une des plus fr\u00e9quent\u00e9es de la r\u00e9gion avec 20 000 passagers\/jour.<\/strong><\/p>\n<p>Or, depuis la mi-juillet, un mouvement social local des aiguilleurs de l\u2019\u00e9toile st\u00e9phanoise chez SNCF R\u00e9seau perturbe la circulation sur cette ligne tr\u00e8s emprunt\u00e9e.<\/p>\n<p>\u00ab\u00a0 Ce mouvement local a pour cons\u00e9quence une diminution du nombre de trains mis en place habituellement par la R\u00e9gion, autorit\u00e9 organisatrice des transports collectifs en Auvergne-Rh\u00f4ne-Alpes\u00a0\u00bb, constate am\u00e8rement le Conseil r\u00e9gional.<\/p>\n<p>Ce qui am\u00e8ne le pr\u00e9sident de la R\u00e9gion, Fabrice Pannekoucke \u00e0 frapper du poing sur la table \u00e0 quelques jours du 1er septembre date de la v\u00e9ritable rentr\u00e9e.<\/p>\n<p>Il demande \u00ab\u00a0 \u00e0 la direction de SNCF R\u00e9seau de r\u00e9soudre ce conflit social, afin que la R\u00e9gion puisse faire rouler ses trains correctement et ne pas p\u00e9naliser les usagers \u00e0 l\u2019approche du 1er septembre\u00a0\u00bb.<\/p>\n<p>Et d\u2019enfoncer le clou : \u00ab\u00a0cette situation n\u2019a que trop dur\u00e9. Elle n\u2019est pas admissible pour les habitants du territoire qui utilisent les transports au quotidien\u00a0\u00bb<\/p>\n<p>Il est vrai que cette gr\u00e8ve impacte aussi d\u2019autres lignes comme la desserte de Firminy et celle de Roanne.<\/p>\n<p>Cette admonestation r\u00e9gionale sera-t-elle suivie d\u2019effets ? A voir\u2026<\/p>\n","protected":false},"excerpt":{"rendered":"On le sait que la ligne TER cadenc\u00e9e Lyon\/Givors\/Saint-Etienne est l\u2019une des plus fr\u00e9quent\u00e9es de la r\u00e9gion avec&hellip;\n","protected":false},"author":2,"featured_media":343838,"comment_status":"","ping_status":"","sticky":false,"template":"","format":"standard","meta":{"footnotes":""},"categories":[1889],"tags":[1111,11,2430,1777,674,1011,27,2428,12,25],"class_list":{"0":"post-343837","1":"post","2":"type-post","3":"status-publish","4":"format-standard","5":"has-post-thumbnail","7":"category-lyon","8":"tag-actu","9":"tag-actualites","10":"tag-auvergne-rhone-alpes","11":"tag-eu","12":"tag-europe","13":"tag-fr","14":"tag-france","15":"tag-lyon","16":"tag-news","17":"tag-republique-francaise"},"share_on_mastodon":{"url":"https:\/\/pubeurope.com\/@fr\/115091814809338581","error":""},"_links":{"self":[{"href":"https:\/\/www.europesays.com\/fr\/wp-json\/wp\/v2\/posts\/343837","targetHints":{"allow":["GET"]}}],"collection":[{"href":"https:\/\/www.europesays.com\/fr\/wp-json\/wp\/v2\/posts"}],"about":[{"href":"https:\/\/www.europesays.com\/fr\/wp-json\/wp\/v2\/types\/post"}],"author":[{"embeddable":true,"href":"https:\/\/www.europesays.com\/fr\/wp-json\/wp\/v2\/users\/2"}],"replies":[{"embeddable":true,"href":"https:\/\/www.europesays.com\/fr\/wp-json\/wp\/v2\/comments?post=343837"}],"version-history":[{"count":0,"href":"https:\/\/www.europesays.com\/fr\/wp-json\/wp\/v2\/posts\/343837\/revisions"}],"wp:featuredmedia":[{"embeddable":true,"href":"https:\/\/www.europesays.com\/fr\/wp-json\/wp\/v2\/media\/343838"}],"wp:attachment":[{"href":"https:\/\/www.europesays.com\/fr\/wp-json\/wp\/v2\/media?parent=343837"}],"wp:term":[{"taxonomy":"category","embeddable":true,"href":"https:\/\/www.europesays.com\/fr\/wp-json\/wp\/v2\/categories?post=343837"},{"taxonomy":"post_tag","embeddable":true,"href":"https:\/\/www.europesays.com\/fr\/wp-json\/wp\/v2\/tags?post=343837"}],"curies":[{"name":"wp","href":"https:\/\/api.w.org\/{rel}","templated":true}]}}