{"id":343839,"date":"2025-08-25T22:41:14","date_gmt":"2025-08-25T22:41:14","guid":{"rendered":"https:\/\/www.europesays.com\/fr\/343839\/"},"modified":"2025-08-25T22:41:14","modified_gmt":"2025-08-25T22:41:14","slug":"pourquoi-le-metro-b-sera-arrete-mardi-et-mercredi-a-lyon","status":"publish","type":"post","link":"https:\/\/www.europesays.com\/fr\/343839\/","title":{"rendered":"Pourquoi le m\u00e9tro B sera arr\u00eat\u00e9 mardi et mercredi \u00e0 Lyon"},"content":{"rendered":"<p><img loading=\"lazy\" decoding=\"async\" alt=\"\u00a9 Flora Chaduc - Les Lyonnais feront sans m\u00e9tro B durant deux jours.\" data-zoom-src=\"https:\/\/www.europesays.com\/fr\/wp-content\/uploads\/2025\/08\/initial-metro-b-arrete-26-et-27-aout-2025.jpg\" data-zoomable=\"\" height=\"702\" src=\"https:\/\/www.europesays.com\/fr\/wp-content\/uploads\/2025\/08\/initial-metro-b-arrete-26-et-27-aout-2025.jpg\" width=\"1248\"\/>  <\/p>\n<p class=\"article-desc\">\u00a9 Flora Chaduc &#8211; Les Lyonnais feront sans m\u00e9tro B durant deux jours. <\/p>\n<p>\u00c7a n&rsquo;est pas encore la rentr\u00e9e pour le <strong>m\u00e9tro B<\/strong>. La ligne, qui relie <strong>Charpennes \u00e0 Saint-Genis-Laval<\/strong>, sera interrompue durant une journ\u00e9e et demie cette semaine. Selon le site de <strong>TCL<\/strong>, il s&rsquo;agit pour les \u00e9quipes de Sytral mobilit\u00e9s de r\u00e9aliser des <strong>tests d&rsquo;augmentation de la capacit\u00e9<\/strong> de la ligne et du confort des voyageurs.\u00a0 <\/p>\n<p>Pas de m\u00e9tro B de mardi matin \u00e0 mercredi midi <\/p>\n<p>Concr\u00e8tement, <strong>le m\u00e9tro sera interrompu du mardi 26 ao\u00fbt \u00e0 4h49<\/strong>, soit avant le d\u00e9but du service habituel, <strong>jusqu&rsquo;au mercredi 27 ao\u00fbt midi<\/strong>. La reprise de la circulation des rames est pr\u00e9vue \u00e0 12h de Saint-Genis-Laval vers Charpennes et 12h07 dans le sens inverse.\u00a0 <\/p>\n<blockquote class=\"twitter-tweet\" data-uniformized=\"true\">\n<p dir=\"ltr\" lang=\"fr\">\ud83d\udea7[TRAVAUX] M\u00e9tro B<br \/>\ud83d\udcc5Du mardi 26 au mercredi 27 ao\u00fbt jusqu&rsquo;\u00e0 12h, la circulation de la ligne B sera interrompue pour des essais visant \u00e0 am\u00e9liorer capacit\u00e9 et confort des voyageurs.<br \/>\ud83d\ude8cBus relais disponibles pour assurer vos trajets<br \/>\ud83d\udc49Infos : <a href=\"https:\/\/t.co\/8YAvVXlgVw\">https:\/\/t.co\/8YAvVXlgVw<\/a><br \/>\ud83d\udcf8\u00c9ric Soudan <a href=\"https:\/\/t.co\/f19kbqHh0l\">pic.twitter.com\/f19kbqHh0l<\/a><\/p>\n<p> \u2014 TCL (@TCL_SYTRAL) <a href=\"https:\/\/twitter.com\/TCL_SYTRAL\/status\/1958875179968287193?ref_src=twsrc%5Etfw\" target=\"_blank\" rel=\"noopener\">August 22, 2025<\/a><\/p><\/blockquote>\n<p>\u00a0 <\/p>\n<p>Des <strong>bus relais<\/strong> effectueront le trajet entre les stations de Gare Part-Dieu Vivier Merle et Saint-Genis-Laval, toutes les 8 \u00e0 15 minutes. Attention, ils ne desservent pas Charpennes et Brotteaux ni le stade de Gerland et la gare d&rsquo;Oullins : <\/p>\n<ul>\n<li>premier d\u00e9part de Gare Part-Dieu vers Saint-Genis-Laval : 4h52 ; dernier d\u00e9part : 00h23. <\/li>\n<li>premier d\u00e9part de Saint-Genis-Laval vers Gare Part-Dieu : 04h49 ; dernier d\u00e9part : 00h04. <\/li>\n<li>mercredi, le service des bus relais sera interrompu apr\u00e8s le dernier d\u00e9part \u00e0 11h38 dans les deux sens.<\/li>\n<\/ul>\n<p>Les usagers peuvent se renseigner sur les alternatives de transport <a href=\"https:\/\/www.tcl.fr\/perturbations-des-lignes-de-metro\/tests-metro-B\" rel=\"noopener\" target=\"_blank\">sur le site des TCL<\/a>.<\/p>\n<p><script async src=\"https:\/\/platform.twitter.com\/widgets.js\" charset=\"utf-8\"><\/script><\/p>\n","protected":false},"excerpt":{"rendered":"\u00a9 Flora Chaduc &#8211; Les Lyonnais feront sans m\u00e9tro B durant deux jours. \u00c7a n&rsquo;est pas encore la&hellip;\n","protected":false},"author":2,"featured_media":343840,"comment_status":"","ping_status":"","sticky":false,"template":"","format":"standard","meta":{"footnotes":""},"categories":[1889],"tags":[1111,11,2430,1777,674,1011,27,2428,47973,12,25,32563,10213],"class_list":{"0":"post-343839","1":"post","2":"type-post","3":"status-publish","4":"format-standard","5":"has-post-thumbnail","7":"category-lyon","8":"tag-actu","9":"tag-actualites","10":"tag-auvergne-rhone-alpes","11":"tag-eu","12":"tag-europe","13":"tag-fr","14":"tag-france","15":"tag-lyon","16":"tag-mu00e9tro-b","17":"tag-news","18":"tag-republique-francaise","19":"tag-sytral-mobilitu00e9s","20":"tag-tcl"},"share_on_mastodon":{"url":"https:\/\/pubeurope.com\/@fr\/115091819077639045","error":""},"_links":{"self":[{"href":"https:\/\/www.europesays.com\/fr\/wp-json\/wp\/v2\/posts\/343839","targetHints":{"allow":["GET"]}}],"collection":[{"href":"https:\/\/www.europesays.com\/fr\/wp-json\/wp\/v2\/posts"}],"about":[{"href":"https:\/\/www.europesays.com\/fr\/wp-json\/wp\/v2\/types\/post"}],"author":[{"embeddable":true,"href":"https:\/\/www.europesays.com\/fr\/wp-json\/wp\/v2\/users\/2"}],"replies":[{"embeddable":true,"href":"https:\/\/www.europesays.com\/fr\/wp-json\/wp\/v2\/comments?post=343839"}],"version-history":[{"count":0,"href":"https:\/\/www.europesays.com\/fr\/wp-json\/wp\/v2\/posts\/343839\/revisions"}],"wp:featuredmedia":[{"embeddable":true,"href":"https:\/\/www.europesays.com\/fr\/wp-json\/wp\/v2\/media\/343840"}],"wp:attachment":[{"href":"https:\/\/www.europesays.com\/fr\/wp-json\/wp\/v2\/media?parent=343839"}],"wp:term":[{"taxonomy":"category","embeddable":true,"href":"https:\/\/www.europesays.com\/fr\/wp-json\/wp\/v2\/categories?post=343839"},{"taxonomy":"post_tag","embeddable":true,"href":"https:\/\/www.europesays.com\/fr\/wp-json\/wp\/v2\/tags?post=343839"}],"curies":[{"name":"wp","href":"https:\/\/api.w.org\/{rel}","templated":true}]}}